{"id":22032,"date":"2023-12-04T17:03:51","date_gmt":"2023-12-04T23:03:51","guid":{"rendered":"https:\/\/contextoanalisisperiodistico.com\/index.php\/2023\/12\/04\/firman-ogaipo-y-asfe-convenio-de-colaboracion-a-favor-de-la-transparencia\/"},"modified":"2023-12-04T17:03:51","modified_gmt":"2023-12-04T23:03:51","slug":"firman-ogaipo-y-asfe-convenio-de-colaboracion-a-favor-de-la-transparencia","status":"publish","type":"post","link":"https:\/\/contextoanalisisperiodistico.com\/index.php\/2023\/12\/04\/firman-ogaipo-y-asfe-convenio-de-colaboracion-a-favor-de-la-transparencia\/","title":{"rendered":"Firman OGAIPO y ASFE\u00a0convenio de colaboraci\u00f3n a favor de la transparencia"},"content":{"rendered":"<div id=\"fb-root\"><\/div>\n\n<p><strong>\u00a0Oaxaca de Ju\u00e1rez, Oax., a 04 de diciembre de 2023<\/strong>.-\u00a0El pasado viernes, el Comisionado Presidente del \u00d3rgano Garante de Acceso a la Informaci\u00f3n P\u00fablica, Transparencia, Protecci\u00f3n de Datos Personales y Buen Gobierno del Estado de Oaxaca (OGAIPO), Josu\u00e9 Solana Salmor\u00e1n y la Titular de la Auditor\u00eda Superior de Fiscalizaci\u00f3n del Estado de Oaxaca (ASFE),\u00a0<a href=\"\">Sarah\u00ed Noriega Ric\u00e1rdez<\/a>, firmaron Convenio para garantizar el acceso a la informaci\u00f3n, la protecci\u00f3n de datos personales y archivos de manera oportuna para la ciudadan\u00eda.<\/p>\n\n\n\n<p>&nbsp;<\/p>\n\n\n\n<p>El acto protocolario se realiz\u00f3 en instalaciones del ASFE, en su bienvenida, la Titular del ASFE, Sarah\u00ed Noriega Ric\u00e1rdez concret\u00f3 que es evidente que el acceso a la informaci\u00f3n y la transparencia ha tomado una gran importancia en la sociedad contempor\u00e1nea y adem\u00e1s, es un asunto de importancia creciente por tratarse de herramientas id\u00f3neas para la rendici\u00f3n de cuentas ante la ciudadan\u00eda.<\/p>\n\n\n\n<p>&nbsp;<\/p>\n\n\n\n<p>Agreg\u00f3 que en este contexto el OGAIPO y la Auditor\u00eda Superior decidieron sumar esfuerzos para planear y ejecutar actividades y estrategias dirigidas a la promoci\u00f3n de la cultura de transparencia, acceso a la informaci\u00f3n p\u00fablica y rendici\u00f3n de cuentas. Concret\u00f3 que no se puede hablar de rendici\u00f3n de cuentas sin que \u00e9sta sea transparente y abierta a la ciudadan\u00eda. Finalmente dijo que, como Titular de la Auditor\u00eda Superior asumi\u00f3 el compromiso de fortalecer la transparencia en su instituci\u00f3n, es por ello que se congratula con la firma del Convenio.<\/p>\n\n\n\n<p>&nbsp;<\/p>\n\n\n\n<p>Al uso de la voz, el Comisionado Presidente del \u00d3rgano Garante, Josu\u00e9 Solana Salmor\u00e1n explic\u00f3 con la Firma de Convenio se va a materializar lo que ya se ha venido trabajando por parte del OGAIPO y la ASFE, ya que ambas instituciones se han venido coordinando.<\/p>\n\n\n\n<p>&nbsp;<\/p>\n\n\n\n<p>Agreg\u00f3 que algo caracter\u00edstico de este tipo de instituciones era que se viv\u00eda en la opacidad, sin embargo, esta nueva cara que se le est\u00e1 dando al Sistema Estatal de Combate a la Corrupci\u00f3n permite que las conozca cada vez m\u00e1s la ciudadan\u00eda y por ello es necesario el trabajo institucional coordinado.<\/p>\n\n\n\n<p>&nbsp;<\/p>\n\n\n\n<p>Agradeci\u00f3 el trabajo interinstitucional para la convocatoria que la ASFE&nbsp;ha realizado, se ha podido llegar a m\u00e1s municipios y se tienen una serie de actividades planeadas para el pr\u00f3ximo a\u00f1o con el prop\u00f3sito de fortalecer los trabajos que realizan ambas instituciones. Puntualiz\u00f3 que con el Convenio se legaliza la coordinaci\u00f3n que ya han tenido.<\/p>\n\n\n\n<p>&nbsp;<\/p>\n\n\n\n<p>Por parte del OGAIPO asistieron las Comisionadas Mar\u00eda Tanivet Ramos Reyes, X\u00f3chitl Elizabeth M\u00e9ndez S\u00e1nchez, Claudia Ivette Soto Pineda, H\u00e9ctor Eduardo Ru\u00edz Serrano; Secretario General de Acuerdos y Blanca Imelda Mart\u00ednez Rodr\u00edguez, Directora de Asuntos Jur\u00eddicos.<\/p>\n\n\n\n<p>&nbsp;<\/p>\n\n\n\n<p>Tambi\u00e9n estuvieron presentes el Auditor Especial de la Fiscalizaci\u00f3n Estatal, Manlio Fabio Farrera D\u00e1vila; Auditor Especial de Investigaci\u00f3n Administrativa, Leopoldo Andr\u00e9s Barrera S\u00e1nchez; Auditor Especial de Fiscalizaci\u00f3n Municipal, Edgar Rogelio Estrada Ru\u00edz; Secretar\u00eda T\u00e9cnica, Roxana Alberta Velasco y el Titular de la Unidad de Asuntos Jur\u00eddicos, Pablo Rojas P\u00e9rez, personal del ASFE.<\/p>\n\n\n\n<p>Con esta firma, las partes llevar\u00e1n a cabo, acciones, actividades y estrategias, tales como organizar cursos, talleres, seminarios o cualquier otra modalidad de ense\u00f1anza y eventos acad\u00e9micos, dirigidos al personal de la ASFE; intercambiar experiencias para la adecuada clasificaci\u00f3n de documentos, medios de acceso a la informaci\u00f3n p\u00fablica, la debida salvaguarda de datos personales y el ejercicio de los derechos de acceso, rectificaci\u00f3n, cancelaci\u00f3n, oposici\u00f3n y portabilidad. Adem\u00e1s, el OGAIPO contribuir\u00e1 brindando capacitaci\u00f3n a las y los servidores p\u00fablicos de la ASFE, sobre los temas antes mencionados.<\/p>\n\n\n\n<p>&nbsp;<\/p>\n\n\n\n<p>Al final, el Titular del \u00d3rgano de Transparencia entreg\u00f3 una constancia a la Auditor\u00eda Superior del Estado por haber obtenido del 100% de cumplimiento derivado del Programa Anual de Verificaci\u00f3n al Cumplimiento de las Obligaciones de Transparencia 2023, como parte del Programa Anual de Verificaci\u00f3n del OGAIPO.&nbsp;<\/p>\n","protected":false},"excerpt":{"rendered":"<p>\u00a0Oaxaca de Ju\u00e1rez, Oax., a 04 de diciembre de 2023.-\u00a0El pasado viernes, el Comisionado Presidente&#8230;<\/p>\n","protected":false},"author":4,"featured_media":22031,"comment_status":"","ping_status":"open","sticky":false,"template":"","format":"standard","meta":{"footnotes":""},"categories":[9],"tags":[],"jetpack_sharing_enabled":true,"featured_image_urls":{"full":["https:\/\/contextoanalisisperiodistico.com\/wp-content\/uploads\/2023\/12\/IMG_9978-scaled.jpg",2560,1707,false],"thumbnail":["https:\/\/contextoanalisisperiodistico.com\/wp-content\/uploads\/2023\/12\/IMG_9978-150x150.jpg",150,150,true],"medium":["https:\/\/contextoanalisisperiodistico.com\/wp-content\/uploads\/2023\/12\/IMG_9978-300x200.jpg",300,200,true],"medium_large":["https:\/\/contextoanalisisperiodistico.com\/wp-content\/uploads\/2023\/12\/IMG_9978-768x512.jpg",640,427,true],"large":["https:\/\/contextoanalisisperiodistico.com\/wp-content\/uploads\/2023\/12\/IMG_9978-1024x683.jpg",640,427,true],"1536x1536":["https:\/\/contextoanalisisperiodistico.com\/wp-content\/uploads\/2023\/12\/IMG_9978-1536x1024.jpg",1536,1024,true],"2048x2048":["https:\/\/contextoanalisisperiodistico.com\/wp-content\/uploads\/2023\/12\/IMG_9978-2048x1365.jpg",2048,1365,true],"covernews-slider-full":["https:\/\/contextoanalisisperiodistico.com\/wp-content\/uploads\/2023\/12\/IMG_9978-1115x715.jpg",1115,715,true],"covernews-slider-center":["https:\/\/contextoanalisisperiodistico.com\/wp-content\/uploads\/2023\/12\/IMG_9978-800x500.jpg",800,500,true],"covernews-featured":["https:\/\/contextoanalisisperiodistico.com\/wp-content\/uploads\/2023\/12\/IMG_9978-1024x683.jpg",1024,683,true],"covernews-medium":["https:\/\/contextoanalisisperiodistico.com\/wp-content\/uploads\/2023\/12\/IMG_9978-540x340.jpg",540,340,true],"covernews-medium-square":["https:\/\/contextoanalisisperiodistico.com\/wp-content\/uploads\/2023\/12\/IMG_9978-400x250.jpg",400,250,true]},"author_info":{"display_name":"Mario Gir\u00f3n","author_link":"https:\/\/contextoanalisisperiodistico.com\/index.php\/author\/director\/"},"category_info":"<a href=\"https:\/\/contextoanalisisperiodistico.com\/index.php\/category\/politica\/\" rel=\"category tag\">Pol\u00edtica<\/a>","tag_info":"Pol\u00edtica","comment_count":"0","jetpack_featured_media_url":"https:\/\/contextoanalisisperiodistico.com\/wp-content\/uploads\/2023\/12\/IMG_9978-scaled.jpg","_links":{"self":[{"href":"https:\/\/contextoanalisisperiodistico.com\/index.php\/wp-json\/wp\/v2\/posts\/22032"}],"collection":[{"href":"https:\/\/contextoanalisisperiodistico.com\/index.php\/wp-json\/wp\/v2\/posts"}],"about":[{"href":"https:\/\/contextoanalisisperiodistico.com\/index.php\/wp-json\/wp\/v2\/types\/post"}],"author":[{"embeddable":true,"href":"https:\/\/contextoanalisisperiodistico.com\/index.php\/wp-json\/wp\/v2\/users\/4"}],"replies":[{"embeddable":true,"href":"https:\/\/contextoanalisisperiodistico.com\/index.php\/wp-json\/wp\/v2\/comments?post=22032"}],"version-history":[{"count":0,"href":"https:\/\/contextoanalisisperiodistico.com\/index.php\/wp-json\/wp\/v2\/posts\/22032\/revisions"}],"wp:featuredmedia":[{"embeddable":true,"href":"https:\/\/contextoanalisisperiodistico.com\/index.php\/wp-json\/wp\/v2\/media\/22031"}],"wp:attachment":[{"href":"https:\/\/contextoanalisisperiodistico.com\/index.php\/wp-json\/wp\/v2\/media?parent=22032"}],"wp:term":[{"taxonomy":"category","embeddable":true,"href":"https:\/\/contextoanalisisperiodistico.com\/index.php\/wp-json\/wp\/v2\/categories?post=22032"},{"taxonomy":"post_tag","embeddable":true,"href":"https:\/\/contextoanalisisperiodistico.com\/index.php\/wp-json\/wp\/v2\/tags?post=22032"}],"curies":[{"name":"wp","href":"https:\/\/api.w.org\/{rel}","templated":true}]}}