{"id":22028,"date":"2023-12-04T13:14:27","date_gmt":"2023-12-04T19:14:27","guid":{"rendered":"https:\/\/contextoanalisisperiodistico.com\/index.php\/2023\/12\/04\/sin-precedentes-politica-de-comunicacion-social-del-gobierno-de-oaxaca\/"},"modified":"2023-12-04T13:14:27","modified_gmt":"2023-12-04T19:14:27","slug":"sin-precedentes-politica-de-comunicacion-social-del-gobierno-de-oaxaca","status":"publish","type":"post","link":"https:\/\/contextoanalisisperiodistico.com\/index.php\/2023\/12\/04\/sin-precedentes-politica-de-comunicacion-social-del-gobierno-de-oaxaca\/","title":{"rendered":"Sin precedentes pol\u00edtica de comunicaci\u00f3n social del Gobierno de Oaxaca"},"content":{"rendered":"<div id=\"fb-root\"><\/div>\n\n<p>\u2022 Presenta Elizabeth \u00c1lvarez Acosta balance del primer a\u00f1o de gobierno en materia de comunicaci\u00f3n social, la cual dio un giro de 180 grados al ser abierta, clara, honesta y transparente<\/p>\n\n\n\n<figure class=\"wp-block-image size-large\"><img fetchpriority=\"high\" decoding=\"async\" width=\"1024\" height=\"682\" src=\"https:\/\/contextoanalisisperiodistico.com\/wp-content\/uploads\/2023\/12\/img-20231204-wa00326372018814539466659-1024x682.jpg\" alt=\"\" class=\"wp-image-22027\" srcset=\"https:\/\/contextoanalisisperiodistico.com\/wp-content\/uploads\/2023\/12\/img-20231204-wa00326372018814539466659-1024x682.jpg 1024w, https:\/\/contextoanalisisperiodistico.com\/wp-content\/uploads\/2023\/12\/img-20231204-wa00326372018814539466659-300x200.jpg 300w, https:\/\/contextoanalisisperiodistico.com\/wp-content\/uploads\/2023\/12\/img-20231204-wa00326372018814539466659-768x512.jpg 768w, https:\/\/contextoanalisisperiodistico.com\/wp-content\/uploads\/2023\/12\/img-20231204-wa00326372018814539466659-1536x1023.jpg 1536w, https:\/\/contextoanalisisperiodistico.com\/wp-content\/uploads\/2023\/12\/img-20231204-wa00326372018814539466659.jpg 1600w\" sizes=\"(max-width: 1024px) 100vw, 1024px\" \/><\/figure>\n\n\n\n<p>\u2022 Una relaci\u00f3n sin antecedentes en la historia de los gobiernos de Oaxaca, la cual se distingue por ser respetuosa de la libertad de expresi\u00f3n y de tener un mayor contacto con las y los trabajadores de los medios<\/p>\n\n\n\n<p>\u2022 Contabilizan la realizaci\u00f3n de 50 conferencias semanales que brinda el Gobernador Salom\u00f3n Jara Cruz<\/p>\n\n\n\n<p>Oaxaca de Ju\u00e1rez, Oax. 4 de diciembre de 2023.- Durante la conferencia de prensa del Gobernador Salom\u00f3n Jara Cruz, la coordinadora General de Comunicaci\u00f3n Social Elizabeth \u00c1lvarez Acosta destac\u00f3 que en la actual administraci\u00f3n estatal se dio un giro de 180 grados a la pol\u00edtica de comunicaci\u00f3n social del Gobierno de Oaxaca y a la relaci\u00f3n con los medios de comunicaci\u00f3n y con las personas comunicadoras, la cual es respetuosa con la libertad de expresi\u00f3n.<\/p>\n\n\n\n<p>\u201cSe trata de una relaci\u00f3n sin precedentes en la historia de los gobiernos de Oaxaca, que se distingue por ser respetuosa de la libertad de expresi\u00f3n y de tener un mayor contacto con las y los trabajadores de los medios, ejemplo de ello, son las conferencias de prensa de cada semana como en la que hoy nos encontramos\u201d, indic\u00f3.<\/p>\n\n\n\n<p>Al presentar el informe de su \u00e1rea a un a\u00f1o del inicio de la Primavera Oaxaque\u00f1a, \u00c1lvarez Acosta resalt\u00f3 que la comunicaci\u00f3n que mantiene el Gobierno del Estado con el pueblo de Oaxaca es cercana y directa, muestra de ello son las 50 conferencias que ha brindado el Mandatario estatal mediante las cuales se da cuenta de la nueva relaci\u00f3n y demuestran una administraci\u00f3n abierta, clara, honesta y transparente, que habla de frente a la sociedad.<\/p>\n\n\n\n<p>Resalt\u00f3 que en la relaci\u00f3n que mantiene el Gobierno del Estado con los medios de comunicaci\u00f3n impera el respeto irrestricto a la libertad de expresi\u00f3n, tal como lo ha indicado el Gobernador. Un gobierno como el suyo \u2013dijo- emanado de un proceso democr\u00e1tico y con un amplio respaldo ciudadano requiere que nadie calle la voz de las y los trabajadores de los medios de comunicaci\u00f3n.<\/p>\n\n\n\n<p>Elizabeth \u00c1lvarez desglos\u00f3 que, hasta el momento han participado funcionarias y funcionarios 386 veces y en mil 16 ocasiones los medios han solicitado acudir a la \u201cConferencia de los Lunes\u201d, como ya se le conoce al ejercicio de rendici\u00f3n de cuentas, en el que se contabilizan tambi\u00e9n m\u00e1s de 414 intervenciones de parte de los medios, que han formulado m\u00e1s de 600 preguntas.<\/p>\n\n\n\n<p>Durante el balance anual, la coordinadora de Comunicaci\u00f3n Social sum\u00f3 del 1 de diciembre de 2022 al 1 de diciembre de 2023, la realizaci\u00f3n de 2 mil 780 entrevistas de las cuales 2 mil 150 corresponden a las diversas secretar\u00edas de la administraci\u00f3n estatal y 626 a los Organismos P\u00fablicos Descentralizados, as\u00ed como cuatro entrevistas especiales.<\/p>\n\n\n\n<p>Del universo de 2 mil 780 entrevistas se han otorgado 337 a medios locales, 24 a medios de circulaci\u00f3n nacional y siete a medios de comunicaci\u00f3n internacional de pa\u00edses como Argentina, Venezuela y Estados Unidos.<\/p>\n\n\n\n<p>En tanto, la Consejer\u00eda Jur\u00eddica y Asistencia Legal otorg\u00f3 365 entrevistas a diversos medios de comunicaci\u00f3n, posicion\u00e1ndose como la dependencia con el mayor n\u00famero de entrevistas otorgadas en el primer a\u00f1o de gobierno, seguida de la Secretar\u00eda de Gobierno.<\/p>\n\n\n\n<p>Respecto a las conferencias de gabinete, Elizabeth \u00c1lvarez Acosta detall\u00f3 que del 1 de diciembre de 2022 al 1 de diciembre de 2023 contabilizan 53 conferencias de los gabinetes de Seguridad, de Consejer\u00eda Jur\u00eddica y Asistencia Legal, as\u00ed como de Educaci\u00f3n, de Bienestar y de Infraestructuras, en las que se ha registrado la participaci\u00f3n de 747 personas comunicadoras de 326 medios, quienes formularon 438 preguntas.<\/p>\n\n\n\n<p>Asimismo, la funcionaria indic\u00f3 que del programa de televisi\u00f3n Jueves de Gozona se han realizado 47 emisiones, y se han generado m\u00e1s de 3 mil 150 comunicados de prensa.<\/p>\n\n\n\n<p>Finalmente, reconoci\u00f3 la labor de las y los trabajadores de los medios de comunicaci\u00f3n porque son actores fundamentales de la evoluci\u00f3n, del cambio y del progreso que Oaxaca vive a partir del 1 de diciembre de 2022 con la llegada de la Primavera Oaxaque\u00f1a.<\/p>\n\n\n\n<p>-0-<\/p>\n","protected":false},"excerpt":{"rendered":"<p>\u2022 Presenta Elizabeth \u00c1lvarez Acosta balance del primer a\u00f1o de gobierno en materia de comunicaci\u00f3n&#8230;<\/p>\n","protected":false},"author":4,"featured_media":22026,"comment_status":"","ping_status":"open","sticky":false,"template":"","format":"standard","meta":{"footnotes":""},"categories":[9],"tags":[],"jetpack_sharing_enabled":true,"featured_image_urls":{"full":["https:\/\/contextoanalisisperiodistico.com\/wp-content\/uploads\/2023\/12\/IMG-20231204-WA0031.jpg",1600,1066,false],"thumbnail":["https:\/\/contextoanalisisperiodistico.com\/wp-content\/uploads\/2023\/12\/IMG-20231204-WA0031-150x150.jpg",150,150,true],"medium":["https:\/\/contextoanalisisperiodistico.com\/wp-content\/uploads\/2023\/12\/IMG-20231204-WA0031-300x200.jpg",300,200,true],"medium_large":["https:\/\/contextoanalisisperiodistico.com\/wp-content\/uploads\/2023\/12\/IMG-20231204-WA0031-768x512.jpg",640,427,true],"large":["https:\/\/contextoanalisisperiodistico.com\/wp-content\/uploads\/2023\/12\/IMG-20231204-WA0031-1024x682.jpg",640,426,true],"1536x1536":["https:\/\/contextoanalisisperiodistico.com\/wp-content\/uploads\/2023\/12\/IMG-20231204-WA0031-1536x1023.jpg",1536,1023,true],"2048x2048":["https:\/\/contextoanalisisperiodistico.com\/wp-content\/uploads\/2023\/12\/IMG-20231204-WA0031.jpg",1600,1066,false],"covernews-slider-full":["https:\/\/contextoanalisisperiodistico.com\/wp-content\/uploads\/2023\/12\/IMG-20231204-WA0031-1115x715.jpg",1115,715,true],"covernews-slider-center":["https:\/\/contextoanalisisperiodistico.com\/wp-content\/uploads\/2023\/12\/IMG-20231204-WA0031-800x500.jpg",800,500,true],"covernews-featured":["https:\/\/contextoanalisisperiodistico.com\/wp-content\/uploads\/2023\/12\/IMG-20231204-WA0031-1024x682.jpg",1024,682,true],"covernews-medium":["https:\/\/contextoanalisisperiodistico.com\/wp-content\/uploads\/2023\/12\/IMG-20231204-WA0031-540x340.jpg",540,340,true],"covernews-medium-square":["https:\/\/contextoanalisisperiodistico.com\/wp-content\/uploads\/2023\/12\/IMG-20231204-WA0031-400x250.jpg",400,250,true]},"author_info":{"display_name":"Mario Gir\u00f3n","author_link":"https:\/\/contextoanalisisperiodistico.com\/index.php\/author\/director\/"},"category_info":"<a href=\"https:\/\/contextoanalisisperiodistico.com\/index.php\/category\/politica\/\" rel=\"category tag\">Pol\u00edtica<\/a>","tag_info":"Pol\u00edtica","comment_count":"0","jetpack_featured_media_url":"https:\/\/contextoanalisisperiodistico.com\/wp-content\/uploads\/2023\/12\/IMG-20231204-WA0031.jpg","_links":{"self":[{"href":"https:\/\/contextoanalisisperiodistico.com\/index.php\/wp-json\/wp\/v2\/posts\/22028"}],"collection":[{"href":"https:\/\/contextoanalisisperiodistico.com\/index.php\/wp-json\/wp\/v2\/posts"}],"about":[{"href":"https:\/\/contextoanalisisperiodistico.com\/index.php\/wp-json\/wp\/v2\/types\/post"}],"author":[{"embeddable":true,"href":"https:\/\/contextoanalisisperiodistico.com\/index.php\/wp-json\/wp\/v2\/users\/4"}],"replies":[{"embeddable":true,"href":"https:\/\/contextoanalisisperiodistico.com\/index.php\/wp-json\/wp\/v2\/comments?post=22028"}],"version-history":[{"count":0,"href":"https:\/\/contextoanalisisperiodistico.com\/index.php\/wp-json\/wp\/v2\/posts\/22028\/revisions"}],"wp:featuredmedia":[{"embeddable":true,"href":"https:\/\/contextoanalisisperiodistico.com\/index.php\/wp-json\/wp\/v2\/media\/22026"}],"wp:attachment":[{"href":"https:\/\/contextoanalisisperiodistico.com\/index.php\/wp-json\/wp\/v2\/media?parent=22028"}],"wp:term":[{"taxonomy":"category","embeddable":true,"href":"https:\/\/contextoanalisisperiodistico.com\/index.php\/wp-json\/wp\/v2\/categories?post=22028"},{"taxonomy":"post_tag","embeddable":true,"href":"https:\/\/contextoanalisisperiodistico.com\/index.php\/wp-json\/wp\/v2\/tags?post=22028"}],"curies":[{"name":"wp","href":"https:\/\/api.w.org\/{rel}","templated":true}]}}