{"id":21916,"date":"2023-12-01T22:06:16","date_gmt":"2023-12-02T04:06:16","guid":{"rendered":"https:\/\/contextoanalisisperiodistico.com\/index.php\/2023\/12\/01\/con-encendido-de-arbol-de-navidad-comienzan-las-fiestas-decembrinas-en-oaxaca\/"},"modified":"2023-12-01T22:06:16","modified_gmt":"2023-12-02T04:06:16","slug":"con-encendido-de-arbol-de-navidad-comienzan-las-fiestas-decembrinas-en-oaxaca","status":"publish","type":"post","link":"https:\/\/contextoanalisisperiodistico.com\/index.php\/2023\/12\/01\/con-encendido-de-arbol-de-navidad-comienzan-las-fiestas-decembrinas-en-oaxaca\/","title":{"rendered":"Con encendido de \u00e1rbol de navidad comienzan las fiestas decembrinas en Oaxaca"},"content":{"rendered":"<div id=\"fb-root\"><\/div>\n\n<p>*El Gobernador Salom\u00f3n Jara Cruz y la Presidenta Honoraria del Sistema DIF Oaxaca encendieron el tradicional \u00e1rbol<\/p>\n\n\n\n\n\n\n\n\n\n\n\n\n\n\n\n\n\n\n\n<figure class=\"wp-block-image size-large\"><img fetchpriority=\"high\" decoding=\"async\" width=\"1024\" height=\"683\" src=\"https:\/\/contextoanalisisperiodistico.com\/wp-content\/uploads\/2023\/12\/img-20231201-wa01286343281804766614367-1024x683.jpg\" alt=\"\" class=\"wp-image-21910\" srcset=\"https:\/\/contextoanalisisperiodistico.com\/wp-content\/uploads\/2023\/12\/img-20231201-wa01286343281804766614367-1024x683.jpg 1024w, https:\/\/contextoanalisisperiodistico.com\/wp-content\/uploads\/2023\/12\/img-20231201-wa01286343281804766614367-300x200.jpg 300w, https:\/\/contextoanalisisperiodistico.com\/wp-content\/uploads\/2023\/12\/img-20231201-wa01286343281804766614367-768x512.jpg 768w, https:\/\/contextoanalisisperiodistico.com\/wp-content\/uploads\/2023\/12\/img-20231201-wa01286343281804766614367-1536x1024.jpg 1536w, https:\/\/contextoanalisisperiodistico.com\/wp-content\/uploads\/2023\/12\/img-20231201-wa01286343281804766614367.jpg 1600w\" sizes=\"(max-width: 1024px) 100vw, 1024px\" \/><\/figure>\n\n\n\n<figure class=\"wp-block-image\"><img decoding=\"async\" width=\"1024\" height=\"682\" src=\"https:\/\/contextoanalisisperiodistico.com\/wp-content\/uploads\/2023\/12\/img-20231201-wa01238133547103028404481-1024x682.jpg\" alt=\"\" class=\"wp-image-21912\" srcset=\"https:\/\/contextoanalisisperiodistico.com\/wp-content\/uploads\/2023\/12\/img-20231201-wa01238133547103028404481-1024x682.jpg 1024w, https:\/\/contextoanalisisperiodistico.com\/wp-content\/uploads\/2023\/12\/img-20231201-wa01238133547103028404481-300x200.jpg 300w, https:\/\/contextoanalisisperiodistico.com\/wp-content\/uploads\/2023\/12\/img-20231201-wa01238133547103028404481-768x512.jpg 768w, https:\/\/contextoanalisisperiodistico.com\/wp-content\/uploads\/2023\/12\/img-20231201-wa01238133547103028404481-1536x1023.jpg 1536w, https:\/\/contextoanalisisperiodistico.com\/wp-content\/uploads\/2023\/12\/img-20231201-wa01238133547103028404481.jpg 1600w\" sizes=\"(max-width: 1024px) 100vw, 1024px\" \/><\/figure>\n\n\n\n<figure class=\"wp-block-image\"><img decoding=\"async\" width=\"1024\" height=\"682\" src=\"https:\/\/contextoanalisisperiodistico.com\/wp-content\/uploads\/2023\/12\/img-20231201-wa01254988480694368517061-1024x682.jpg\" alt=\"\" class=\"wp-image-21909\" srcset=\"https:\/\/contextoanalisisperiodistico.com\/wp-content\/uploads\/2023\/12\/img-20231201-wa01254988480694368517061-1024x682.jpg 1024w, https:\/\/contextoanalisisperiodistico.com\/wp-content\/uploads\/2023\/12\/img-20231201-wa01254988480694368517061-300x200.jpg 300w, https:\/\/contextoanalisisperiodistico.com\/wp-content\/uploads\/2023\/12\/img-20231201-wa01254988480694368517061-768x512.jpg 768w, https:\/\/contextoanalisisperiodistico.com\/wp-content\/uploads\/2023\/12\/img-20231201-wa01254988480694368517061-1536x1023.jpg 1536w, https:\/\/contextoanalisisperiodistico.com\/wp-content\/uploads\/2023\/12\/img-20231201-wa01254988480694368517061.jpg 1600w\" sizes=\"(max-width: 1024px) 100vw, 1024px\" \/><\/figure>\n\n\n\n<figure class=\"wp-block-image\"><img loading=\"lazy\" decoding=\"async\" width=\"1024\" height=\"683\" src=\"https:\/\/contextoanalisisperiodistico.com\/wp-content\/uploads\/2023\/12\/img-20231201-wa01307793915381454804609-1024x683.jpg\" alt=\"\" class=\"wp-image-21911\" srcset=\"https:\/\/contextoanalisisperiodistico.com\/wp-content\/uploads\/2023\/12\/img-20231201-wa01307793915381454804609-1024x683.jpg 1024w, https:\/\/contextoanalisisperiodistico.com\/wp-content\/uploads\/2023\/12\/img-20231201-wa01307793915381454804609-300x200.jpg 300w, https:\/\/contextoanalisisperiodistico.com\/wp-content\/uploads\/2023\/12\/img-20231201-wa01307793915381454804609-768x512.jpg 768w, https:\/\/contextoanalisisperiodistico.com\/wp-content\/uploads\/2023\/12\/img-20231201-wa01307793915381454804609-1536x1024.jpg 1536w, https:\/\/contextoanalisisperiodistico.com\/wp-content\/uploads\/2023\/12\/img-20231201-wa01307793915381454804609.jpg 1600w\" sizes=\"(max-width: 1024px) 100vw, 1024px\" \/><\/figure>\n\n\n\n<figure class=\"wp-block-image\"><img loading=\"lazy\" decoding=\"async\" width=\"1024\" height=\"768\" src=\"https:\/\/contextoanalisisperiodistico.com\/wp-content\/uploads\/2023\/12\/img-20231201-wa0126686482269116674741-1024x768.jpg\" alt=\"\" class=\"wp-image-21913\" srcset=\"https:\/\/contextoanalisisperiodistico.com\/wp-content\/uploads\/2023\/12\/img-20231201-wa0126686482269116674741-1024x768.jpg 1024w, https:\/\/contextoanalisisperiodistico.com\/wp-content\/uploads\/2023\/12\/img-20231201-wa0126686482269116674741-300x225.jpg 300w, https:\/\/contextoanalisisperiodistico.com\/wp-content\/uploads\/2023\/12\/img-20231201-wa0126686482269116674741-768x576.jpg 768w, https:\/\/contextoanalisisperiodistico.com\/wp-content\/uploads\/2023\/12\/img-20231201-wa0126686482269116674741-1536x1152.jpg 1536w, https:\/\/contextoanalisisperiodistico.com\/wp-content\/uploads\/2023\/12\/img-20231201-wa0126686482269116674741.jpg 1600w\" sizes=\"(max-width: 1024px) 100vw, 1024px\" \/><\/figure>\n\n\n\n<figure class=\"wp-block-image\"><img loading=\"lazy\" decoding=\"async\" width=\"1024\" height=\"767\" src=\"https:\/\/contextoanalisisperiodistico.com\/wp-content\/uploads\/2023\/12\/img-20231201-wa01278123859618152782136-1024x767.jpg\" alt=\"\" class=\"wp-image-21915\" srcset=\"https:\/\/contextoanalisisperiodistico.com\/wp-content\/uploads\/2023\/12\/img-20231201-wa01278123859618152782136-1024x767.jpg 1024w, https:\/\/contextoanalisisperiodistico.com\/wp-content\/uploads\/2023\/12\/img-20231201-wa01278123859618152782136-300x225.jpg 300w, https:\/\/contextoanalisisperiodistico.com\/wp-content\/uploads\/2023\/12\/img-20231201-wa01278123859618152782136-768x576.jpg 768w, https:\/\/contextoanalisisperiodistico.com\/wp-content\/uploads\/2023\/12\/img-20231201-wa01278123859618152782136-1536x1151.jpg 1536w, https:\/\/contextoanalisisperiodistico.com\/wp-content\/uploads\/2023\/12\/img-20231201-wa01278123859618152782136.jpg 1600w\" sizes=\"(max-width: 1024px) 100vw, 1024px\" \/><\/figure>\n\n\n\n<figure class=\"wp-block-image\"><img loading=\"lazy\" decoding=\"async\" width=\"1024\" height=\"682\" src=\"https:\/\/contextoanalisisperiodistico.com\/wp-content\/uploads\/2023\/12\/img-20231201-wa01298968006575556373867-1024x682.jpg\" alt=\"\" class=\"wp-image-21914\" srcset=\"https:\/\/contextoanalisisperiodistico.com\/wp-content\/uploads\/2023\/12\/img-20231201-wa01298968006575556373867-1024x682.jpg 1024w, https:\/\/contextoanalisisperiodistico.com\/wp-content\/uploads\/2023\/12\/img-20231201-wa01298968006575556373867-300x200.jpg 300w, https:\/\/contextoanalisisperiodistico.com\/wp-content\/uploads\/2023\/12\/img-20231201-wa01298968006575556373867-768x512.jpg 768w, https:\/\/contextoanalisisperiodistico.com\/wp-content\/uploads\/2023\/12\/img-20231201-wa01298968006575556373867-1536x1023.jpg 1536w, https:\/\/contextoanalisisperiodistico.com\/wp-content\/uploads\/2023\/12\/img-20231201-wa01298968006575556373867.jpg 1600w\" sizes=\"(max-width: 1024px) 100vw, 1024px\" \/><\/figure>\n\n\n\n<ul>\n<li>El pino refleja la grandeza del pueblo de Oaxaca, sus ra\u00edces profundas, sus culturas y su biodiversidad, as\u00ed como la magia de las tradiciones, reiter\u00f3 el Gobernador<\/li>\n<\/ul>\n\n\n\n<p>Oaxaca de Ju\u00e1rez, Oax. 01 de diciembre de 2023.- Laura lleg\u00f3 emocionada y acompa\u00f1ada de su familia al primer cuadro de esta ciudad para presenciar el encendido de miles de foquitos que formaron una gran red que ilumin\u00f3, como con magia, el \u00e1rbol de navidad de la Primavera Oaxaque\u00f1a.<\/p>\n\n\n\n<p>Con una altura de 16 metros desde la base, hasta la punta, el pino fue encendido por segundo a\u00f1o consecutivo, por el Gobernador Salom\u00f3n Jara Cruz, quien estuvo acompa\u00f1ado de la Presidenta Honoraria del Sistema Estatal para el Desarrollo Integral de la Familia, (DIF) Oaxaca Irma Bola\u00f1os Quijano, e integrantes de su gabinete.<\/p>\n\n\n\n<p>La Banda de M\u00fasica del Estado de Oaxaca ameniz\u00f3 minutos antes de iniciar el acto protocolario, con el Concierto de Encendido del \u00c1rbol de Navidad, momento que familias, parejas y amistades aprovecharon para bailar al son de las melod\u00edas, mientras ni\u00f1as y ni\u00f1os jugaban con sus globos o se divert\u00edan con sus coloridos gorritos alusivos a las fechas.<\/p>\n\n\n\n<p>En su oportunidad, el Mandatario oaxaque\u00f1o expres\u00f3 que el \u00e1rbol simboliza las ra\u00edces familiares, la uni\u00f3n en la bonanza y en la adversidad, as\u00ed como los deseos de que prevalezca la dicha y la esperanza en cada hogar oaxaque\u00f1o.<\/p>\n\n\n\n<p>\u201cEste \u00e1rbol colorido, refleja la grandeza del pueblo de Oaxaca, sus ra\u00edces profundas, sus culturas y su biodiversidad, as\u00ed como la magia de nuestras tradiciones. Esta noche el mensaje de la familia del Gobierno del Estado, es que demos inicio a nuestras fiestas y tradiciones decembrinas con calidez humana y fraternidad\u201d, invit\u00f3 el Gobernador.<\/p>\n\n\n\n<p>De pronto las luces en toda la Alameda de Le\u00f3n se apagaron y cientos de oaxaque\u00f1as y oaxaque\u00f1os, se unieron a la cuenta regresiva de 10 segundos y con una sola voz, la euforia se hizo presente: \u00a110, nueve, ocho\u2026 cinco\u2026 tres, dos, uno!<\/p>\n\n\n\n<p>El monumental \u00e1rbol se ilumin\u00f3 y luci\u00f3 sus decoraciones de estrellas de alebrijes y esferas multicolores elaboradas por artesanas y artesanos oaxaque\u00f1os.<\/p>\n\n\n\n<p>Los ojos de Pedro, uno de los muchos ni\u00f1os y ni\u00f1as que estuvieron presentes, se abrieron enormes y deslumbrados, con las 18 mil luces led c\u00e1lidas que fueron utilizadas para vestir el pino que adem\u00e1s estuvo forrado con sus mejores guirnaldas color verde y que comenz\u00f3 a instalarse desde el pasado 27 de noviembre.<\/p>\n\n\n\n<p>La instalaci\u00f3n del \u00e1rbol navide\u00f1o forma parte del proyecto de organizaci\u00f3n en el que participan instituciones como el DIF Oaxaca, las secretar\u00edas de Administraci\u00f3n, Turismo, de las Culturas y Artes, as\u00ed como de Interculturalidad, Pueblos y Comunidades Ind\u00edgenas y Afromexicanas, en busca de adornar el Centro Hist\u00f3rico, el Z\u00f3calo y la Alameda de Le\u00f3n, y reiterar que la Primavera Oaxaque\u00f1a tambi\u00e9n es c\u00e1lida y fraterna en estas fechas de diciembre.<\/p>\n\n\n\n<p>La m\u00fasica, los aplausos, los fuegos artificiales, el asombro y el entusiasmo de quienes presenciaron el encendido del \u00e1rbol de Navidad, coronado en la punta por una estrella de cinco picos, fueron parte esencial de la uni\u00f3n y hermandad que caracterizan al pueblo oaxaque\u00f1o, que, como Laura y Pedro, se dieron cita en el coraz\u00f3n del Centro Hist\u00f3rico de Oaxaca. <code>-0-<\/code><\/p>\n","protected":false},"excerpt":{"rendered":"<p>*El Gobernador Salom\u00f3n Jara Cruz y la Presidenta Honoraria del Sistema DIF Oaxaca encendieron el&#8230;<\/p>\n","protected":false},"author":4,"featured_media":21908,"comment_status":"","ping_status":"open","sticky":false,"template":"","format":"standard","meta":{"footnotes":""},"categories":[9],"tags":[],"jetpack_sharing_enabled":true,"featured_image_urls":{"full":["https:\/\/contextoanalisisperiodistico.com\/wp-content\/uploads\/2023\/12\/IMG-20231201-WA0124.jpg",1600,1066,false],"thumbnail":["https:\/\/contextoanalisisperiodistico.com\/wp-content\/uploads\/2023\/12\/IMG-20231201-WA0124-150x150.jpg",150,150,true],"medium":["https:\/\/contextoanalisisperiodistico.com\/wp-content\/uploads\/2023\/12\/IMG-20231201-WA0124-300x200.jpg",300,200,true],"medium_large":["https:\/\/contextoanalisisperiodistico.com\/wp-content\/uploads\/2023\/12\/IMG-20231201-WA0124-768x512.jpg",640,427,true],"large":["https:\/\/contextoanalisisperiodistico.com\/wp-content\/uploads\/2023\/12\/IMG-20231201-WA0124-1024x682.jpg",640,426,true],"1536x1536":["https:\/\/contextoanalisisperiodistico.com\/wp-content\/uploads\/2023\/12\/IMG-20231201-WA0124-1536x1023.jpg",1536,1023,true],"2048x2048":["https:\/\/contextoanalisisperiodistico.com\/wp-content\/uploads\/2023\/12\/IMG-20231201-WA0124.jpg",1600,1066,false],"covernews-slider-full":["https:\/\/contextoanalisisperiodistico.com\/wp-content\/uploads\/2023\/12\/IMG-20231201-WA0124-1115x715.jpg",1115,715,true],"covernews-slider-center":["https:\/\/contextoanalisisperiodistico.com\/wp-content\/uploads\/2023\/12\/IMG-20231201-WA0124-800x500.jpg",800,500,true],"covernews-featured":["https:\/\/contextoanalisisperiodistico.com\/wp-content\/uploads\/2023\/12\/IMG-20231201-WA0124-1024x682.jpg",1024,682,true],"covernews-medium":["https:\/\/contextoanalisisperiodistico.com\/wp-content\/uploads\/2023\/12\/IMG-20231201-WA0124-540x340.jpg",540,340,true],"covernews-medium-square":["https:\/\/contextoanalisisperiodistico.com\/wp-content\/uploads\/2023\/12\/IMG-20231201-WA0124-400x250.jpg",400,250,true]},"author_info":{"display_name":"Mario Gir\u00f3n","author_link":"https:\/\/contextoanalisisperiodistico.com\/index.php\/author\/director\/"},"category_info":"<a href=\"https:\/\/contextoanalisisperiodistico.com\/index.php\/category\/politica\/\" rel=\"category tag\">Pol\u00edtica<\/a>","tag_info":"Pol\u00edtica","comment_count":"0","jetpack_featured_media_url":"https:\/\/contextoanalisisperiodistico.com\/wp-content\/uploads\/2023\/12\/IMG-20231201-WA0124.jpg","_links":{"self":[{"href":"https:\/\/contextoanalisisperiodistico.com\/index.php\/wp-json\/wp\/v2\/posts\/21916"}],"collection":[{"href":"https:\/\/contextoanalisisperiodistico.com\/index.php\/wp-json\/wp\/v2\/posts"}],"about":[{"href":"https:\/\/contextoanalisisperiodistico.com\/index.php\/wp-json\/wp\/v2\/types\/post"}],"author":[{"embeddable":true,"href":"https:\/\/contextoanalisisperiodistico.com\/index.php\/wp-json\/wp\/v2\/users\/4"}],"replies":[{"embeddable":true,"href":"https:\/\/contextoanalisisperiodistico.com\/index.php\/wp-json\/wp\/v2\/comments?post=21916"}],"version-history":[{"count":0,"href":"https:\/\/contextoanalisisperiodistico.com\/index.php\/wp-json\/wp\/v2\/posts\/21916\/revisions"}],"wp:featuredmedia":[{"embeddable":true,"href":"https:\/\/contextoanalisisperiodistico.com\/index.php\/wp-json\/wp\/v2\/media\/21908"}],"wp:attachment":[{"href":"https:\/\/contextoanalisisperiodistico.com\/index.php\/wp-json\/wp\/v2\/media?parent=21916"}],"wp:term":[{"taxonomy":"category","embeddable":true,"href":"https:\/\/contextoanalisisperiodistico.com\/index.php\/wp-json\/wp\/v2\/categories?post=21916"},{"taxonomy":"post_tag","embeddable":true,"href":"https:\/\/contextoanalisisperiodistico.com\/index.php\/wp-json\/wp\/v2\/tags?post=21916"}],"curies":[{"name":"wp","href":"https:\/\/api.w.org\/{rel}","templated":true}]}}