{"id":21907,"date":"2023-12-01T20:13:49","date_gmt":"2023-12-02T02:13:49","guid":{"rendered":"https:\/\/contextoanalisisperiodistico.com\/index.php\/2023\/12\/01\/municipio-oaxaca-de-juarez-entrega-600-testamentos-gratuitos\/"},"modified":"2023-12-01T20:13:49","modified_gmt":"2023-12-02T02:13:49","slug":"municipio-oaxaca-de-juarez-entrega-600-testamentos-gratuitos","status":"publish","type":"post","link":"https:\/\/contextoanalisisperiodistico.com\/index.php\/2023\/12\/01\/municipio-oaxaca-de-juarez-entrega-600-testamentos-gratuitos\/","title":{"rendered":"Municipio Oaxaca de Ju\u00e1rez entrega 600 testamentos gratuitos"},"content":{"rendered":"<div id=\"fb-root\"><\/div>\n\n<p>\u2022 Las personas beneficiadas agradecieron al presidente y su equipo de trabajo facilitar este tipo de procesos.<\/p>\n\n\n\n<p>Oaxaca de Ju\u00e1rez, Oax., a 01 de diciembre de 2023.- En colaboraci\u00f3n con la Direcci\u00f3n de Notar\u00edas del Estado, a trav\u00e9s del DIF municipal, el Municipio de Oaxaca de Ju\u00e1rez inicia la entrega de 600 testamentos otorgados de manera gratuita, como resultado del programa<br \/>\u201cAmor con Gratuidad\u201d, iniciativa que comenz\u00f3 en el mes de septiembre, denominado \u00abMes del Testamento\u00bb.<\/p>\n\n\n\n<p>Al tomar la palabra, el presidente municipal, Francisco Mart\u00ednez Neri, destac\u00f3 que hacer un testamento es un acto de responsabilidad y una acci\u00f3n para resolver problemas y no dejarlos a quienes han sido parte de nuestra vida. Asimismo, agradeci\u00f3 la positiva respuesta de la ciudadan\u00eda a este programa y visualiz\u00f3 un aumento en el n\u00famero de testamentos que se tramitar\u00e1n el pr\u00f3ximo a\u00f1o.<\/p>\n\n\n\n<p>En este sentido, la presidenta honoraria del Comit\u00e9 Municipal del Sistema DIF- Oaxaca, Bernarda Gonz\u00e1lez Rivas, resalt\u00f3 que testar es un cambio cultural que debe ser fomentado, y subray\u00f3 la necesidad de que esta acci\u00f3n sea continua. \u201cCelebro la buena respuesta que obtuvo el programa Amor con Gratuidad\u201d, puntualiz\u00f3.<\/p>\n\n\n\n<p>En la entrega de testamento, las beneficiarias y los beneficiarios agradecieron al edil y a su equipo de trabajo por facilitar este proceso indispensable para brindar seguridad y certeza legal a los propietarios de alg\u00fan bien. Eva Reyna Canseco Jim\u00e9nez, beneficiaria del programa, expres\u00f3: \u00abEs una bendici\u00f3n, ya que si no fuera gratuito, mi econom\u00eda no me permitir\u00eda dejar en orden mis propiedades. Agradezco a quienes nos ayudaron a hacer los tr\u00e1mites, nos atendieron muy bien y r\u00e1pido. Es de mucha ayuda para m\u00ed y mi familia\u00bb.<\/p>\n\n\n\n<p>Por su parte, el director General de Notar\u00edas, V\u00edctor Manuel Aguilar \u00c1vila, felicit\u00f3 a la administraci\u00f3n municipal por el incremento significativo en los tr\u00e1mites realizados.<\/p>\n\n\n\n<p>Destac\u00f3 que, a diferencia de otros lugares, en el municipio de Oaxaca de Ju\u00e1rez el testamento es gratuito, lo cual evita que la ciudadan\u00eda herede problemas a sus seres queridos, promoviendo un acto de amor y responsabilidad.<\/p>\n\n\n\n<p>El evento cont\u00f3 con la presencia de la directora General del DIF Municipal, Roc\u00edo Echaide Moreno, la auxiliar de la Notar\u00eda P\u00fablica N\u00famero 100, Mar\u00eda de Lourdes Jim\u00e9nez Gonz\u00e1lez, as\u00ed como integrantes de la administraci\u00f3n p\u00fablica municipal.<\/p>\n\n\n\n<p>De esta forma, la administraci\u00f3n municipal, encabezada por el edil Francisco Mart\u00ednez Neri, contin\u00faa avanzando en la consolidaci\u00f3n de una ciudad educadora, la cual vela por los intereses de los menos favorecidos e impulsa el disfrute de los derechos sociales fundamentales.<\/p>\n\n\n\n<figure class=\"wp-block-image size-large\"><img fetchpriority=\"high\" decoding=\"async\" width=\"1024\" height=\"683\" src=\"https:\/\/contextoanalisisperiodistico.com\/wp-content\/uploads\/2023\/12\/img-20231201-wa01008038849405772026307-1024x683.jpg\" alt=\"\" class=\"wp-image-21904\" srcset=\"https:\/\/contextoanalisisperiodistico.com\/wp-content\/uploads\/2023\/12\/img-20231201-wa01008038849405772026307-1024x683.jpg 1024w, https:\/\/contextoanalisisperiodistico.com\/wp-content\/uploads\/2023\/12\/img-20231201-wa01008038849405772026307-300x200.jpg 300w, https:\/\/contextoanalisisperiodistico.com\/wp-content\/uploads\/2023\/12\/img-20231201-wa01008038849405772026307-768x512.jpg 768w, https:\/\/contextoanalisisperiodistico.com\/wp-content\/uploads\/2023\/12\/img-20231201-wa01008038849405772026307.jpg 1500w\" sizes=\"(max-width: 1024px) 100vw, 1024px\" \/><\/figure>\n\n\n\n<figure class=\"wp-block-image\"><img decoding=\"async\" width=\"1024\" height=\"684\" src=\"https:\/\/contextoanalisisperiodistico.com\/wp-content\/uploads\/2023\/12\/img-20231201-wa00975673340587976338027-1024x684.jpg\" alt=\"\" class=\"wp-image-21906\" srcset=\"https:\/\/contextoanalisisperiodistico.com\/wp-content\/uploads\/2023\/12\/img-20231201-wa00975673340587976338027-1024x684.jpg 1024w, https:\/\/contextoanalisisperiodistico.com\/wp-content\/uploads\/2023\/12\/img-20231201-wa00975673340587976338027-300x200.jpg 300w, https:\/\/contextoanalisisperiodistico.com\/wp-content\/uploads\/2023\/12\/img-20231201-wa00975673340587976338027-768x513.jpg 768w, https:\/\/contextoanalisisperiodistico.com\/wp-content\/uploads\/2023\/12\/img-20231201-wa00975673340587976338027-1536x1026.jpg 1536w, https:\/\/contextoanalisisperiodistico.com\/wp-content\/uploads\/2023\/12\/img-20231201-wa00975673340587976338027.jpg 1600w\" sizes=\"(max-width: 1024px) 100vw, 1024px\" \/><\/figure>\n\n\n\n<figure class=\"wp-block-image\"><img decoding=\"async\" width=\"1024\" height=\"683\" src=\"https:\/\/contextoanalisisperiodistico.com\/wp-content\/uploads\/2023\/12\/img-20231201-wa00998728632841419189991-1024x683.jpg\" alt=\"\" class=\"wp-image-21903\" srcset=\"https:\/\/contextoanalisisperiodistico.com\/wp-content\/uploads\/2023\/12\/img-20231201-wa00998728632841419189991-1024x683.jpg 1024w, https:\/\/contextoanalisisperiodistico.com\/wp-content\/uploads\/2023\/12\/img-20231201-wa00998728632841419189991-300x200.jpg 300w, https:\/\/contextoanalisisperiodistico.com\/wp-content\/uploads\/2023\/12\/img-20231201-wa00998728632841419189991-768x512.jpg 768w, https:\/\/contextoanalisisperiodistico.com\/wp-content\/uploads\/2023\/12\/img-20231201-wa00998728632841419189991.jpg 1500w\" sizes=\"(max-width: 1024px) 100vw, 1024px\" \/><\/figure>\n\n\n\n<figure class=\"wp-block-image\"><img loading=\"lazy\" decoding=\"async\" width=\"1024\" height=\"684\" src=\"https:\/\/contextoanalisisperiodistico.com\/wp-content\/uploads\/2023\/12\/img-20231201-wa00986261005888343178550-1024x684.jpg\" alt=\"\" class=\"wp-image-21905\" srcset=\"https:\/\/contextoanalisisperiodistico.com\/wp-content\/uploads\/2023\/12\/img-20231201-wa00986261005888343178550-1024x684.jpg 1024w, https:\/\/contextoanalisisperiodistico.com\/wp-content\/uploads\/2023\/12\/img-20231201-wa00986261005888343178550-300x200.jpg 300w, https:\/\/contextoanalisisperiodistico.com\/wp-content\/uploads\/2023\/12\/img-20231201-wa00986261005888343178550-768x513.jpg 768w, https:\/\/contextoanalisisperiodistico.com\/wp-content\/uploads\/2023\/12\/img-20231201-wa00986261005888343178550-1536x1026.jpg 1536w, https:\/\/contextoanalisisperiodistico.com\/wp-content\/uploads\/2023\/12\/img-20231201-wa00986261005888343178550.jpg 1600w\" sizes=\"(max-width: 1024px) 100vw, 1024px\" \/><\/figure>\n","protected":false},"excerpt":{"rendered":"<p>\u2022 Las personas beneficiadas agradecieron al presidente y su equipo de trabajo facilitar este tipo&#8230;<\/p>\n","protected":false},"author":4,"featured_media":21902,"comment_status":"","ping_status":"open","sticky":false,"template":"","format":"standard","meta":{"footnotes":""},"categories":[9],"tags":[],"jetpack_sharing_enabled":true,"featured_image_urls":{"full":["https:\/\/contextoanalisisperiodistico.com\/wp-content\/uploads\/2023\/12\/IMG-20231201-WA0101.jpg",1600,1069,false],"thumbnail":["https:\/\/contextoanalisisperiodistico.com\/wp-content\/uploads\/2023\/12\/IMG-20231201-WA0101-150x150.jpg",150,150,true],"medium":["https:\/\/contextoanalisisperiodistico.com\/wp-content\/uploads\/2023\/12\/IMG-20231201-WA0101-300x200.jpg",300,200,true],"medium_large":["https:\/\/contextoanalisisperiodistico.com\/wp-content\/uploads\/2023\/12\/IMG-20231201-WA0101-768x513.jpg",640,428,true],"large":["https:\/\/contextoanalisisperiodistico.com\/wp-content\/uploads\/2023\/12\/IMG-20231201-WA0101-1024x684.jpg",640,428,true],"1536x1536":["https:\/\/contextoanalisisperiodistico.com\/wp-content\/uploads\/2023\/12\/IMG-20231201-WA0101-1536x1026.jpg",1536,1026,true],"2048x2048":["https:\/\/contextoanalisisperiodistico.com\/wp-content\/uploads\/2023\/12\/IMG-20231201-WA0101.jpg",1600,1069,false],"covernews-slider-full":["https:\/\/contextoanalisisperiodistico.com\/wp-content\/uploads\/2023\/12\/IMG-20231201-WA0101-1115x715.jpg",1115,715,true],"covernews-slider-center":["https:\/\/contextoanalisisperiodistico.com\/wp-content\/uploads\/2023\/12\/IMG-20231201-WA0101-800x500.jpg",800,500,true],"covernews-featured":["https:\/\/contextoanalisisperiodistico.com\/wp-content\/uploads\/2023\/12\/IMG-20231201-WA0101-1024x684.jpg",1024,684,true],"covernews-medium":["https:\/\/contextoanalisisperiodistico.com\/wp-content\/uploads\/2023\/12\/IMG-20231201-WA0101-540x340.jpg",540,340,true],"covernews-medium-square":["https:\/\/contextoanalisisperiodistico.com\/wp-content\/uploads\/2023\/12\/IMG-20231201-WA0101-400x250.jpg",400,250,true]},"author_info":{"display_name":"Mario Gir\u00f3n","author_link":"https:\/\/contextoanalisisperiodistico.com\/index.php\/author\/director\/"},"category_info":"<a href=\"https:\/\/contextoanalisisperiodistico.com\/index.php\/category\/politica\/\" rel=\"category tag\">Pol\u00edtica<\/a>","tag_info":"Pol\u00edtica","comment_count":"0","jetpack_featured_media_url":"https:\/\/contextoanalisisperiodistico.com\/wp-content\/uploads\/2023\/12\/IMG-20231201-WA0101.jpg","_links":{"self":[{"href":"https:\/\/contextoanalisisperiodistico.com\/index.php\/wp-json\/wp\/v2\/posts\/21907"}],"collection":[{"href":"https:\/\/contextoanalisisperiodistico.com\/index.php\/wp-json\/wp\/v2\/posts"}],"about":[{"href":"https:\/\/contextoanalisisperiodistico.com\/index.php\/wp-json\/wp\/v2\/types\/post"}],"author":[{"embeddable":true,"href":"https:\/\/contextoanalisisperiodistico.com\/index.php\/wp-json\/wp\/v2\/users\/4"}],"replies":[{"embeddable":true,"href":"https:\/\/contextoanalisisperiodistico.com\/index.php\/wp-json\/wp\/v2\/comments?post=21907"}],"version-history":[{"count":0,"href":"https:\/\/contextoanalisisperiodistico.com\/index.php\/wp-json\/wp\/v2\/posts\/21907\/revisions"}],"wp:featuredmedia":[{"embeddable":true,"href":"https:\/\/contextoanalisisperiodistico.com\/index.php\/wp-json\/wp\/v2\/media\/21902"}],"wp:attachment":[{"href":"https:\/\/contextoanalisisperiodistico.com\/index.php\/wp-json\/wp\/v2\/media?parent=21907"}],"wp:term":[{"taxonomy":"category","embeddable":true,"href":"https:\/\/contextoanalisisperiodistico.com\/index.php\/wp-json\/wp\/v2\/categories?post=21907"},{"taxonomy":"post_tag","embeddable":true,"href":"https:\/\/contextoanalisisperiodistico.com\/index.php\/wp-json\/wp\/v2\/tags?post=21907"}],"curies":[{"name":"wp","href":"https:\/\/api.w.org\/{rel}","templated":true}]}}