{"id":21769,"date":"2023-11-29T16:56:45","date_gmt":"2023-11-29T22:56:45","guid":{"rendered":"https:\/\/contextoanalisisperiodistico.com\/index.php\/2023\/11\/29\/neri-e-inpi-inauguran-un-camino-artesanal-en-la-solidaridad\/"},"modified":"2023-11-29T16:56:45","modified_gmt":"2023-11-29T22:56:45","slug":"neri-e-inpi-inauguran-un-camino-artesanal-en-la-solidaridad","status":"publish","type":"post","link":"https:\/\/contextoanalisisperiodistico.com\/index.php\/2023\/11\/29\/neri-e-inpi-inauguran-un-camino-artesanal-en-la-solidaridad\/","title":{"rendered":"Neri e INPI inauguran un camino artesanal en la  Solidaridad"},"content":{"rendered":"<div id=\"fb-root\"><\/div>\n\n<p>*) Como inusitado, calific\u00f3 la obra caminera capitalina el Edil de Oaxaca de Ju\u00e1rez <\/p>\n\n\n\n<p>Mario GIR\u00d3N<\/p>\n\n\n\n<p><br>\u201cSeguimos tendiendo a la gente que m\u00e1s lo necesita\u201d, asegur\u00f3 el presidente municipal Francisco Mart\u00ednez Neri al inaugurar con, Adelfo Regino Montes, Director General del Instituto Nacional de los Pueblos Ind\u00edgenas (INPI), la pavimentaci\u00f3n de roderas de concreto hidr\u00e1ulico de un camino artesanal en lo m\u00e1s alto de la colonia Solidaridad, en Santa Roza Panzacola.<\/p>\n\n\n\n<p><br>\u201cEsta obra caminera convertida en realidad, cobra una singular importancia: la gente est\u00e1 siendo atendida. Y, siguiendo los principios b\u00e1sicos del pensamiento del presidente Andr\u00e9s Manuel L\u00f3pez Obrador, estamos atendiendo a la gente que m\u00e1s lo necesita. Aqu\u00ed est\u00e1 la gente que m\u00e1s lo necesita\u201d, agreg\u00f3 esta ma\u00f1ana el Edil capitalino.<\/p>\n\n\n\n<p><br>De importancia capital destacar que se trata de una obra p\u00fablica concretada con la aportaci\u00f3n del INPI en el orden de 5 millones 613 mil 428 pesos mientras que, la participaci\u00f3n monetaria del municipio Oaxaca de Ju\u00e1rez fue de 3 millones 613 mil 553 pesos.<\/p>\n\n\n\n<p><br>En su mensaje, Mart\u00ednez Neri reflexion\u00f3: \u201cestamos en una inauguraci\u00f3n que yo dir\u00eda es inusitado\u201d. Explic\u00f3: \u201cporque se trata de un hecho de que en una ciudad haya un camino de esta naturaleza. Este programa caminero es para comunicar a cabeceras municipales y aqu\u00ed, no se trata de eso, sino de beneficiar a un conjunto de personas, que como mucho de nosotros, en calidad de migrantes, de muchas regiones del estado, buscando nueva forma de vivir. Aqu\u00ed se asientan muchas familias provenientes de la sierra Norte\u201d.<\/p>\n\n\n\n<p><br>En ese sentido, a\u00f1adi\u00f3, esa circunstancia especial dio lugar a que pudiera construirse este camino y reconocer\u00eda: \u201cal INPI debemos en gran medida este camino artesanal. Le reconocemos la visi\u00f3n y sensibilidad demostrada al o\u00edr nuestros planteamientos sobre este importante tema hoy convertido en realidad\u201d.<\/p>\n\n\n\n<p><br>A\u00f1adi\u00f3: \u201cesperar\u00eda tambi\u00e9n podamos hacer nuevas obras similares de beneficio para la que gente con necesidad siga siendo atendida. Queda un a\u00f1o m\u00e1s de trabajo al Gobierno de la Rep\u00fablica. Ojal\u00e1 podamos concretar nuevas acciones como la que hoy estamos concretando\u201d, destac\u00f3.<\/p>\n\n\n\n<p><br>Luego, Adelfo Regino Montes, Director General del Instituto Nacional de los Pueblos Ind\u00edgenas (INPI), informar\u00eda que en Oaxaca tenemos un avance de 90% que significa 2 mil 600 kil\u00f3metros de pavimentaci\u00f3n de caminos artesanales en 222 cabeceras municipales, casi la mitad del territorio estatal, calcul\u00f3 el funcionario federal.<\/p>\n\n\n\n<p><br>En el mensaje, destac\u00f3 el sentido de nobleza, las caracter\u00edsticas de este programa prioritario del Gobierno de la Rep\u00fablica encabezado por el presidente Andr\u00e9s Manuel L\u00f3pez Obrador: \u201cel dinero se transfiere de manera directa a los municipios o comunidades y ellos lo administren a trav\u00e9s de su organizaci\u00f3n social comunitaria y la obra llegue a buen puerto, como hoy se est\u00e1 comprobando\u201d.<\/p>\n\n\n\n<p><br>De su parte, Beltr\u00e1n L\u00f3pez Garc\u00eda, presidente comunitario de participaci\u00f3n social de la comunidad colonia Solidaridad, expres\u00f3 gratitud y reconocimiento por la conclusi\u00f3n del camino artesanal, al presidente municipal, Francisco Mart\u00ednez Neri y Adelfo Regino Montes, Director General del Instituto Nacional de los Pueblos Ind\u00edgenas (INPI).<\/p>\n\n\n\n<p><br>Testigos de honor y protagonistas de esta realidad caminera artesanal son: Nancy Belem Mota Figueroa, S\u00edndica Primera Municipal; Bernarda Gonz\u00e1lez Rivas, presidenta honoraria del comit\u00e9 municipal del Sistema Integral de la Familia; Berta Ruth Arreola secretaria de Interculturalidad Pueblos y Comunidades Ind\u00edgenas y Afroamericanas; Claudia Tapia Nolasco, Regidora de Seguridad Ciudadana, Movilidad y Agencias y Colonias; Irasema Aquino Gonz\u00e1lez, Regidora de Desarrollo Econ\u00f3mico y Mejora Regulatoria; Diputada, Luisa Cort\u00e9s Garc\u00eda; Beltr\u00e1n L\u00f3pez Garc\u00eda, presidente comunitario de participaci\u00f3n social de la comunidad colonia Solidaridad; Elizabeth Hern\u00e1ndez G\u00f3mez, presidenta de la comunidad de la Colonia 10 de Abril.<\/p>\n\n\n\n<p>El acto simb\u00f3lico de la bendici\u00f3n del camino artesanal fue encabezado por del sacerdote, \u00c1ngel Genaro Legorreta Guzm\u00e1n.<\/p>\n\n\n\n<figure class=\"wp-block-image size-large\"><img fetchpriority=\"high\" decoding=\"async\" width=\"720\" height=\"480\" src=\"https:\/\/contextoanalisisperiodistico.com\/wp-content\/uploads\/2023\/11\/fb_img_17012956752388931725242094145559.jpg\" alt=\"\" class=\"wp-image-21763\" srcset=\"https:\/\/contextoanalisisperiodistico.com\/wp-content\/uploads\/2023\/11\/fb_img_17012956752388931725242094145559.jpg 720w, https:\/\/contextoanalisisperiodistico.com\/wp-content\/uploads\/2023\/11\/fb_img_17012956752388931725242094145559-300x200.jpg 300w\" sizes=\"(max-width: 720px) 100vw, 720px\" \/><\/figure>\n\n\n\n<figure class=\"wp-block-video\"><video controls src=\"https:\/\/contextoanalisisperiodistico.com\/wp-content\/uploads\/2023\/11\/20231129_102907.mp4\"><\/video><\/figure>\n\n\n\n<figure class=\"wp-block-video\"><video controls src=\"https:\/\/contextoanalisisperiodistico.com\/wp-content\/uploads\/2023\/11\/20231129_103755.mp4\"><\/video><\/figure>\n\n\n\n<figure class=\"wp-block-video\"><video controls src=\"https:\/\/contextoanalisisperiodistico.com\/wp-content\/uploads\/2023\/11\/20231129_101902.mp4\"><\/video><\/figure>\n\n\n\n<figure class=\"wp-block-video\"><video controls src=\"https:\/\/contextoanalisisperiodistico.com\/wp-content\/uploads\/2023\/11\/20231129_102139.mp4\"><\/video><\/figure>\n\n\n\n<figure class=\"wp-block-video\"><\/figure>\n","protected":false},"excerpt":{"rendered":"<p>*) Como inusitado, calific\u00f3 la obra caminera capitalina el Edil de Oaxaca de Ju\u00e1rez Mario&#8230;<\/p>\n","protected":false},"author":4,"featured_media":21762,"comment_status":"","ping_status":"open","sticky":false,"template":"","format":"standard","meta":{"footnotes":""},"categories":[9],"tags":[],"jetpack_sharing_enabled":true,"featured_image_urls":{"full":["https:\/\/contextoanalisisperiodistico.com\/wp-content\/uploads\/2023\/11\/FB_IMG_1701295660069.jpg",720,1080,false],"thumbnail":["https:\/\/contextoanalisisperiodistico.com\/wp-content\/uploads\/2023\/11\/FB_IMG_1701295660069-150x150.jpg",150,150,true],"medium":["https:\/\/contextoanalisisperiodistico.com\/wp-content\/uploads\/2023\/11\/FB_IMG_1701295660069-200x300.jpg",200,300,true],"medium_large":["https:\/\/contextoanalisisperiodistico.com\/wp-content\/uploads\/2023\/11\/FB_IMG_1701295660069.jpg",640,960,false],"large":["https:\/\/contextoanalisisperiodistico.com\/wp-content\/uploads\/2023\/11\/FB_IMG_1701295660069-683x1024.jpg",640,960,true],"1536x1536":["https:\/\/contextoanalisisperiodistico.com\/wp-content\/uploads\/2023\/11\/FB_IMG_1701295660069.jpg",720,1080,false],"2048x2048":["https:\/\/contextoanalisisperiodistico.com\/wp-content\/uploads\/2023\/11\/FB_IMG_1701295660069.jpg",720,1080,false],"covernews-slider-full":["https:\/\/contextoanalisisperiodistico.com\/wp-content\/uploads\/2023\/11\/FB_IMG_1701295660069-720x715.jpg",720,715,true],"covernews-slider-center":["https:\/\/contextoanalisisperiodistico.com\/wp-content\/uploads\/2023\/11\/FB_IMG_1701295660069-720x500.jpg",720,500,true],"covernews-featured":["https:\/\/contextoanalisisperiodistico.com\/wp-content\/uploads\/2023\/11\/FB_IMG_1701295660069.jpg",720,1080,false],"covernews-medium":["https:\/\/contextoanalisisperiodistico.com\/wp-content\/uploads\/2023\/11\/FB_IMG_1701295660069-540x340.jpg",540,340,true],"covernews-medium-square":["https:\/\/contextoanalisisperiodistico.com\/wp-content\/uploads\/2023\/11\/FB_IMG_1701295660069-400x250.jpg",400,250,true]},"author_info":{"display_name":"Mario Gir\u00f3n","author_link":"https:\/\/contextoanalisisperiodistico.com\/index.php\/author\/director\/"},"category_info":"<a href=\"https:\/\/contextoanalisisperiodistico.com\/index.php\/category\/politica\/\" rel=\"category tag\">Pol\u00edtica<\/a>","tag_info":"Pol\u00edtica","comment_count":"0","jetpack_featured_media_url":"https:\/\/contextoanalisisperiodistico.com\/wp-content\/uploads\/2023\/11\/FB_IMG_1701295660069.jpg","_links":{"self":[{"href":"https:\/\/contextoanalisisperiodistico.com\/index.php\/wp-json\/wp\/v2\/posts\/21769"}],"collection":[{"href":"https:\/\/contextoanalisisperiodistico.com\/index.php\/wp-json\/wp\/v2\/posts"}],"about":[{"href":"https:\/\/contextoanalisisperiodistico.com\/index.php\/wp-json\/wp\/v2\/types\/post"}],"author":[{"embeddable":true,"href":"https:\/\/contextoanalisisperiodistico.com\/index.php\/wp-json\/wp\/v2\/users\/4"}],"replies":[{"embeddable":true,"href":"https:\/\/contextoanalisisperiodistico.com\/index.php\/wp-json\/wp\/v2\/comments?post=21769"}],"version-history":[{"count":0,"href":"https:\/\/contextoanalisisperiodistico.com\/index.php\/wp-json\/wp\/v2\/posts\/21769\/revisions"}],"wp:featuredmedia":[{"embeddable":true,"href":"https:\/\/contextoanalisisperiodistico.com\/index.php\/wp-json\/wp\/v2\/media\/21762"}],"wp:attachment":[{"href":"https:\/\/contextoanalisisperiodistico.com\/index.php\/wp-json\/wp\/v2\/media?parent=21769"}],"wp:term":[{"taxonomy":"category","embeddable":true,"href":"https:\/\/contextoanalisisperiodistico.com\/index.php\/wp-json\/wp\/v2\/categories?post=21769"},{"taxonomy":"post_tag","embeddable":true,"href":"https:\/\/contextoanalisisperiodistico.com\/index.php\/wp-json\/wp\/v2\/tags?post=21769"}],"curies":[{"name":"wp","href":"https:\/\/api.w.org\/{rel}","templated":true}]}}