{"id":21761,"date":"2023-11-29T15:55:29","date_gmt":"2023-11-29T21:55:29","guid":{"rendered":"https:\/\/contextoanalisisperiodistico.com\/index.php\/2023\/11\/29\/se-reune-salomon-jara-y-zoe-robledo-para-analizar-inicio-oficial-del-imss-bienestar\/"},"modified":"2023-11-29T15:55:29","modified_gmt":"2023-11-29T21:55:29","slug":"se-reune-salomon-jara-y-zoe-robledo-para-analizar-inicio-oficial-del-imss-bienestar","status":"publish","type":"post","link":"https:\/\/contextoanalisisperiodistico.com\/index.php\/2023\/11\/29\/se-reune-salomon-jara-y-zoe-robledo-para-analizar-inicio-oficial-del-imss-bienestar\/","title":{"rendered":"<em>Se re\u00fane Salom\u00f3n Jara <\/em>y <em> Zo\u00e9 Robledo para analizar inicio oficial del<\/em> <em>IMSS-Bienestar<\/em>"},"content":{"rendered":"<div id=\"fb-root\"><\/div>\n\n<p>Oaxaca de Ju\u00e1rez, Oax. 29 de noviembre de 2023.- El Gobernador de Oaxaca Salom\u00f3n Jara Cruz y el director general del Instituto Mexicano del Seguro Social (IMSS), Zo\u00e9 Robledo Aburto sostuvieron una reuni\u00f3n este mi\u00e9rcoles en Palacio de Gobierno para definir estrategias en materia de salud.<\/p>\n\n\n\n<p>Durante la reuni\u00f3n, en la que estuvo presente funcionariado de la administraci\u00f3n estatal y del IMSS, se evalu\u00f3 la estrategia de atenci\u00f3n a la problem\u00e1tica existente en el rubro de salud, antes de poner en marcha la universalizaci\u00f3n de los servicios de salud en la entidad.<\/p>\n\n\n\n<p>Tambi\u00e9n, se detallaron algunos avances en procesos administrativos y f\u00edsicos de unidades m\u00e9dicas en diversas regiones de la entidad.<\/p>\n\n\n\n<p>El Mandatario Estatal reconoci\u00f3 al Presidente de la Rep\u00fablica Andr\u00e9s Manuel L\u00f3pez Obrador y a Robledo Aburto por el empe\u00f1o para garantizar este derecho humano de los y las oaxaque\u00f1as, y brindar el programa IMSS-Bienestar en favor de cientos de familias.<\/p>\n\n\n\n<p>El director general del IMSS Zo\u00e9 Robledo inform\u00f3 que se mantienen los trabajos te fortalecimiento de la operaci\u00f3n del plan de salud y la mejora continua de los servicios.<\/p>\n\n\n\n<p>\u201cEl d\u00eda de hoy acudimos a Oaxaca por instrucci\u00f3n del Presidente para revisar temas importantes como el abasto de medicamentos e insumos, y otros temas\u201d, dijo.<\/p>\n\n\n\n<p>En la reuni\u00f3n estuvieron presentes autoridades del Seguro Social, el director general del OPD IMSS Bienestar, Alejandro Calder\u00f3n Alipi; el equipo de infraestructura, abasto y la coordinadora de IMSS Bienestar en Oaxaca, Soledad Z\u00e1rate Hern\u00e1ndez.<\/p>\n\n\n\n<p>-0-<\/p>\n\n\n\n<figure class=\"wp-block-image size-large\"><img fetchpriority=\"high\" decoding=\"async\" width=\"1024\" height=\"682\" src=\"https:\/\/contextoanalisisperiodistico.com\/wp-content\/uploads\/2023\/11\/img-20231129-wa0063409219043327944356-1024x682.jpg\" alt=\"\" class=\"wp-image-21759\" srcset=\"https:\/\/contextoanalisisperiodistico.com\/wp-content\/uploads\/2023\/11\/img-20231129-wa0063409219043327944356-1024x682.jpg 1024w, https:\/\/contextoanalisisperiodistico.com\/wp-content\/uploads\/2023\/11\/img-20231129-wa0063409219043327944356-300x200.jpg 300w, https:\/\/contextoanalisisperiodistico.com\/wp-content\/uploads\/2023\/11\/img-20231129-wa0063409219043327944356-768x512.jpg 768w, https:\/\/contextoanalisisperiodistico.com\/wp-content\/uploads\/2023\/11\/img-20231129-wa0063409219043327944356.jpg 1100w\" sizes=\"(max-width: 1024px) 100vw, 1024px\" \/><\/figure>\n\n\n\n<figure class=\"wp-block-image\"><img decoding=\"async\" width=\"1024\" height=\"682\" src=\"https:\/\/contextoanalisisperiodistico.com\/wp-content\/uploads\/2023\/11\/img-20231129-wa00627054051100447465042-1024x682.jpg\" alt=\"\" class=\"wp-image-21760\" srcset=\"https:\/\/contextoanalisisperiodistico.com\/wp-content\/uploads\/2023\/11\/img-20231129-wa00627054051100447465042-1024x682.jpg 1024w, https:\/\/contextoanalisisperiodistico.com\/wp-content\/uploads\/2023\/11\/img-20231129-wa00627054051100447465042-300x200.jpg 300w, https:\/\/contextoanalisisperiodistico.com\/wp-content\/uploads\/2023\/11\/img-20231129-wa00627054051100447465042-768x512.jpg 768w, https:\/\/contextoanalisisperiodistico.com\/wp-content\/uploads\/2023\/11\/img-20231129-wa00627054051100447465042.jpg 1100w\" sizes=\"(max-width: 1024px) 100vw, 1024px\" \/><\/figure>\n","protected":false},"excerpt":{"rendered":"<p>Oaxaca de Ju\u00e1rez, Oax. 29 de noviembre de 2023.- El Gobernador de Oaxaca Salom\u00f3n Jara&#8230;<\/p>\n","protected":false},"author":4,"featured_media":21758,"comment_status":"","ping_status":"open","sticky":false,"template":"","format":"standard","meta":{"footnotes":""},"categories":[9],"tags":[],"jetpack_sharing_enabled":true,"featured_image_urls":{"full":["https:\/\/contextoanalisisperiodistico.com\/wp-content\/uploads\/2023\/11\/IMG-20231129-WA0065.jpg",1100,733,false],"thumbnail":["https:\/\/contextoanalisisperiodistico.com\/wp-content\/uploads\/2023\/11\/IMG-20231129-WA0065-150x150.jpg",150,150,true],"medium":["https:\/\/contextoanalisisperiodistico.com\/wp-content\/uploads\/2023\/11\/IMG-20231129-WA0065-300x200.jpg",300,200,true],"medium_large":["https:\/\/contextoanalisisperiodistico.com\/wp-content\/uploads\/2023\/11\/IMG-20231129-WA0065-768x512.jpg",640,427,true],"large":["https:\/\/contextoanalisisperiodistico.com\/wp-content\/uploads\/2023\/11\/IMG-20231129-WA0065-1024x682.jpg",640,426,true],"1536x1536":["https:\/\/contextoanalisisperiodistico.com\/wp-content\/uploads\/2023\/11\/IMG-20231129-WA0065.jpg",1100,733,false],"2048x2048":["https:\/\/contextoanalisisperiodistico.com\/wp-content\/uploads\/2023\/11\/IMG-20231129-WA0065.jpg",1100,733,false],"covernews-slider-full":["https:\/\/contextoanalisisperiodistico.com\/wp-content\/uploads\/2023\/11\/IMG-20231129-WA0065-1100x715.jpg",1100,715,true],"covernews-slider-center":["https:\/\/contextoanalisisperiodistico.com\/wp-content\/uploads\/2023\/11\/IMG-20231129-WA0065-800x500.jpg",800,500,true],"covernews-featured":["https:\/\/contextoanalisisperiodistico.com\/wp-content\/uploads\/2023\/11\/IMG-20231129-WA0065-1024x682.jpg",1024,682,true],"covernews-medium":["https:\/\/contextoanalisisperiodistico.com\/wp-content\/uploads\/2023\/11\/IMG-20231129-WA0065-540x340.jpg",540,340,true],"covernews-medium-square":["https:\/\/contextoanalisisperiodistico.com\/wp-content\/uploads\/2023\/11\/IMG-20231129-WA0065-400x250.jpg",400,250,true]},"author_info":{"display_name":"Mario Gir\u00f3n","author_link":"https:\/\/contextoanalisisperiodistico.com\/index.php\/author\/director\/"},"category_info":"<a href=\"https:\/\/contextoanalisisperiodistico.com\/index.php\/category\/politica\/\" rel=\"category tag\">Pol\u00edtica<\/a>","tag_info":"Pol\u00edtica","comment_count":"0","jetpack_featured_media_url":"https:\/\/contextoanalisisperiodistico.com\/wp-content\/uploads\/2023\/11\/IMG-20231129-WA0065.jpg","_links":{"self":[{"href":"https:\/\/contextoanalisisperiodistico.com\/index.php\/wp-json\/wp\/v2\/posts\/21761"}],"collection":[{"href":"https:\/\/contextoanalisisperiodistico.com\/index.php\/wp-json\/wp\/v2\/posts"}],"about":[{"href":"https:\/\/contextoanalisisperiodistico.com\/index.php\/wp-json\/wp\/v2\/types\/post"}],"author":[{"embeddable":true,"href":"https:\/\/contextoanalisisperiodistico.com\/index.php\/wp-json\/wp\/v2\/users\/4"}],"replies":[{"embeddable":true,"href":"https:\/\/contextoanalisisperiodistico.com\/index.php\/wp-json\/wp\/v2\/comments?post=21761"}],"version-history":[{"count":0,"href":"https:\/\/contextoanalisisperiodistico.com\/index.php\/wp-json\/wp\/v2\/posts\/21761\/revisions"}],"wp:featuredmedia":[{"embeddable":true,"href":"https:\/\/contextoanalisisperiodistico.com\/index.php\/wp-json\/wp\/v2\/media\/21758"}],"wp:attachment":[{"href":"https:\/\/contextoanalisisperiodistico.com\/index.php\/wp-json\/wp\/v2\/media?parent=21761"}],"wp:term":[{"taxonomy":"category","embeddable":true,"href":"https:\/\/contextoanalisisperiodistico.com\/index.php\/wp-json\/wp\/v2\/categories?post=21761"},{"taxonomy":"post_tag","embeddable":true,"href":"https:\/\/contextoanalisisperiodistico.com\/index.php\/wp-json\/wp\/v2\/tags?post=21761"}],"curies":[{"name":"wp","href":"https:\/\/api.w.org\/{rel}","templated":true}]}}