{"id":21752,"date":"2023-11-28T20:22:21","date_gmt":"2023-11-29T02:22:21","guid":{"rendered":"https:\/\/contextoanalisisperiodistico.com\/index.php\/2023\/11\/28\/dif-oaxaca-aliado-de-los-grupos-vulnerables-nino-morales\/"},"modified":"2023-11-28T20:22:21","modified_gmt":"2023-11-29T02:22:21","slug":"dif-oaxaca-aliado-de-los-grupos-vulnerables-nino-morales","status":"publish","type":"post","link":"https:\/\/contextoanalisisperiodistico.com\/index.php\/2023\/11\/28\/dif-oaxaca-aliado-de-los-grupos-vulnerables-nino-morales\/","title":{"rendered":"DIF Oaxaca, aliado de los grupos vulnerables: Nino Morales"},"content":{"rendered":"<div id=\"fb-root\"><\/div>\n\n<p>Redacci\u00f3n<\/p>\n\n\n\n<p>Oaxaca de Ju\u00e1rez, Oax.- 28 de noviembre de 2023.- La se\u00f1ora Irma Bola\u00f1os Quijano, transforma la vida de los grupos vulnerables del estado, asever\u00f3 Antonino Morales Toledo, referente estatal de la 4T, al asistir como invitado al Informe de Resultados del Sistema DIF Estatal.<\/p>\n\n\n\n<p>El joven pol\u00edtico del Istmo, reconoci\u00f3 y aplaudi\u00f3, los resultados que durante este a\u00f1o se llevaron a cabo a favor de las familias y grupos vulnerables de todos los rincones del estado, \u00abcomo nunca antes en la historia de la entidad, hay un DIF estatal que trabaja por las familias y los grupos m\u00e1s vulnerables, sin protagonismos y s\u00ed, con amor y mucho coraz\u00f3n por los que menos tienen\u00bb, asever\u00f3 Nino Morales.<\/p>\n\n\n\n<p>Morales Toledo, indic\u00f3 que los programas, proyectos, cursos y talleres que se implementaron como &#8216;Abrigando Corazones&#8217;, la entrega de aparatos funcionales y de movilidad, as\u00ed como, actividades l\u00fadicas y deportivas, muestran el compromiso y el inter\u00e9s que se tiene con todos los sectores de Oaxaca, para que nadie se quede atr\u00e1s y nadie se quede afuera.<\/p>\n\n\n\n<p>Nino Morales, destac\u00f3 que la se\u00f1ora Irma Bola\u00f1os Quijano, sin duda est\u00e1 tranformando la historia de la pol\u00edtica asistencial en el estado, por la cercan\u00eda que tiene con el pueblo, con esa sencillez y compromiso que se le caracteriza y siempre dando los mejores resultados.<\/p>\n\n\n\n<figure class=\"wp-block-image size-large\"><img fetchpriority=\"high\" decoding=\"async\" width=\"1024\" height=\"683\" src=\"https:\/\/contextoanalisisperiodistico.com\/wp-content\/uploads\/2023\/11\/img-20231128-wa01328825944535642431963.jpg\" alt=\"\" class=\"wp-image-21749\" srcset=\"https:\/\/contextoanalisisperiodistico.com\/wp-content\/uploads\/2023\/11\/img-20231128-wa01328825944535642431963.jpg 1024w, https:\/\/contextoanalisisperiodistico.com\/wp-content\/uploads\/2023\/11\/img-20231128-wa01328825944535642431963-300x200.jpg 300w, https:\/\/contextoanalisisperiodistico.com\/wp-content\/uploads\/2023\/11\/img-20231128-wa01328825944535642431963-768x512.jpg 768w\" sizes=\"(max-width: 1024px) 100vw, 1024px\" \/><\/figure>\n\n\n\n<figure class=\"wp-block-image\"><img decoding=\"async\" width=\"300\" height=\"200\" src=\"https:\/\/contextoanalisisperiodistico.com\/wp-content\/uploads\/2023\/11\/img-20231128-wa01318597662345038357001-300x200.jpg\" alt=\"\" class=\"wp-image-21751\" srcset=\"https:\/\/contextoanalisisperiodistico.com\/wp-content\/uploads\/2023\/11\/img-20231128-wa01318597662345038357001-300x200.jpg 300w, https:\/\/contextoanalisisperiodistico.com\/wp-content\/uploads\/2023\/11\/img-20231128-wa01318597662345038357001-768x512.jpg 768w, https:\/\/contextoanalisisperiodistico.com\/wp-content\/uploads\/2023\/11\/img-20231128-wa01318597662345038357001.jpg 1024w\" sizes=\"(max-width: 300px) 100vw, 300px\" \/><\/figure>\n\n\n\n<figure class=\"wp-block-image\"><img decoding=\"async\" width=\"300\" height=\"228\" src=\"https:\/\/contextoanalisisperiodistico.com\/wp-content\/uploads\/2023\/11\/img-20231128-wa01296798716973555028521-300x228.jpg\" alt=\"\" class=\"wp-image-21750\" srcset=\"https:\/\/contextoanalisisperiodistico.com\/wp-content\/uploads\/2023\/11\/img-20231128-wa01296798716973555028521-300x228.jpg 300w, https:\/\/contextoanalisisperiodistico.com\/wp-content\/uploads\/2023\/11\/img-20231128-wa01296798716973555028521-768x583.jpg 768w, https:\/\/contextoanalisisperiodistico.com\/wp-content\/uploads\/2023\/11\/img-20231128-wa01296798716973555028521.jpg 1024w\" sizes=\"(max-width: 300px) 100vw, 300px\" \/><\/figure>\n","protected":false},"excerpt":{"rendered":"<p>Redacci\u00f3n Oaxaca de Ju\u00e1rez, Oax.- 28 de noviembre de 2023.- La se\u00f1ora Irma Bola\u00f1os Quijano,&#8230;<\/p>\n","protected":false},"author":4,"featured_media":21748,"comment_status":"","ping_status":"open","sticky":false,"template":"","format":"standard","meta":{"footnotes":""},"categories":[9],"tags":[],"jetpack_sharing_enabled":true,"featured_image_urls":{"full":["https:\/\/contextoanalisisperiodistico.com\/wp-content\/uploads\/2023\/11\/IMG-20231128-WA0130.jpg",1024,683,false],"thumbnail":["https:\/\/contextoanalisisperiodistico.com\/wp-content\/uploads\/2023\/11\/IMG-20231128-WA0130-150x150.jpg",150,150,true],"medium":["https:\/\/contextoanalisisperiodistico.com\/wp-content\/uploads\/2023\/11\/IMG-20231128-WA0130-300x200.jpg",300,200,true],"medium_large":["https:\/\/contextoanalisisperiodistico.com\/wp-content\/uploads\/2023\/11\/IMG-20231128-WA0130-768x512.jpg",640,427,true],"large":["https:\/\/contextoanalisisperiodistico.com\/wp-content\/uploads\/2023\/11\/IMG-20231128-WA0130.jpg",640,427,false],"1536x1536":["https:\/\/contextoanalisisperiodistico.com\/wp-content\/uploads\/2023\/11\/IMG-20231128-WA0130.jpg",1024,683,false],"2048x2048":["https:\/\/contextoanalisisperiodistico.com\/wp-content\/uploads\/2023\/11\/IMG-20231128-WA0130.jpg",1024,683,false],"covernews-slider-full":["https:\/\/contextoanalisisperiodistico.com\/wp-content\/uploads\/2023\/11\/IMG-20231128-WA0130.jpg",1024,683,false],"covernews-slider-center":["https:\/\/contextoanalisisperiodistico.com\/wp-content\/uploads\/2023\/11\/IMG-20231128-WA0130-800x500.jpg",800,500,true],"covernews-featured":["https:\/\/contextoanalisisperiodistico.com\/wp-content\/uploads\/2023\/11\/IMG-20231128-WA0130.jpg",1024,683,false],"covernews-medium":["https:\/\/contextoanalisisperiodistico.com\/wp-content\/uploads\/2023\/11\/IMG-20231128-WA0130-540x340.jpg",540,340,true],"covernews-medium-square":["https:\/\/contextoanalisisperiodistico.com\/wp-content\/uploads\/2023\/11\/IMG-20231128-WA0130-400x250.jpg",400,250,true]},"author_info":{"display_name":"Mario Gir\u00f3n","author_link":"https:\/\/contextoanalisisperiodistico.com\/index.php\/author\/director\/"},"category_info":"<a href=\"https:\/\/contextoanalisisperiodistico.com\/index.php\/category\/politica\/\" rel=\"category tag\">Pol\u00edtica<\/a>","tag_info":"Pol\u00edtica","comment_count":"0","jetpack_featured_media_url":"https:\/\/contextoanalisisperiodistico.com\/wp-content\/uploads\/2023\/11\/IMG-20231128-WA0130.jpg","_links":{"self":[{"href":"https:\/\/contextoanalisisperiodistico.com\/index.php\/wp-json\/wp\/v2\/posts\/21752"}],"collection":[{"href":"https:\/\/contextoanalisisperiodistico.com\/index.php\/wp-json\/wp\/v2\/posts"}],"about":[{"href":"https:\/\/contextoanalisisperiodistico.com\/index.php\/wp-json\/wp\/v2\/types\/post"}],"author":[{"embeddable":true,"href":"https:\/\/contextoanalisisperiodistico.com\/index.php\/wp-json\/wp\/v2\/users\/4"}],"replies":[{"embeddable":true,"href":"https:\/\/contextoanalisisperiodistico.com\/index.php\/wp-json\/wp\/v2\/comments?post=21752"}],"version-history":[{"count":0,"href":"https:\/\/contextoanalisisperiodistico.com\/index.php\/wp-json\/wp\/v2\/posts\/21752\/revisions"}],"wp:featuredmedia":[{"embeddable":true,"href":"https:\/\/contextoanalisisperiodistico.com\/index.php\/wp-json\/wp\/v2\/media\/21748"}],"wp:attachment":[{"href":"https:\/\/contextoanalisisperiodistico.com\/index.php\/wp-json\/wp\/v2\/media?parent=21752"}],"wp:term":[{"taxonomy":"category","embeddable":true,"href":"https:\/\/contextoanalisisperiodistico.com\/index.php\/wp-json\/wp\/v2\/categories?post=21752"},{"taxonomy":"post_tag","embeddable":true,"href":"https:\/\/contextoanalisisperiodistico.com\/index.php\/wp-json\/wp\/v2\/tags?post=21752"}],"curies":[{"name":"wp","href":"https:\/\/api.w.org\/{rel}","templated":true}]}}