{"id":21698,"date":"2023-11-27T19:11:33","date_gmt":"2023-11-28T01:11:33","guid":{"rendered":"https:\/\/contextoanalisisperiodistico.com\/?p=21698"},"modified":"2023-11-27T19:15:28","modified_gmt":"2023-11-28T01:15:28","slug":"con-paro-de-servicios-responde-manana-cobao-al-no-hay-dinero-de-la-sems","status":"publish","type":"post","link":"https:\/\/contextoanalisisperiodistico.com\/index.php\/2023\/11\/27\/con-paro-de-servicios-responde-manana-cobao-al-no-hay-dinero-de-la-sems\/","title":{"rendered":"Con paro de servicios responde ma\u00f1ana COBAO al \u201cno hay dinero\u201d de la SEMS"},"content":{"rendered":"<div id=\"fb-root\"><\/div>\n\n<p>Mario GIR\u00d3N \/ Jaime GARC\u00cdA <\/p>\n\n\n\n<p>A la respuesta \u201cno hay dinero\u201d lo que se traduce como violencia en perjuicio econ\u00f3mico de dos mil 500 trabajadores, con un paro de servicios educativo de 12 horas, para el d\u00eda de ma\u00f1ana, responder\u00e1 el Sindicato \u00danico de Trabajadores del COBAO con el objetivo de presionar y alcanzar pago inmediato del 6% de incremento de salarial m\u00e1s 2.2% en prestaciones que debi\u00f3 entregarse en el pasado mes de junio, inform\u00f3 el dirigente del gremio MCE Rufino Olea Gonz\u00e1lez.<\/p>\n\n\n\n<p><br \/>En Conferencia de medios, denunci\u00f3 \u201ccada a\u00f1o, la autoridad educativa federal nos discrimina al no entregar el dinero del presupuesto que toca a la Federaci\u00f3n para que Oaxaca y, en particular la Direcci\u00f3n General del COBAO, pueda pagarle el incremento y todo lo dem\u00e1s a sus trabajadores\u201d.<\/p>\n\n\n\n<p><br \/>Con el respaldo presencial del secretario general del CECYTE, MCE, Julio Mart\u00edn D\u00edaz S\u00e1nchez, de Telebachilleratos, as\u00ed como de la secretaria de Organizaci\u00f3n del SUTCOBAO, Mitzi Silvia Ramos, Olea Gonz\u00e1lez responsabiliz\u00f3 del paro de servicios educativos a la SEP, a trav\u00e9s de la Subsecretar\u00eda de Educaci\u00f3n Media Superior (SEMS):<\/p>\n\n\n\n<p><br \/>\u201cEn la antesala de su final el mes de noviembre y la dependencia federal no ha sido capaz de pagar el anunci\u00f3 del 15 de mayo correspondiente al incremento salarial, retroactivo al 1 de enero, irresponsabilidad administrativa en perjuicio de miles de trabajadores oaxaque\u00f1os de los sindicatos COBAO, CECYTE y Telebachilleratos\u201d.<\/p>\n\n\n\n<p><br \/>De su parte, Julio Mart\u00edn D\u00edaz S\u00e1nchez, secretario general del CECYTE, agreg\u00f3 que este sector educativo podr\u00eda anunciar tambi\u00e9n, m\u00e1s adelante, suspensi\u00f3n de servicios educativos: \u201csolo queremos que nos paguen; no existe justificaci\u00f3n para que no se nos pague\u201d. Reconoci\u00f3 que el poder adquisitivo de ese 6% directo al salario sigue devalu\u00e1ndose conforme transcurre el tiempo\u201d.<\/p>\n\n\n\n<figure class=\"wp-block-video\"><video controls src=\"https:\/\/contextoanalisisperiodistico.com\/wp-content\/uploads\/2023\/11\/VID-20231127-WA0057.mp4\"><\/video><figcaption class=\"wp-element-caption\">MCE Rufino Olea Gonz\u00e1lez, COBAO<\/figcaption><\/figure>\n\n\n\n<p><br \/>Olea Gonz\u00e1lez explic\u00f3 que en el caso del Gobierno del Estado, cuenta con el recurso financiero que le corresponde aportar, solo que el SEMS no ha entregado la parte que le corresponde y toda vez que la entrega econ\u00f3mica debe ser completa, por lo que los compa\u00f1eros del CECYTE, Telebachilleratos y COBAO no aceptar\u00edamos solo la mitad del incremento salarial y prestaciones, es decir, la parte del Estado.<\/p>\n\n\n\n<p>Agreg\u00f3: \u201csabemos que en otros niveles educativos los incrementos han sido pagados desde la segunda quincena de junio, y solo a trabajadores de educaci\u00f3n media superior, COBAO, CECYTE y Telebachilleratos de todo el pa\u00eds no se has pagado el incremento, retroactivo y mucho menos las medidas del bienestar anunciadas por el presidente Andr\u00e9s Manuel L\u00f3pez Obrador.<\/p>\n\n\n\n<p>De 7 de la ma\u00f1ana a las 19 horas ser\u00e1 el paro de servicios educativos en donde se buscar\u00e1:<br \/>Pago de mil 600 pesos como sueldo mensual m\u00ednimo a trabajadores que ganen menos de esa cantidad y garantizar el pago de salarios y prestaciones de fin de a\u00f1o para pagarse antes del 15 de diciembre.<\/p>\n\n\n\n<figure class=\"wp-block-video\"><video controls src=\"https:\/\/contextoanalisisperiodistico.com\/wp-content\/uploads\/2023\/11\/VID-20231127-WA0055.mp4\"><\/video><figcaption class=\"wp-element-caption\">MCE Julio Mart\u00edn D\u00edaz S\u00e1nchez <\/figcaption><\/figure>\n\n\n\n<figure class=\"wp-block-video\"><video controls src=\"https:\/\/contextoanalisisperiodistico.com\/wp-content\/uploads\/2023\/11\/20231127_122124.mp4\"><\/video><\/figure>\n\n\n\n<figure class=\"wp-block-video\"><video controls src=\"https:\/\/contextoanalisisperiodistico.com\/wp-content\/uploads\/2023\/11\/20231127_122028.mp4\"><\/video><\/figure>\n\n\n\n<figure class=\"wp-block-video\"><\/figure>\n","protected":false},"excerpt":{"rendered":"<p>Mario GIR\u00d3N \/ Jaime GARC\u00cdA A la respuesta \u201cno hay dinero\u201d lo que se traduce&#8230;<\/p>\n","protected":false},"author":4,"featured_media":21696,"comment_status":"closed","ping_status":"open","sticky":false,"template":"","format":"standard","meta":{"footnotes":""},"categories":[9],"tags":[],"jetpack_sharing_enabled":true,"featured_image_urls":{"full":["https:\/\/contextoanalisisperiodistico.com\/wp-content\/uploads\/2023\/11\/IMG-20231127-WA0027.jpg",1280,576,false],"thumbnail":["https:\/\/contextoanalisisperiodistico.com\/wp-content\/uploads\/2023\/11\/IMG-20231127-WA0027-150x150.jpg",150,150,true],"medium":["https:\/\/contextoanalisisperiodistico.com\/wp-content\/uploads\/2023\/11\/IMG-20231127-WA0027-300x135.jpg",300,135,true],"medium_large":["https:\/\/contextoanalisisperiodistico.com\/wp-content\/uploads\/2023\/11\/IMG-20231127-WA0027-768x346.jpg",640,288,true],"large":["https:\/\/contextoanalisisperiodistico.com\/wp-content\/uploads\/2023\/11\/IMG-20231127-WA0027-1024x461.jpg",640,288,true],"1536x1536":["https:\/\/contextoanalisisperiodistico.com\/wp-content\/uploads\/2023\/11\/IMG-20231127-WA0027.jpg",1280,576,false],"2048x2048":["https:\/\/contextoanalisisperiodistico.com\/wp-content\/uploads\/2023\/11\/IMG-20231127-WA0027.jpg",1280,576,false],"covernews-slider-full":["https:\/\/contextoanalisisperiodistico.com\/wp-content\/uploads\/2023\/11\/IMG-20231127-WA0027-1115x576.jpg",1115,576,true],"covernews-slider-center":["https:\/\/contextoanalisisperiodistico.com\/wp-content\/uploads\/2023\/11\/IMG-20231127-WA0027-800x500.jpg",800,500,true],"covernews-featured":["https:\/\/contextoanalisisperiodistico.com\/wp-content\/uploads\/2023\/11\/IMG-20231127-WA0027-1024x461.jpg",1024,461,true],"covernews-medium":["https:\/\/contextoanalisisperiodistico.com\/wp-content\/uploads\/2023\/11\/IMG-20231127-WA0027-540x340.jpg",540,340,true],"covernews-medium-square":["https:\/\/contextoanalisisperiodistico.com\/wp-content\/uploads\/2023\/11\/IMG-20231127-WA0027-400x250.jpg",400,250,true]},"author_info":{"display_name":"Mario Gir\u00f3n","author_link":"https:\/\/contextoanalisisperiodistico.com\/index.php\/author\/director\/"},"category_info":"<a href=\"https:\/\/contextoanalisisperiodistico.com\/index.php\/category\/politica\/\" rel=\"category tag\">Pol\u00edtica<\/a>","tag_info":"Pol\u00edtica","comment_count":"0","jetpack_featured_media_url":"https:\/\/contextoanalisisperiodistico.com\/wp-content\/uploads\/2023\/11\/IMG-20231127-WA0027.jpg","_links":{"self":[{"href":"https:\/\/contextoanalisisperiodistico.com\/index.php\/wp-json\/wp\/v2\/posts\/21698"}],"collection":[{"href":"https:\/\/contextoanalisisperiodistico.com\/index.php\/wp-json\/wp\/v2\/posts"}],"about":[{"href":"https:\/\/contextoanalisisperiodistico.com\/index.php\/wp-json\/wp\/v2\/types\/post"}],"author":[{"embeddable":true,"href":"https:\/\/contextoanalisisperiodistico.com\/index.php\/wp-json\/wp\/v2\/users\/4"}],"replies":[{"embeddable":true,"href":"https:\/\/contextoanalisisperiodistico.com\/index.php\/wp-json\/wp\/v2\/comments?post=21698"}],"version-history":[{"count":1,"href":"https:\/\/contextoanalisisperiodistico.com\/index.php\/wp-json\/wp\/v2\/posts\/21698\/revisions"}],"predecessor-version":[{"id":21702,"href":"https:\/\/contextoanalisisperiodistico.com\/index.php\/wp-json\/wp\/v2\/posts\/21698\/revisions\/21702"}],"wp:featuredmedia":[{"embeddable":true,"href":"https:\/\/contextoanalisisperiodistico.com\/index.php\/wp-json\/wp\/v2\/media\/21696"}],"wp:attachment":[{"href":"https:\/\/contextoanalisisperiodistico.com\/index.php\/wp-json\/wp\/v2\/media?parent=21698"}],"wp:term":[{"taxonomy":"category","embeddable":true,"href":"https:\/\/contextoanalisisperiodistico.com\/index.php\/wp-json\/wp\/v2\/categories?post=21698"},{"taxonomy":"post_tag","embeddable":true,"href":"https:\/\/contextoanalisisperiodistico.com\/index.php\/wp-json\/wp\/v2\/tags?post=21698"}],"curies":[{"name":"wp","href":"https:\/\/api.w.org\/{rel}","templated":true}]}}