{"id":21691,"date":"2023-11-27T15:46:54","date_gmt":"2023-11-27T21:46:54","guid":{"rendered":"https:\/\/contextoanalisisperiodistico.com\/index.php\/2023\/11\/27\/invita-gobierno-a-la-feria-de-la-agrobiodiversidad\/"},"modified":"2023-11-27T15:46:54","modified_gmt":"2023-11-27T21:46:54","slug":"invita-gobierno-a-la-feria-de-la-agrobiodiversidad","status":"publish","type":"post","link":"https:\/\/contextoanalisisperiodistico.com\/index.php\/2023\/11\/27\/invita-gobierno-a-la-feria-de-la-agrobiodiversidad\/","title":{"rendered":"Invita Gobierno a la Feria de la Agrobiodiversidad"},"content":{"rendered":"<div id=\"fb-root\"><\/div>\n\n<p>\u2022 La d\u00e9cimo primera edici\u00f3n se realizar\u00e1 el 2 de diciembre en la localidad de Uni\u00f3n Zapata, San Pablo Villa de Mitla, a partir de las 09:00 horas<\/p>\n\n\n\n<p><br>\u2022 El objetivo es sensibilizar a las personas asistentes sobre la importancia de la conservaci\u00f3n de la riqueza gen\u00e9tica agr\u00edcola de Oaxaca<\/p>\n\n\n\n<figure class=\"wp-block-image size-large\"><img fetchpriority=\"high\" decoding=\"async\" width=\"639\" height=\"960\" src=\"https:\/\/contextoanalisisperiodistico.com\/wp-content\/uploads\/2023\/11\/img-20231127-wa00846548446293946364910.jpg\" alt=\"\" class=\"wp-image-21690\" srcset=\"https:\/\/contextoanalisisperiodistico.com\/wp-content\/uploads\/2023\/11\/img-20231127-wa00846548446293946364910.jpg 639w, https:\/\/contextoanalisisperiodistico.com\/wp-content\/uploads\/2023\/11\/img-20231127-wa00846548446293946364910-200x300.jpg 200w\" sizes=\"(max-width: 639px) 100vw, 639px\" \/><\/figure>\n\n\n\n<p>Oaxaca de Ju\u00e1rez, Oax. 27 de noviembre de 2023.- El Gobierno del Estado invita a la sociedad a la d\u00e9cimo primera Feria Estatal de la Agrobiodiversidad que se llevar\u00e1 a cabo el 2 de diciembre a partir de las 09:00 horas en la localidad de Uni\u00f3n Zapata, San Pablo Villa de Mitla, en la que personas organizadoras, productoras, autoridades locales y comunidades intercambiar\u00e1n experiencias que promuevan la conservaci\u00f3n de especies agr\u00edcolas originarias de la entidad.<\/p>\n\n\n\n<p>Esta actividad gratuita organizada por la Secretar\u00eda de Fomento Agroalimentario y Desarrollo Rural (Sefader) se realizar\u00e1 con el objetivo de sensibilizar a las personas asistentes sobre la importancia de conservar la riqueza gen\u00e9tica, los usos y la calidad culinaria en la elaboraci\u00f3n de productos tradicionales de las ocho regiones del estado, as\u00ed como promover el intercambio y mejoramiento de las semillas nativas entre las y los agricultores.<\/p>\n\n\n\n<p>La Feria Estatal de la Agrobiodiversidad se lleva a cabo debido a que Oaxaca es el estado que ocupa el primer lugar en biodiversidad a nivel nacional, cuenta con 16 grupos \u00e9tnicos, y es uno de los centros de origen y domesticaci\u00f3n de las semillas de calabaza, chile, frijol y ma\u00edz, donde se han registrado 35 de las 64 razas existentes en M\u00e9xico.<\/p>\n\n\n\n<p>Durante esta edici\u00f3n habr\u00e1 talleres, ponencias, exposiciones, actividades culturales, venta de productos agroalimentarios, concurso y premiaci\u00f3n de productoras y productores con la mejor calidad y diversidad de semillas o productos.<\/p>\n\n\n\n<p>M\u00e1s de 500 personas agricultoras expondr\u00e1n las semillas y frutos que cultivan en sus huertos o parcelas y los que elaboran con ellos, como mazorcas de ma\u00edz criollo, camotes, huajes, plantas medicinales, amaranto, entre otros.<\/p>\n\n\n\n<p>Cabe destacar que a lo largo de 10 a\u00f1os este encuentro ha reunido a m\u00e1s de 10 mil personas visitantes y cuatro mil personas agricultoras.<\/p>\n\n\n\n<p>-0-<\/p>\n","protected":false},"excerpt":{"rendered":"<p>\u2022 La d\u00e9cimo primera edici\u00f3n se realizar\u00e1 el 2 de diciembre en la localidad de&#8230;<\/p>\n","protected":false},"author":4,"featured_media":21689,"comment_status":"","ping_status":"open","sticky":false,"template":"","format":"standard","meta":{"footnotes":""},"categories":[9],"tags":[],"jetpack_sharing_enabled":true,"featured_image_urls":{"full":["https:\/\/contextoanalisisperiodistico.com\/wp-content\/uploads\/2023\/11\/IMG-20231127-WA0083.jpg",848,758,false],"thumbnail":["https:\/\/contextoanalisisperiodistico.com\/wp-content\/uploads\/2023\/11\/IMG-20231127-WA0083-150x150.jpg",150,150,true],"medium":["https:\/\/contextoanalisisperiodistico.com\/wp-content\/uploads\/2023\/11\/IMG-20231127-WA0083-300x268.jpg",300,268,true],"medium_large":["https:\/\/contextoanalisisperiodistico.com\/wp-content\/uploads\/2023\/11\/IMG-20231127-WA0083-768x686.jpg",640,572,true],"large":["https:\/\/contextoanalisisperiodistico.com\/wp-content\/uploads\/2023\/11\/IMG-20231127-WA0083.jpg",640,572,false],"1536x1536":["https:\/\/contextoanalisisperiodistico.com\/wp-content\/uploads\/2023\/11\/IMG-20231127-WA0083.jpg",848,758,false],"2048x2048":["https:\/\/contextoanalisisperiodistico.com\/wp-content\/uploads\/2023\/11\/IMG-20231127-WA0083.jpg",848,758,false],"covernews-slider-full":["https:\/\/contextoanalisisperiodistico.com\/wp-content\/uploads\/2023\/11\/IMG-20231127-WA0083-848x715.jpg",848,715,true],"covernews-slider-center":["https:\/\/contextoanalisisperiodistico.com\/wp-content\/uploads\/2023\/11\/IMG-20231127-WA0083-800x500.jpg",800,500,true],"covernews-featured":["https:\/\/contextoanalisisperiodistico.com\/wp-content\/uploads\/2023\/11\/IMG-20231127-WA0083.jpg",848,758,false],"covernews-medium":["https:\/\/contextoanalisisperiodistico.com\/wp-content\/uploads\/2023\/11\/IMG-20231127-WA0083-540x340.jpg",540,340,true],"covernews-medium-square":["https:\/\/contextoanalisisperiodistico.com\/wp-content\/uploads\/2023\/11\/IMG-20231127-WA0083-400x250.jpg",400,250,true]},"author_info":{"display_name":"Mario Gir\u00f3n","author_link":"https:\/\/contextoanalisisperiodistico.com\/index.php\/author\/director\/"},"category_info":"<a href=\"https:\/\/contextoanalisisperiodistico.com\/index.php\/category\/politica\/\" rel=\"category tag\">Pol\u00edtica<\/a>","tag_info":"Pol\u00edtica","comment_count":"0","jetpack_featured_media_url":"https:\/\/contextoanalisisperiodistico.com\/wp-content\/uploads\/2023\/11\/IMG-20231127-WA0083.jpg","_links":{"self":[{"href":"https:\/\/contextoanalisisperiodistico.com\/index.php\/wp-json\/wp\/v2\/posts\/21691"}],"collection":[{"href":"https:\/\/contextoanalisisperiodistico.com\/index.php\/wp-json\/wp\/v2\/posts"}],"about":[{"href":"https:\/\/contextoanalisisperiodistico.com\/index.php\/wp-json\/wp\/v2\/types\/post"}],"author":[{"embeddable":true,"href":"https:\/\/contextoanalisisperiodistico.com\/index.php\/wp-json\/wp\/v2\/users\/4"}],"replies":[{"embeddable":true,"href":"https:\/\/contextoanalisisperiodistico.com\/index.php\/wp-json\/wp\/v2\/comments?post=21691"}],"version-history":[{"count":0,"href":"https:\/\/contextoanalisisperiodistico.com\/index.php\/wp-json\/wp\/v2\/posts\/21691\/revisions"}],"wp:featuredmedia":[{"embeddable":true,"href":"https:\/\/contextoanalisisperiodistico.com\/index.php\/wp-json\/wp\/v2\/media\/21689"}],"wp:attachment":[{"href":"https:\/\/contextoanalisisperiodistico.com\/index.php\/wp-json\/wp\/v2\/media?parent=21691"}],"wp:term":[{"taxonomy":"category","embeddable":true,"href":"https:\/\/contextoanalisisperiodistico.com\/index.php\/wp-json\/wp\/v2\/categories?post=21691"},{"taxonomy":"post_tag","embeddable":true,"href":"https:\/\/contextoanalisisperiodistico.com\/index.php\/wp-json\/wp\/v2\/tags?post=21691"}],"curies":[{"name":"wp","href":"https:\/\/api.w.org\/{rel}","templated":true}]}}