{"id":21681,"date":"2023-11-27T14:50:10","date_gmt":"2023-11-27T20:50:10","guid":{"rendered":"https:\/\/contextoanalisisperiodistico.com\/index.php\/2023\/11\/27\/con-dialogo-e-inteligencia-estableceran-paz-y-gobernabilidad-ante-conflictos-agrarios-en-oaxaca\/"},"modified":"2023-11-27T14:50:10","modified_gmt":"2023-11-27T20:50:10","slug":"con-dialogo-e-inteligencia-estableceran-paz-y-gobernabilidad-ante-conflictos-agrarios-en-oaxaca","status":"publish","type":"post","link":"https:\/\/contextoanalisisperiodistico.com\/index.php\/2023\/11\/27\/con-dialogo-e-inteligencia-estableceran-paz-y-gobernabilidad-ante-conflictos-agrarios-en-oaxaca\/","title":{"rendered":"Con di\u00e1logo e inteligencia establecer\u00e1n paz y gobernabilidad ante conflictos agrarios en Oaxaca"},"content":{"rendered":"<div id=\"fb-root\"><\/div>\n\n<p>\u2022 Se crea el Grupo de Inteligencia y Coordinaci\u00f3n Agraria para la Paz en Territorio con la participaci\u00f3n de dependencias agrarias, de justicia y gobernabilidad, estatales y federales, para coordinar y fortalecer las acciones de atenci\u00f3n a los problemas de tierras que enfrentan los pueblos en Oaxaca<\/p>\n\n\n\n<figure class=\"wp-block-image size-large\"><img fetchpriority=\"high\" decoding=\"async\" width=\"1024\" height=\"682\" src=\"https:\/\/contextoanalisisperiodistico.com\/wp-content\/uploads\/2023\/11\/img-20231127-wa00611159269664541306628-1024x682.jpg\" alt=\"\" class=\"wp-image-21674\" srcset=\"https:\/\/contextoanalisisperiodistico.com\/wp-content\/uploads\/2023\/11\/img-20231127-wa00611159269664541306628-1024x682.jpg 1024w, https:\/\/contextoanalisisperiodistico.com\/wp-content\/uploads\/2023\/11\/img-20231127-wa00611159269664541306628-300x200.jpg 300w, https:\/\/contextoanalisisperiodistico.com\/wp-content\/uploads\/2023\/11\/img-20231127-wa00611159269664541306628-768x512.jpg 768w, https:\/\/contextoanalisisperiodistico.com\/wp-content\/uploads\/2023\/11\/img-20231127-wa00611159269664541306628-1536x1023.jpg 1536w, https:\/\/contextoanalisisperiodistico.com\/wp-content\/uploads\/2023\/11\/img-20231127-wa00611159269664541306628.jpg 1600w\" sizes=\"(max-width: 1024px) 100vw, 1024px\" \/><\/figure>\n\n\n\n<figure class=\"wp-block-image\"><img decoding=\"async\" width=\"1024\" height=\"682\" src=\"https:\/\/contextoanalisisperiodistico.com\/wp-content\/uploads\/2023\/11\/img-20231127-wa00621490938025353644001-1024x682.jpg\" alt=\"\" class=\"wp-image-21675\" srcset=\"https:\/\/contextoanalisisperiodistico.com\/wp-content\/uploads\/2023\/11\/img-20231127-wa00621490938025353644001-1024x682.jpg 1024w, https:\/\/contextoanalisisperiodistico.com\/wp-content\/uploads\/2023\/11\/img-20231127-wa00621490938025353644001-300x200.jpg 300w, https:\/\/contextoanalisisperiodistico.com\/wp-content\/uploads\/2023\/11\/img-20231127-wa00621490938025353644001-768x512.jpg 768w, https:\/\/contextoanalisisperiodistico.com\/wp-content\/uploads\/2023\/11\/img-20231127-wa00621490938025353644001-1536x1023.jpg 1536w, https:\/\/contextoanalisisperiodistico.com\/wp-content\/uploads\/2023\/11\/img-20231127-wa00621490938025353644001.jpg 1600w\" sizes=\"(max-width: 1024px) 100vw, 1024px\" \/><\/figure>\n\n\n\n<figure class=\"wp-block-image\"><img decoding=\"async\" width=\"1024\" height=\"682\" src=\"https:\/\/contextoanalisisperiodistico.com\/wp-content\/uploads\/2023\/11\/img-20231127-wa00633121531231455762649-1024x682.jpg\" alt=\"\" class=\"wp-image-21678\" srcset=\"https:\/\/contextoanalisisperiodistico.com\/wp-content\/uploads\/2023\/11\/img-20231127-wa00633121531231455762649-1024x682.jpg 1024w, https:\/\/contextoanalisisperiodistico.com\/wp-content\/uploads\/2023\/11\/img-20231127-wa00633121531231455762649-300x200.jpg 300w, https:\/\/contextoanalisisperiodistico.com\/wp-content\/uploads\/2023\/11\/img-20231127-wa00633121531231455762649-768x512.jpg 768w, https:\/\/contextoanalisisperiodistico.com\/wp-content\/uploads\/2023\/11\/img-20231127-wa00633121531231455762649-1536x1023.jpg 1536w, https:\/\/contextoanalisisperiodistico.com\/wp-content\/uploads\/2023\/11\/img-20231127-wa00633121531231455762649.jpg 1600w\" sizes=\"(max-width: 1024px) 100vw, 1024px\" \/><\/figure>\n\n\n\n<figure class=\"wp-block-image\"><img loading=\"lazy\" decoding=\"async\" width=\"1024\" height=\"682\" src=\"https:\/\/contextoanalisisperiodistico.com\/wp-content\/uploads\/2023\/11\/img-20231127-wa00641785768820949225578-1024x682.jpg\" alt=\"\" class=\"wp-image-21677\" srcset=\"https:\/\/contextoanalisisperiodistico.com\/wp-content\/uploads\/2023\/11\/img-20231127-wa00641785768820949225578-1024x682.jpg 1024w, https:\/\/contextoanalisisperiodistico.com\/wp-content\/uploads\/2023\/11\/img-20231127-wa00641785768820949225578-300x200.jpg 300w, https:\/\/contextoanalisisperiodistico.com\/wp-content\/uploads\/2023\/11\/img-20231127-wa00641785768820949225578-768x512.jpg 768w, https:\/\/contextoanalisisperiodistico.com\/wp-content\/uploads\/2023\/11\/img-20231127-wa00641785768820949225578-1536x1023.jpg 1536w, https:\/\/contextoanalisisperiodistico.com\/wp-content\/uploads\/2023\/11\/img-20231127-wa00641785768820949225578.jpg 1600w\" sizes=\"(max-width: 1024px) 100vw, 1024px\" \/><\/figure>\n\n\n\n<figure class=\"wp-block-image\"><img loading=\"lazy\" decoding=\"async\" width=\"1024\" height=\"682\" src=\"https:\/\/contextoanalisisperiodistico.com\/wp-content\/uploads\/2023\/11\/img-20231127-wa00651983948241486061440-1024x682.jpg\" alt=\"\" class=\"wp-image-21676\" srcset=\"https:\/\/contextoanalisisperiodistico.com\/wp-content\/uploads\/2023\/11\/img-20231127-wa00651983948241486061440-1024x682.jpg 1024w, https:\/\/contextoanalisisperiodistico.com\/wp-content\/uploads\/2023\/11\/img-20231127-wa00651983948241486061440-300x200.jpg 300w, https:\/\/contextoanalisisperiodistico.com\/wp-content\/uploads\/2023\/11\/img-20231127-wa00651983948241486061440-768x512.jpg 768w, https:\/\/contextoanalisisperiodistico.com\/wp-content\/uploads\/2023\/11\/img-20231127-wa00651983948241486061440-1536x1023.jpg 1536w, https:\/\/contextoanalisisperiodistico.com\/wp-content\/uploads\/2023\/11\/img-20231127-wa00651983948241486061440.jpg 1600w\" sizes=\"(max-width: 1024px) 100vw, 1024px\" \/><\/figure>\n\n\n\n<figure class=\"wp-block-image\"><img loading=\"lazy\" decoding=\"async\" width=\"1024\" height=\"682\" src=\"https:\/\/contextoanalisisperiodistico.com\/wp-content\/uploads\/2023\/11\/img-20231127-wa00666741794807396897856-1024x682.jpg\" alt=\"\" class=\"wp-image-21679\" srcset=\"https:\/\/contextoanalisisperiodistico.com\/wp-content\/uploads\/2023\/11\/img-20231127-wa00666741794807396897856-1024x682.jpg 1024w, https:\/\/contextoanalisisperiodistico.com\/wp-content\/uploads\/2023\/11\/img-20231127-wa00666741794807396897856-300x200.jpg 300w, https:\/\/contextoanalisisperiodistico.com\/wp-content\/uploads\/2023\/11\/img-20231127-wa00666741794807396897856-768x512.jpg 768w, https:\/\/contextoanalisisperiodistico.com\/wp-content\/uploads\/2023\/11\/img-20231127-wa00666741794807396897856-1536x1023.jpg 1536w, https:\/\/contextoanalisisperiodistico.com\/wp-content\/uploads\/2023\/11\/img-20231127-wa00666741794807396897856.jpg 1600w\" sizes=\"(max-width: 1024px) 100vw, 1024px\" \/><\/figure>\n\n\n\n<figure class=\"wp-block-image\"><img loading=\"lazy\" decoding=\"async\" width=\"1024\" height=\"682\" src=\"https:\/\/contextoanalisisperiodistico.com\/wp-content\/uploads\/2023\/11\/img-20231127-wa0059702839910375599364-1024x682.jpg\" alt=\"\" class=\"wp-image-21680\" srcset=\"https:\/\/contextoanalisisperiodistico.com\/wp-content\/uploads\/2023\/11\/img-20231127-wa0059702839910375599364-1024x682.jpg 1024w, https:\/\/contextoanalisisperiodistico.com\/wp-content\/uploads\/2023\/11\/img-20231127-wa0059702839910375599364-300x200.jpg 300w, https:\/\/contextoanalisisperiodistico.com\/wp-content\/uploads\/2023\/11\/img-20231127-wa0059702839910375599364-768x512.jpg 768w, https:\/\/contextoanalisisperiodistico.com\/wp-content\/uploads\/2023\/11\/img-20231127-wa0059702839910375599364-1536x1023.jpg 1536w, https:\/\/contextoanalisisperiodistico.com\/wp-content\/uploads\/2023\/11\/img-20231127-wa0059702839910375599364.jpg 1600w\" sizes=\"(max-width: 1024px) 100vw, 1024px\" \/><\/figure>\n\n\n\n<p>Oaxaca de Ju\u00e1rez, Oax. 27 de noviembre de 2023.- El Gobierno del Estado intensifica la atenci\u00f3n a 283 conflictos agrarios que existen en la entidad con m\u00e1s di\u00e1logo, la aplicaci\u00f3n irrestricta de la ley y un mayor despliegue de seguridad e investigaci\u00f3n preventiva, mediante el Grupo de Inteligencia y Coordinaci\u00f3n Agraria para la Paz en Territorio.<\/p>\n\n\n\n<p>En conferencia de prensa del Gabinete de Seguridad, encabezada por el secretario de Gobierno (Sego) Jes\u00fas Romero L\u00f3pez se inform\u00f3 que este grupo atender\u00e1 la problem\u00e1tica agraria para prevenir enfrentamientos y actos de violencia entre pueblos hermanos, con labores de inteligencia enfocadas a los nuevos factores que agudizan los conflictos de tierras en Oaxaca.<\/p>\n\n\n\n<p>El Grupo de Inteligencia est\u00e1 integrado por secretar\u00edas y dependencias federales y estatales agrarias, de justicia y gobierno, que enfocar\u00e1n sus acciones de manera coordinada para garantizar la paz y gobernabilidad en la entidad.<\/p>\n\n\n\n<p>Romero L\u00f3pez detall\u00f3 la atenci\u00f3n mediante 13 mesas de trabajo realizadas a lo largo del a\u00f1o, las reuniones y los compromisos alcanzados, as\u00ed como las minutas de acuerdo que firmaron las autoridades en el caso del conflicto agrario social entre Santa Cruz Mitlatongo y Santiago Mitlatongo, Asunci\u00f3n Nochixtl\u00e1n, el cual data de 26 a\u00f1os.<\/p>\n\n\n\n<p>Tambi\u00e9n explic\u00f3 los trabajos realizados en las 13 mesas de trabajo para atender el conflicto agrario social entre San Miguel El Grande y Llano de Guadalupe, Tlaxiaco, la entrega de apoyos, trabajos y obras realizadas en las comunidades, as\u00ed como los acuerdos que se hab\u00edan firmado. Abund\u00f3 que en la zona permanecen elementos de la Guardia Nacional y Polic\u00eda Estatal desde el pasado 5 de mayo, cuando se registr\u00f3 otro hecho lamentable de violencia.<\/p>\n\n\n\n<p>Romero L\u00f3pez inform\u00f3 que en Oaxaca existen 283 conflictos agrarios, 23 de alto riesgo, 51 de riesgo medio y 209 de bajo riesgo. Los de alto riesgo se localizan en los distritos de Juchit\u00e1n, Choapam\/Mixe, Choapam, Etla, Ejutla de Crespo, Zimatl\u00e1n, Nochixtl\u00e1n, Juxtlahuaca, Tlaxiaco, Tlaxiaco\/Putla Villa de Guerrero, Sola de Vega, Yautepec, Putla Villa de Guerrero, Miahuatl\u00e1n y Zimatl\u00e1n\/Sola de Vega. Tambi\u00e9n se inform\u00f3 que en este a\u00f1o se han solucionado 18 conflictos agrarios en Oaxaca.<\/p>\n\n\n\n<p>En la conferencia informaron el fiscal General del Estado de Oaxaca (FGEO), Bernardo Rodr\u00edguez Alamilla; el secretario de Seguridad y de Protecci\u00f3n Ciudadana (SSPC) Iv\u00e1n Garc\u00eda \u00c1lvarez y la titular del Secretariado Ejecutivo del Sistema Estatal de Seguridad P\u00fablica (SESESP), Karina Bar\u00f3n Ortiz; as\u00ed como del Gobierno de M\u00e9xico, el representante de la Procuradur\u00eda Agraria, Gonzalo Villalobos y por la Secretar\u00eda de Gobernaci\u00f3n, Jos\u00e9 Carlos Fuentes Ordaz.<\/p>\n\n\n\n<p>Luego de externar sus condolencias a familiares de las personas fallecidas en las emboscadas ocurridas en San Miguel el Grande y Santiago Mitlatongo, el titular de la Sego extern\u00f3 que la administraci\u00f3n estatal que encabeza el Gobernador Salom\u00f3n Jara Cruz est\u00e1 comprometida en la atenci\u00f3n de los a\u00f1ejos problemas de tierras.<\/p>\n\n\n\n<p>El Grupo de Inteligencia, explic\u00f3, focalizar\u00e1 la atenci\u00f3n en los nuevos factores alrededor de los conflictos, los cuales requieren intervenci\u00f3n inmediata de acciones operativas en materia de seguridad y justicia.<\/p>\n\n\n\n<p>Para ello, se integra una Comisi\u00f3n de Trabajo Interinstitucional enfocada a tres ejes: atenci\u00f3n a las causas, di\u00e1logo y conciliaci\u00f3n; seguridad, inteligencia y justicia, y coordinaci\u00f3n interinstitucional en materia agraria y social federal y estatal.<\/p>\n\n\n\n<p>En el primer eje se fortalecer\u00e1 la conciliaci\u00f3n y mediaci\u00f3n a trav\u00e9s de la Sego, la Coordinaci\u00f3n para la Atenci\u00f3n de los Derechos Humanos, la Junta de Conciliaci\u00f3n Agraria y la Coordinaci\u00f3n de Delegados de Paz Social (CDPaz), adem\u00e1s de la Secretar\u00eda de Gobernaci\u00f3n (Segob) en la atenci\u00f3n a las causas para combatir la pobreza y marginaci\u00f3n a trav\u00e9s de programas sociales.<\/p>\n\n\n\n<p>En el segundo eje de inteligencia, investigaci\u00f3n y prevenci\u00f3n de delitos en zonas de conflictos agrarios participan el Centro Nacional de Inteligencia (CNI), Fiscal\u00eda General de la Rep\u00fablica, Secretar\u00eda de la Defensa Nacional (Sedena), SSPC, FGEO y Guardia Nacional.<\/p>\n\n\n\n<p>En el tercer eje, la coordinaci\u00f3n interinstitucional en materia agraria y social, federal y estatal participan la Procuradur\u00eda Agraria, el Registro Agrario Nacional, los Tribunales Agrarios, la Secretar\u00eda de Desarrollo Agrario, Territorial y Urbano, la Junta de Conciliaci\u00f3n Agraria, CDPaz, Sego y Segob.<\/p>\n\n\n\n<p>En tanto, el secretario Garc\u00eda \u00c1lvarez inform\u00f3 que se inici\u00f3 la estrategia Operaciones para el Restablecimiento del Orden de manera conjunta con la FGEO y la Guardia Nacional en el interior y exterior de las poblaciones en conflicto. Esto incluye patrullajes, dispositivos de seguridad y acciones de proximidad social en las zonas en conflicto, as\u00ed como esquemas de maniobras en San Miguel el Grande y Santiago Mitlatongo, Nochixtl\u00e1n.<br \/>-0-<\/p>\n","protected":false},"excerpt":{"rendered":"<p>\u2022 Se crea el Grupo de Inteligencia y Coordinaci\u00f3n Agraria para la Paz en Territorio&#8230;<\/p>\n","protected":false},"author":4,"featured_media":21673,"comment_status":"","ping_status":"open","sticky":false,"template":"","format":"standard","meta":{"footnotes":""},"categories":[9],"tags":[],"jetpack_sharing_enabled":true,"featured_image_urls":{"full":["https:\/\/contextoanalisisperiodistico.com\/wp-content\/uploads\/2023\/11\/IMG-20231127-WA0058.jpg",1600,1066,false],"thumbnail":["https:\/\/contextoanalisisperiodistico.com\/wp-content\/uploads\/2023\/11\/IMG-20231127-WA0058-150x150.jpg",150,150,true],"medium":["https:\/\/contextoanalisisperiodistico.com\/wp-content\/uploads\/2023\/11\/IMG-20231127-WA0058-300x200.jpg",300,200,true],"medium_large":["https:\/\/contextoanalisisperiodistico.com\/wp-content\/uploads\/2023\/11\/IMG-20231127-WA0058-768x512.jpg",640,427,true],"large":["https:\/\/contextoanalisisperiodistico.com\/wp-content\/uploads\/2023\/11\/IMG-20231127-WA0058-1024x682.jpg",640,426,true],"1536x1536":["https:\/\/contextoanalisisperiodistico.com\/wp-content\/uploads\/2023\/11\/IMG-20231127-WA0058-1536x1023.jpg",1536,1023,true],"2048x2048":["https:\/\/contextoanalisisperiodistico.com\/wp-content\/uploads\/2023\/11\/IMG-20231127-WA0058.jpg",1600,1066,false],"covernews-slider-full":["https:\/\/contextoanalisisperiodistico.com\/wp-content\/uploads\/2023\/11\/IMG-20231127-WA0058-1115x715.jpg",1115,715,true],"covernews-slider-center":["https:\/\/contextoanalisisperiodistico.com\/wp-content\/uploads\/2023\/11\/IMG-20231127-WA0058-800x500.jpg",800,500,true],"covernews-featured":["https:\/\/contextoanalisisperiodistico.com\/wp-content\/uploads\/2023\/11\/IMG-20231127-WA0058-1024x682.jpg",1024,682,true],"covernews-medium":["https:\/\/contextoanalisisperiodistico.com\/wp-content\/uploads\/2023\/11\/IMG-20231127-WA0058-540x340.jpg",540,340,true],"covernews-medium-square":["https:\/\/contextoanalisisperiodistico.com\/wp-content\/uploads\/2023\/11\/IMG-20231127-WA0058-400x250.jpg",400,250,true]},"author_info":{"display_name":"Mario Gir\u00f3n","author_link":"https:\/\/contextoanalisisperiodistico.com\/index.php\/author\/director\/"},"category_info":"<a href=\"https:\/\/contextoanalisisperiodistico.com\/index.php\/category\/politica\/\" rel=\"category tag\">Pol\u00edtica<\/a>","tag_info":"Pol\u00edtica","comment_count":"0","jetpack_featured_media_url":"https:\/\/contextoanalisisperiodistico.com\/wp-content\/uploads\/2023\/11\/IMG-20231127-WA0058.jpg","_links":{"self":[{"href":"https:\/\/contextoanalisisperiodistico.com\/index.php\/wp-json\/wp\/v2\/posts\/21681"}],"collection":[{"href":"https:\/\/contextoanalisisperiodistico.com\/index.php\/wp-json\/wp\/v2\/posts"}],"about":[{"href":"https:\/\/contextoanalisisperiodistico.com\/index.php\/wp-json\/wp\/v2\/types\/post"}],"author":[{"embeddable":true,"href":"https:\/\/contextoanalisisperiodistico.com\/index.php\/wp-json\/wp\/v2\/users\/4"}],"replies":[{"embeddable":true,"href":"https:\/\/contextoanalisisperiodistico.com\/index.php\/wp-json\/wp\/v2\/comments?post=21681"}],"version-history":[{"count":0,"href":"https:\/\/contextoanalisisperiodistico.com\/index.php\/wp-json\/wp\/v2\/posts\/21681\/revisions"}],"wp:featuredmedia":[{"embeddable":true,"href":"https:\/\/contextoanalisisperiodistico.com\/index.php\/wp-json\/wp\/v2\/media\/21673"}],"wp:attachment":[{"href":"https:\/\/contextoanalisisperiodistico.com\/index.php\/wp-json\/wp\/v2\/media?parent=21681"}],"wp:term":[{"taxonomy":"category","embeddable":true,"href":"https:\/\/contextoanalisisperiodistico.com\/index.php\/wp-json\/wp\/v2\/categories?post=21681"},{"taxonomy":"post_tag","embeddable":true,"href":"https:\/\/contextoanalisisperiodistico.com\/index.php\/wp-json\/wp\/v2\/tags?post=21681"}],"curies":[{"name":"wp","href":"https:\/\/api.w.org\/{rel}","templated":true}]}}