{"id":21659,"date":"2023-11-27T11:19:43","date_gmt":"2023-11-27T17:19:43","guid":{"rendered":"https:\/\/contextoanalisisperiodistico.com\/index.php\/2023\/11\/27\/se-atiende-demanda-de-ampliacion-de-servicios-medicos-en-clinica-de-nochixtlan-emp\/"},"modified":"2023-11-27T11:26:17","modified_gmt":"2023-11-27T17:26:17","slug":"se-atiende-demanda-de-ampliacion-de-servicios-medicos-en-clinica-de-nochixtlan-emp","status":"publish","type":"post","link":"https:\/\/contextoanalisisperiodistico.com\/index.php\/2023\/11\/27\/se-atiende-demanda-de-ampliacion-de-servicios-medicos-en-clinica-de-nochixtlan-emp\/","title":{"rendered":"Atienden ampliaci\u00f3n de servicios m\u00e9dicos en cl\u00ednica de Nochixtl\u00e1n solicitada por maestros: EMP"},"content":{"rendered":"<div id=\"fb-root\"><\/div>\n\n<p>Precisamente, informa el Director General del IEEPO, Emilio Montero P\u00e9rez, el viernes 24 de noviembre, en la CDMX, se concret\u00f3 reuni\u00f3n de trabajo en la Secretar\u00eda de Gobernaci\u00f3n con el objetivo de atender demandas laborales y de seguridad social de los trabajadores de la educaci\u00f3n de Oaxaca. <\/p>\n\n\n\n<p>Por lo que con el prop\u00f3sito de ofrecer  seguimiento y cumplimiento a exigencias de la gremial y, el responsable de la pol\u00edtica educativa de Oaxaca, record\u00f3: <\/p>\n\n\n\n<p>\u00abPor instrucciones del gobernador Salom\u00f3n Jara Cruz, estuvimos presentes, junto con el Secretario de Gobierno, Jes\u00fas Romero con la misi\u00f3n de  atender dicha mesa de trabajo. Destacamos de manera particular el dictamen T\u00e9cnico favorable de los terrenos en donde ofrece servicios de atenci\u00f3n la cl\u00ednica del ISSSTE de Nochixtl\u00e1n Oaxaca\u00bb.<\/p>\n\n\n\n<p>\u00abLo sobresaliente es que re\u00fane los requisitos necesarios para la ampliaci\u00f3n del nosocomio, por lo que solamente debemos esperar el aval de la direcci\u00f3n M\u00e9dica del ISSSTE para iniciar con la obra\u00bb. <\/p>\n\n\n\n<figure class=\"wp-block-image size-large\"><img fetchpriority=\"high\" decoding=\"async\" width=\"768\" height=\"1024\" src=\"https:\/\/contextoanalisisperiodistico.com\/wp-content\/uploads\/2023\/11\/img-20231127-wa00206926464319117786571-768x1024.jpg\" alt=\"\" class=\"wp-image-21658\" srcset=\"https:\/\/contextoanalisisperiodistico.com\/wp-content\/uploads\/2023\/11\/img-20231127-wa00206926464319117786571-768x1024.jpg 768w, https:\/\/contextoanalisisperiodistico.com\/wp-content\/uploads\/2023\/11\/img-20231127-wa00206926464319117786571-225x300.jpg 225w, https:\/\/contextoanalisisperiodistico.com\/wp-content\/uploads\/2023\/11\/img-20231127-wa00206926464319117786571-1152x1536.jpg 1152w, https:\/\/contextoanalisisperiodistico.com\/wp-content\/uploads\/2023\/11\/img-20231127-wa00206926464319117786571-1024x1365.jpg 1024w, https:\/\/contextoanalisisperiodistico.com\/wp-content\/uploads\/2023\/11\/img-20231127-wa00206926464319117786571.jpg 1200w\" sizes=\"(max-width: 768px) 100vw, 768px\" \/><\/figure>\n\n\n\n<p>Lo anterior, a\u00f1adi\u00f3 el funcionario, con fundamento en el Oficio emitido el 22 de noviembre de 2023 en la CDMX, por el jefe de los Servicios de Proyectos del ISSSTE, Arq. Enrique Romero Garcia.<\/p>\n","protected":false},"excerpt":{"rendered":"<p>Precisamente, informa el Director General del IEEPO, Emilio Montero P\u00e9rez, el viernes 24 de noviembre,&#8230;<\/p>\n","protected":false},"author":4,"featured_media":21657,"comment_status":"closed","ping_status":"open","sticky":false,"template":"","format":"standard","meta":{"footnotes":""},"categories":[9],"tags":[],"jetpack_sharing_enabled":true,"featured_image_urls":{"full":["https:\/\/contextoanalisisperiodistico.com\/wp-content\/uploads\/2023\/11\/IMG-20231127-WA0019.jpg",1200,1600,false],"thumbnail":["https:\/\/contextoanalisisperiodistico.com\/wp-content\/uploads\/2023\/11\/IMG-20231127-WA0019-150x150.jpg",150,150,true],"medium":["https:\/\/contextoanalisisperiodistico.com\/wp-content\/uploads\/2023\/11\/IMG-20231127-WA0019-225x300.jpg",225,300,true],"medium_large":["https:\/\/contextoanalisisperiodistico.com\/wp-content\/uploads\/2023\/11\/IMG-20231127-WA0019-768x1024.jpg",640,853,true],"large":["https:\/\/contextoanalisisperiodistico.com\/wp-content\/uploads\/2023\/11\/IMG-20231127-WA0019-768x1024.jpg",640,853,true],"1536x1536":["https:\/\/contextoanalisisperiodistico.com\/wp-content\/uploads\/2023\/11\/IMG-20231127-WA0019-1152x1536.jpg",1152,1536,true],"2048x2048":["https:\/\/contextoanalisisperiodistico.com\/wp-content\/uploads\/2023\/11\/IMG-20231127-WA0019.jpg",1200,1600,false],"covernews-slider-full":["https:\/\/contextoanalisisperiodistico.com\/wp-content\/uploads\/2023\/11\/IMG-20231127-WA0019-1115x715.jpg",1115,715,true],"covernews-slider-center":["https:\/\/contextoanalisisperiodistico.com\/wp-content\/uploads\/2023\/11\/IMG-20231127-WA0019-800x500.jpg",800,500,true],"covernews-featured":["https:\/\/contextoanalisisperiodistico.com\/wp-content\/uploads\/2023\/11\/IMG-20231127-WA0019-1024x1365.jpg",1024,1365,true],"covernews-medium":["https:\/\/contextoanalisisperiodistico.com\/wp-content\/uploads\/2023\/11\/IMG-20231127-WA0019-540x340.jpg",540,340,true],"covernews-medium-square":["https:\/\/contextoanalisisperiodistico.com\/wp-content\/uploads\/2023\/11\/IMG-20231127-WA0019-400x250.jpg",400,250,true]},"author_info":{"display_name":"Mario Gir\u00f3n","author_link":"https:\/\/contextoanalisisperiodistico.com\/index.php\/author\/director\/"},"category_info":"<a href=\"https:\/\/contextoanalisisperiodistico.com\/index.php\/category\/politica\/\" rel=\"category tag\">Pol\u00edtica<\/a>","tag_info":"Pol\u00edtica","comment_count":"0","jetpack_featured_media_url":"https:\/\/contextoanalisisperiodistico.com\/wp-content\/uploads\/2023\/11\/IMG-20231127-WA0019.jpg","_links":{"self":[{"href":"https:\/\/contextoanalisisperiodistico.com\/index.php\/wp-json\/wp\/v2\/posts\/21659"}],"collection":[{"href":"https:\/\/contextoanalisisperiodistico.com\/index.php\/wp-json\/wp\/v2\/posts"}],"about":[{"href":"https:\/\/contextoanalisisperiodistico.com\/index.php\/wp-json\/wp\/v2\/types\/post"}],"author":[{"embeddable":true,"href":"https:\/\/contextoanalisisperiodistico.com\/index.php\/wp-json\/wp\/v2\/users\/4"}],"replies":[{"embeddable":true,"href":"https:\/\/contextoanalisisperiodistico.com\/index.php\/wp-json\/wp\/v2\/comments?post=21659"}],"version-history":[{"count":3,"href":"https:\/\/contextoanalisisperiodistico.com\/index.php\/wp-json\/wp\/v2\/posts\/21659\/revisions"}],"predecessor-version":[{"id":21662,"href":"https:\/\/contextoanalisisperiodistico.com\/index.php\/wp-json\/wp\/v2\/posts\/21659\/revisions\/21662"}],"wp:featuredmedia":[{"embeddable":true,"href":"https:\/\/contextoanalisisperiodistico.com\/index.php\/wp-json\/wp\/v2\/media\/21657"}],"wp:attachment":[{"href":"https:\/\/contextoanalisisperiodistico.com\/index.php\/wp-json\/wp\/v2\/media?parent=21659"}],"wp:term":[{"taxonomy":"category","embeddable":true,"href":"https:\/\/contextoanalisisperiodistico.com\/index.php\/wp-json\/wp\/v2\/categories?post=21659"},{"taxonomy":"post_tag","embeddable":true,"href":"https:\/\/contextoanalisisperiodistico.com\/index.php\/wp-json\/wp\/v2\/tags?post=21659"}],"curies":[{"name":"wp","href":"https:\/\/api.w.org\/{rel}","templated":true}]}}