{"id":21617,"date":"2023-11-25T22:14:52","date_gmt":"2023-11-26T04:14:52","guid":{"rendered":"https:\/\/contextoanalisisperiodistico.com\/index.php\/2023\/11\/25\/llama-sso-a-vacunarse-simultaneamente-contra-enfermedades-respiratorias-virales\/"},"modified":"2023-11-25T22:20:41","modified_gmt":"2023-11-26T04:20:41","slug":"llama-sso-a-vacunarse-simultaneamente-contra-enfermedades-respiratorias-virales","status":"publish","type":"post","link":"https:\/\/contextoanalisisperiodistico.com\/index.php\/2023\/11\/25\/llama-sso-a-vacunarse-simultaneamente-contra-enfermedades-respiratorias-virales\/","title":{"rendered":"Llama SSO a vacunarse contra influenza y covid-19"},"content":{"rendered":"<div id=\"fb-root\"><\/div>\n\n<p>\u2022 Los biol\u00f3gicos para covid-19 est\u00e1n indicados a partir de los 5 a\u00f1os cumplidos y los de influenza estacional desde los seis meses de edad<\/p>\n\n\n\n<p>Oaxaca de Ju\u00e1rez, Oax. 25 de noviembre de 2023.- Para proteger a la poblaci\u00f3n de enfermedades respiratorias virales presentes en esta temporada invernal, los Servicios de Salud de Oaxaca (SSO) invitan a la sociedad a vacunarse de manera simult\u00e1nea y gratuita contra la influenza estacional y covid-19 en la unidad m\u00e9dica m\u00e1s cercana a su domicilio.<\/p>\n\n\n\n<p>La dependencia explic\u00f3 que para prevenir el SARS-CoV-2 utilizan el biol\u00f3gico Abdala, el cual ha sido autorizado por la Comisi\u00f3n Federal para la Protecci\u00f3n Contra Riesgos Sanitarios (Cofepris) y distribuido en las seis Jurisdicciones Sanitarias de la entidad.<\/p>\n\n\n\n<p>Agreg\u00f3 que la vacuna est\u00e1 indicada a partir de los 5 a\u00f1os cumplidos, con un esquema primario de tres dosis de 5 mililitros aplicados por v\u00eda intramuscular en el deltoides del brazo de menor uso, con un intervalo de 14 a 28 d\u00edas entre cada porci\u00f3n y el refuerzo despu\u00e9s de al menos cuatro meses.<\/p>\n\n\n\n<p>Este biol\u00f3gico est\u00e1 contraindicado en personas con antecedentes de reacci\u00f3n al\u00e9rgica grave, tipo anafilaxia y alergia a cualquier componente de la vacuna.<\/p>\n\n\n\n<p>Mientras que, la vacuna Influenza estacional protege contra cuatro virus diferentes de influenza AH1N1, AH3N2, influenza B y un segundo linaje del tipo B, de la que hasta la fecha se han aplicado 96 mil 612 dosis, de una meta total de 563 mil 338 en la entidad.<\/p>\n\n\n\n<p>En este sentido, los SSO exhortan a las madres y padres de familia a que lleven a sus hijas e hijos de seis a 59 meses de edad a vacunarse. As\u00ed como al personal de salud y las personas mayores de 60 a\u00f1os, embarazadas, o quienes tengan alguna enfermedad como diabetes, hipertensi\u00f3n arterial, VIH\/Sida o de mayor riesgo a padecer cuadros graves de padecimientos respiratorios.<\/p>\n\n\n\n<p>Asimismo, recomiendan el uso de cubrebocas en lugares cerrados y concurridos, el lavado de manos con agua y jab\u00f3n, uso de gel antibacterial con alcohol, el estornudo de etiqueta con el \u00e1ngulo interno del codo y acudir a consulta m\u00e9dica en caso de presentar s\u00edntomas de alguna enfermedad respiratorias.<\/p>\n\n\n\n<p>-0-<\/p>\n","protected":false},"excerpt":{"rendered":"<p>\u2022 Los biol\u00f3gicos para covid-19 est\u00e1n indicados a partir de los 5 a\u00f1os cumplidos y&#8230;<\/p>\n","protected":false},"author":4,"featured_media":21616,"comment_status":"closed","ping_status":"open","sticky":false,"template":"","format":"standard","meta":{"footnotes":""},"categories":[92],"tags":[],"jetpack_sharing_enabled":true,"featured_image_urls":{"full":["https:\/\/contextoanalisisperiodistico.com\/wp-content\/uploads\/2023\/11\/IMG-20231125-WA0055.jpg",1600,900,false],"thumbnail":["https:\/\/contextoanalisisperiodistico.com\/wp-content\/uploads\/2023\/11\/IMG-20231125-WA0055-150x150.jpg",150,150,true],"medium":["https:\/\/contextoanalisisperiodistico.com\/wp-content\/uploads\/2023\/11\/IMG-20231125-WA0055-300x169.jpg",300,169,true],"medium_large":["https:\/\/contextoanalisisperiodistico.com\/wp-content\/uploads\/2023\/11\/IMG-20231125-WA0055-768x432.jpg",640,360,true],"large":["https:\/\/contextoanalisisperiodistico.com\/wp-content\/uploads\/2023\/11\/IMG-20231125-WA0055-1024x576.jpg",640,360,true],"1536x1536":["https:\/\/contextoanalisisperiodistico.com\/wp-content\/uploads\/2023\/11\/IMG-20231125-WA0055-1536x864.jpg",1536,864,true],"2048x2048":["https:\/\/contextoanalisisperiodistico.com\/wp-content\/uploads\/2023\/11\/IMG-20231125-WA0055.jpg",1600,900,false],"covernews-slider-full":["https:\/\/contextoanalisisperiodistico.com\/wp-content\/uploads\/2023\/11\/IMG-20231125-WA0055-1115x715.jpg",1115,715,true],"covernews-slider-center":["https:\/\/contextoanalisisperiodistico.com\/wp-content\/uploads\/2023\/11\/IMG-20231125-WA0055-800x500.jpg",800,500,true],"covernews-featured":["https:\/\/contextoanalisisperiodistico.com\/wp-content\/uploads\/2023\/11\/IMG-20231125-WA0055-1024x576.jpg",1024,576,true],"covernews-medium":["https:\/\/contextoanalisisperiodistico.com\/wp-content\/uploads\/2023\/11\/IMG-20231125-WA0055-540x340.jpg",540,340,true],"covernews-medium-square":["https:\/\/contextoanalisisperiodistico.com\/wp-content\/uploads\/2023\/11\/IMG-20231125-WA0055-400x250.jpg",400,250,true]},"author_info":{"display_name":"Mario Gir\u00f3n","author_link":"https:\/\/contextoanalisisperiodistico.com\/index.php\/author\/director\/"},"category_info":"<a href=\"https:\/\/contextoanalisisperiodistico.com\/index.php\/category\/salud\/\" rel=\"category tag\">Salud<\/a>","tag_info":"Salud","comment_count":"0","jetpack_featured_media_url":"https:\/\/contextoanalisisperiodistico.com\/wp-content\/uploads\/2023\/11\/IMG-20231125-WA0055.jpg","_links":{"self":[{"href":"https:\/\/contextoanalisisperiodistico.com\/index.php\/wp-json\/wp\/v2\/posts\/21617"}],"collection":[{"href":"https:\/\/contextoanalisisperiodistico.com\/index.php\/wp-json\/wp\/v2\/posts"}],"about":[{"href":"https:\/\/contextoanalisisperiodistico.com\/index.php\/wp-json\/wp\/v2\/types\/post"}],"author":[{"embeddable":true,"href":"https:\/\/contextoanalisisperiodistico.com\/index.php\/wp-json\/wp\/v2\/users\/4"}],"replies":[{"embeddable":true,"href":"https:\/\/contextoanalisisperiodistico.com\/index.php\/wp-json\/wp\/v2\/comments?post=21617"}],"version-history":[{"count":2,"href":"https:\/\/contextoanalisisperiodistico.com\/index.php\/wp-json\/wp\/v2\/posts\/21617\/revisions"}],"predecessor-version":[{"id":21619,"href":"https:\/\/contextoanalisisperiodistico.com\/index.php\/wp-json\/wp\/v2\/posts\/21617\/revisions\/21619"}],"wp:featuredmedia":[{"embeddable":true,"href":"https:\/\/contextoanalisisperiodistico.com\/index.php\/wp-json\/wp\/v2\/media\/21616"}],"wp:attachment":[{"href":"https:\/\/contextoanalisisperiodistico.com\/index.php\/wp-json\/wp\/v2\/media?parent=21617"}],"wp:term":[{"taxonomy":"category","embeddable":true,"href":"https:\/\/contextoanalisisperiodistico.com\/index.php\/wp-json\/wp\/v2\/categories?post=21617"},{"taxonomy":"post_tag","embeddable":true,"href":"https:\/\/contextoanalisisperiodistico.com\/index.php\/wp-json\/wp\/v2\/tags?post=21617"}],"curies":[{"name":"wp","href":"https:\/\/api.w.org\/{rel}","templated":true}]}}