{"id":21613,"date":"2023-11-25T19:34:00","date_gmt":"2023-11-26T01:34:00","guid":{"rendered":"https:\/\/contextoanalisisperiodistico.com\/?p=21613"},"modified":"2023-11-25T19:36:54","modified_gmt":"2023-11-26T01:36:54","slug":"claudia-sheinbaum-la-mujer-referente-de-la-izquierda-sostiene-nino-morales","status":"publish","type":"post","link":"https:\/\/contextoanalisisperiodistico.com\/index.php\/2023\/11\/25\/claudia-sheinbaum-la-mujer-referente-de-la-izquierda-sostiene-nino-morales\/","title":{"rendered":"<em>Claudia Sheinbaum, la mujer referente de la izquierda, sostiene Nino Morales<\/em>"},"content":{"rendered":"<div id=\"fb-root\"><\/div>\n\n<p>Redacci\u00f3n<\/p>\n\n\n\n<p>El referente estatal Antonino Morales Toledo, celebr\u00f3 la designaci\u00f3n de la doctora Claudia Sheinbaum Pardo, como precandidata \u00fanica a la Presidencia de la Rep\u00fablica por la alianza &#8216;Sigamos haciendo historia&#8217;.<\/p>\n\n\n\n<p>Durante la asamblea informativa realizada en San Pablo Huitzo y convocada por militantes de Morena, Morales Toledo asegur\u00f3 que la doctora Claudia Sheinbaum es el mejor perfil para llevar los destinos del pa\u00eds.<\/p>\n\n\n\n<p>\u00abAplaudo y reconozco a la dirigencia nacional, a los militantes y simpatizantes, de que hayan elegido a la doctora Claudia Sheinbaum como precandidata de la Rep\u00fablica, porque ella s\u00ed nos representa\u00bb, sostuvo Nino Morales.<\/p>\n\n\n\n<p>Adem\u00e1s, Antonino Morales, destac\u00f3 que es una mujer con amplia experiencia en el servicio p\u00fablico, adem\u00e1s de ser cient\u00edfica, \u00abes de izquierda y ha luchado toda su vida al lado del presidente L\u00f3pez Obrador\u00bb.<\/p>\n\n\n\n<figure class=\"wp-block-video\"><video controls src=\"https:\/\/contextoanalisisperiodistico.com\/wp-content\/uploads\/2023\/11\/VID-20231125-WA0085.mp4\"><\/video><\/figure>\n\n\n\n<figure class=\"wp-block-image size-large\"><img fetchpriority=\"high\" decoding=\"async\" width=\"1024\" height=\"683\" src=\"https:\/\/contextoanalisisperiodistico.com\/wp-content\/uploads\/2023\/11\/img-20231125-wa00861680339202969713695-1024x683.jpg\" alt=\"\" class=\"wp-image-21614\" srcset=\"https:\/\/contextoanalisisperiodistico.com\/wp-content\/uploads\/2023\/11\/img-20231125-wa00861680339202969713695-1024x683.jpg 1024w, https:\/\/contextoanalisisperiodistico.com\/wp-content\/uploads\/2023\/11\/img-20231125-wa00861680339202969713695-300x200.jpg 300w, https:\/\/contextoanalisisperiodistico.com\/wp-content\/uploads\/2023\/11\/img-20231125-wa00861680339202969713695-768x512.jpg 768w, https:\/\/contextoanalisisperiodistico.com\/wp-content\/uploads\/2023\/11\/img-20231125-wa00861680339202969713695-1536x1024.jpg 1536w, https:\/\/contextoanalisisperiodistico.com\/wp-content\/uploads\/2023\/11\/img-20231125-wa00861680339202969713695-2048x1365.jpg 2048w\" sizes=\"(max-width: 1024px) 100vw, 1024px\" \/><\/figure>\n","protected":false},"excerpt":{"rendered":"<p>Redacci\u00f3n El referente estatal Antonino Morales Toledo, celebr\u00f3 la designaci\u00f3n de la doctora Claudia Sheinbaum&#8230;<\/p>\n","protected":false},"author":4,"featured_media":21611,"comment_status":"closed","ping_status":"open","sticky":false,"template":"","format":"standard","meta":{"footnotes":""},"categories":[9],"tags":[],"jetpack_sharing_enabled":true,"featured_image_urls":{"full":["https:\/\/contextoanalisisperiodistico.com\/wp-content\/uploads\/2023\/11\/IMG-20231125-WA0084-scaled.jpg",2560,1707,false],"thumbnail":["https:\/\/contextoanalisisperiodistico.com\/wp-content\/uploads\/2023\/11\/IMG-20231125-WA0084-150x150.jpg",150,150,true],"medium":["https:\/\/contextoanalisisperiodistico.com\/wp-content\/uploads\/2023\/11\/IMG-20231125-WA0084-300x200.jpg",300,200,true],"medium_large":["https:\/\/contextoanalisisperiodistico.com\/wp-content\/uploads\/2023\/11\/IMG-20231125-WA0084-768x512.jpg",640,427,true],"large":["https:\/\/contextoanalisisperiodistico.com\/wp-content\/uploads\/2023\/11\/IMG-20231125-WA0084-1024x683.jpg",640,427,true],"1536x1536":["https:\/\/contextoanalisisperiodistico.com\/wp-content\/uploads\/2023\/11\/IMG-20231125-WA0084-1536x1024.jpg",1536,1024,true],"2048x2048":["https:\/\/contextoanalisisperiodistico.com\/wp-content\/uploads\/2023\/11\/IMG-20231125-WA0084-2048x1366.jpg",2048,1366,true],"covernews-slider-full":["https:\/\/contextoanalisisperiodistico.com\/wp-content\/uploads\/2023\/11\/IMG-20231125-WA0084-1115x715.jpg",1115,715,true],"covernews-slider-center":["https:\/\/contextoanalisisperiodistico.com\/wp-content\/uploads\/2023\/11\/IMG-20231125-WA0084-800x500.jpg",800,500,true],"covernews-featured":["https:\/\/contextoanalisisperiodistico.com\/wp-content\/uploads\/2023\/11\/IMG-20231125-WA0084-1024x683.jpg",1024,683,true],"covernews-medium":["https:\/\/contextoanalisisperiodistico.com\/wp-content\/uploads\/2023\/11\/IMG-20231125-WA0084-540x340.jpg",540,340,true],"covernews-medium-square":["https:\/\/contextoanalisisperiodistico.com\/wp-content\/uploads\/2023\/11\/IMG-20231125-WA0084-400x250.jpg",400,250,true]},"author_info":{"display_name":"Mario Gir\u00f3n","author_link":"https:\/\/contextoanalisisperiodistico.com\/index.php\/author\/director\/"},"category_info":"<a href=\"https:\/\/contextoanalisisperiodistico.com\/index.php\/category\/politica\/\" rel=\"category tag\">Pol\u00edtica<\/a>","tag_info":"Pol\u00edtica","comment_count":"0","jetpack_featured_media_url":"https:\/\/contextoanalisisperiodistico.com\/wp-content\/uploads\/2023\/11\/IMG-20231125-WA0084-scaled.jpg","_links":{"self":[{"href":"https:\/\/contextoanalisisperiodistico.com\/index.php\/wp-json\/wp\/v2\/posts\/21613"}],"collection":[{"href":"https:\/\/contextoanalisisperiodistico.com\/index.php\/wp-json\/wp\/v2\/posts"}],"about":[{"href":"https:\/\/contextoanalisisperiodistico.com\/index.php\/wp-json\/wp\/v2\/types\/post"}],"author":[{"embeddable":true,"href":"https:\/\/contextoanalisisperiodistico.com\/index.php\/wp-json\/wp\/v2\/users\/4"}],"replies":[{"embeddable":true,"href":"https:\/\/contextoanalisisperiodistico.com\/index.php\/wp-json\/wp\/v2\/comments?post=21613"}],"version-history":[{"count":1,"href":"https:\/\/contextoanalisisperiodistico.com\/index.php\/wp-json\/wp\/v2\/posts\/21613\/revisions"}],"predecessor-version":[{"id":21615,"href":"https:\/\/contextoanalisisperiodistico.com\/index.php\/wp-json\/wp\/v2\/posts\/21613\/revisions\/21615"}],"wp:featuredmedia":[{"embeddable":true,"href":"https:\/\/contextoanalisisperiodistico.com\/index.php\/wp-json\/wp\/v2\/media\/21611"}],"wp:attachment":[{"href":"https:\/\/contextoanalisisperiodistico.com\/index.php\/wp-json\/wp\/v2\/media?parent=21613"}],"wp:term":[{"taxonomy":"category","embeddable":true,"href":"https:\/\/contextoanalisisperiodistico.com\/index.php\/wp-json\/wp\/v2\/categories?post=21613"},{"taxonomy":"post_tag","embeddable":true,"href":"https:\/\/contextoanalisisperiodistico.com\/index.php\/wp-json\/wp\/v2\/tags?post=21613"}],"curies":[{"name":"wp","href":"https:\/\/api.w.org\/{rel}","templated":true}]}}