{"id":21603,"date":"2023-11-25T16:00:08","date_gmt":"2023-11-25T22:00:08","guid":{"rendered":"https:\/\/contextoanalisisperiodistico.com\/index.php\/2023\/11\/25\/ofrece-ruta-rc01-de-citybus-mayor-cobertura-durante-el-dia-y-noche\/"},"modified":"2023-11-25T16:00:08","modified_gmt":"2023-11-25T22:00:08","slug":"ofrece-ruta-rc01-de-citybus-mayor-cobertura-durante-el-dia-y-noche","status":"publish","type":"post","link":"https:\/\/contextoanalisisperiodistico.com\/index.php\/2023\/11\/25\/ofrece-ruta-rc01-de-citybus-mayor-cobertura-durante-el-dia-y-noche\/","title":{"rendered":"Ofrece ruta RC01 de Citybus mayor cobertura durante el d\u00eda y noche"},"content":{"rendered":"<div id=\"fb-root\"><\/div>\n\n<p>\u2022 El trayecto de Viguera a San Sebasti\u00e1n Tutla contar\u00e1 con 5.8 kil\u00f3metros m\u00e1s, as\u00ed como 14 estaciones nuevas en beneficio de las colonias Ricardo Hern\u00e1ndez Casanova y Mayorazgo<\/p>\n\n\n\n<p>Oaxaca de Ju\u00e1rez, Oax. 25 de noviembre de 2023.- Para beneficiar a personas usuarias del Sistema de Transporte Colectivo Metropolitano (Citybus), la ruta RC01 que va de la terminal de Viguera a San Sebasti\u00e1n Tutla ampli\u00f3 5.8 kil\u00f3metros m\u00e1s su recorrido, el cual realizar\u00e1 tanto de d\u00eda como de noche.<\/p>\n\n\n\n<p>Al respecto, la titular de la Secretar\u00eda de Movilidad (Semovi) Claudina de Gyves Mendoza destac\u00f3 que luego de la gesti\u00f3n realizada por el Gobierno Estatal y a petici\u00f3n de la autoridad municipal de San Sebasti\u00e1n Tutla esta ruta tendr\u00e1 14 estaciones nuevas en beneficio de las colonias Ricardo Hern\u00e1ndez Casanova y Mayorazgo, con un total de 68 paradas en servicio diurno y 87 en servicio nocturno.<\/p>\n\n\n\n<p>Reconoci\u00f3 el inter\u00e9s de las autoridades municipales que han respondido a las demandas de su poblaci\u00f3n para una mejor movilidad y seguridad vial, ya que el prop\u00f3sito del Citybus es establecer un est\u00e1ndar de servicio p\u00fablico que asegure el derecho a la movilidad de la sociedad.<\/p>\n\n\n\n<p>En este sentido, la directora general de Citybus, Karina G\u00f3mez Esteban detall\u00f3 que los horarios del servicio diurno se brindan de 06:00 a 22:00 horas, el nocturno de domingo a jueves en un horario de 22:00 a 24:00 horas, mientras que viernes y s\u00e1bado se ofrece de 22:00 a 03:00 horas. Asimismo, inform\u00f3 que las personas usuarias pueden comprar y recargar su tarjeta de prepago en un cajero ubicado en el kiosco de San Sebasti\u00e1n Tutla.<\/p>\n\n\n\n<p>En tanto, el presidente municipal Alejandro Fernando Garc\u00eda V\u00e1squez agradeci\u00f3 el respaldo e inter\u00e9s del Gobierno Estatal para mejorar la movilidad de las y los habitantes de esta demarcaci\u00f3n, principalmente de quienes trabajan o estudian en la ciudad de Oaxaca.<br \/>-0-<\/p>\n\n\n\n<figure class=\"wp-block-image size-large\"><img fetchpriority=\"high\" decoding=\"async\" width=\"1024\" height=\"883\" src=\"https:\/\/contextoanalisisperiodistico.com\/wp-content\/uploads\/2023\/11\/img-20231125-wa00634269000223470693046-1024x883.jpg\" alt=\"\" class=\"wp-image-21602\" srcset=\"https:\/\/contextoanalisisperiodistico.com\/wp-content\/uploads\/2023\/11\/img-20231125-wa00634269000223470693046-1024x883.jpg 1024w, https:\/\/contextoanalisisperiodistico.com\/wp-content\/uploads\/2023\/11\/img-20231125-wa00634269000223470693046-300x259.jpg 300w, https:\/\/contextoanalisisperiodistico.com\/wp-content\/uploads\/2023\/11\/img-20231125-wa00634269000223470693046-768x662.jpg 768w, https:\/\/contextoanalisisperiodistico.com\/wp-content\/uploads\/2023\/11\/img-20231125-wa00634269000223470693046-1536x1324.jpg 1536w, https:\/\/contextoanalisisperiodistico.com\/wp-content\/uploads\/2023\/11\/img-20231125-wa00634269000223470693046.jpg 1600w\" sizes=\"(max-width: 1024px) 100vw, 1024px\" \/><\/figure>\n","protected":false},"excerpt":{"rendered":"<p>\u2022 El trayecto de Viguera a San Sebasti\u00e1n Tutla contar\u00e1 con 5.8 kil\u00f3metros m\u00e1s, as\u00ed&#8230;<\/p>\n","protected":false},"author":4,"featured_media":21601,"comment_status":"","ping_status":"open","sticky":false,"template":"","format":"standard","meta":{"footnotes":""},"categories":[9],"tags":[],"jetpack_sharing_enabled":true,"featured_image_urls":{"full":["https:\/\/contextoanalisisperiodistico.com\/wp-content\/uploads\/2023\/11\/IMG-20231125-WA0062.jpg",1040,1548,false],"thumbnail":["https:\/\/contextoanalisisperiodistico.com\/wp-content\/uploads\/2023\/11\/IMG-20231125-WA0062-150x150.jpg",150,150,true],"medium":["https:\/\/contextoanalisisperiodistico.com\/wp-content\/uploads\/2023\/11\/IMG-20231125-WA0062-202x300.jpg",202,300,true],"medium_large":["https:\/\/contextoanalisisperiodistico.com\/wp-content\/uploads\/2023\/11\/IMG-20231125-WA0062-768x1143.jpg",640,953,true],"large":["https:\/\/contextoanalisisperiodistico.com\/wp-content\/uploads\/2023\/11\/IMG-20231125-WA0062-688x1024.jpg",640,953,true],"1536x1536":["https:\/\/contextoanalisisperiodistico.com\/wp-content\/uploads\/2023\/11\/IMG-20231125-WA0062-1032x1536.jpg",1032,1536,true],"2048x2048":["https:\/\/contextoanalisisperiodistico.com\/wp-content\/uploads\/2023\/11\/IMG-20231125-WA0062.jpg",1040,1548,false],"covernews-slider-full":["https:\/\/contextoanalisisperiodistico.com\/wp-content\/uploads\/2023\/11\/IMG-20231125-WA0062-1040x715.jpg",1040,715,true],"covernews-slider-center":["https:\/\/contextoanalisisperiodistico.com\/wp-content\/uploads\/2023\/11\/IMG-20231125-WA0062-800x500.jpg",800,500,true],"covernews-featured":["https:\/\/contextoanalisisperiodistico.com\/wp-content\/uploads\/2023\/11\/IMG-20231125-WA0062-1024x1524.jpg",1024,1524,true],"covernews-medium":["https:\/\/contextoanalisisperiodistico.com\/wp-content\/uploads\/2023\/11\/IMG-20231125-WA0062-540x340.jpg",540,340,true],"covernews-medium-square":["https:\/\/contextoanalisisperiodistico.com\/wp-content\/uploads\/2023\/11\/IMG-20231125-WA0062-400x250.jpg",400,250,true]},"author_info":{"display_name":"Mario Gir\u00f3n","author_link":"https:\/\/contextoanalisisperiodistico.com\/index.php\/author\/director\/"},"category_info":"<a href=\"https:\/\/contextoanalisisperiodistico.com\/index.php\/category\/politica\/\" rel=\"category tag\">Pol\u00edtica<\/a>","tag_info":"Pol\u00edtica","comment_count":"0","jetpack_featured_media_url":"https:\/\/contextoanalisisperiodistico.com\/wp-content\/uploads\/2023\/11\/IMG-20231125-WA0062.jpg","_links":{"self":[{"href":"https:\/\/contextoanalisisperiodistico.com\/index.php\/wp-json\/wp\/v2\/posts\/21603"}],"collection":[{"href":"https:\/\/contextoanalisisperiodistico.com\/index.php\/wp-json\/wp\/v2\/posts"}],"about":[{"href":"https:\/\/contextoanalisisperiodistico.com\/index.php\/wp-json\/wp\/v2\/types\/post"}],"author":[{"embeddable":true,"href":"https:\/\/contextoanalisisperiodistico.com\/index.php\/wp-json\/wp\/v2\/users\/4"}],"replies":[{"embeddable":true,"href":"https:\/\/contextoanalisisperiodistico.com\/index.php\/wp-json\/wp\/v2\/comments?post=21603"}],"version-history":[{"count":0,"href":"https:\/\/contextoanalisisperiodistico.com\/index.php\/wp-json\/wp\/v2\/posts\/21603\/revisions"}],"wp:featuredmedia":[{"embeddable":true,"href":"https:\/\/contextoanalisisperiodistico.com\/index.php\/wp-json\/wp\/v2\/media\/21601"}],"wp:attachment":[{"href":"https:\/\/contextoanalisisperiodistico.com\/index.php\/wp-json\/wp\/v2\/media?parent=21603"}],"wp:term":[{"taxonomy":"category","embeddable":true,"href":"https:\/\/contextoanalisisperiodistico.com\/index.php\/wp-json\/wp\/v2\/categories?post=21603"},{"taxonomy":"post_tag","embeddable":true,"href":"https:\/\/contextoanalisisperiodistico.com\/index.php\/wp-json\/wp\/v2\/tags?post=21603"}],"curies":[{"name":"wp","href":"https:\/\/api.w.org\/{rel}","templated":true}]}}