{"id":21600,"date":"2023-11-25T13:08:29","date_gmt":"2023-11-25T19:08:29","guid":{"rendered":"https:\/\/contextoanalisisperiodistico.com\/index.php\/2023\/11\/25\/municipio-capitalino-conmemora-el-ccxi-aniversario-de-la-toma-de-la-ciudad-de-oaxaca\/"},"modified":"2023-11-25T13:08:29","modified_gmt":"2023-11-25T19:08:29","slug":"municipio-capitalino-conmemora-el-ccxi-aniversario-de-la-toma-de-la-ciudad-de-oaxaca","status":"publish","type":"post","link":"https:\/\/contextoanalisisperiodistico.com\/index.php\/2023\/11\/25\/municipio-capitalino-conmemora-el-ccxi-aniversario-de-la-toma-de-la-ciudad-de-oaxaca\/","title":{"rendered":"Municipio capitalino conmemora el CCXI aniversario de la toma de la Ciudad de Oaxaca."},"content":{"rendered":"<div id=\"fb-root\"><\/div>\n\n<p>Oaxaca de Ju\u00e1rez, Oax., a 25 de noviembre de 2023.- En conmemoraci\u00f3n del CCXI aniversario de la toma de la Ciudad de Oaxaca, por el Ej\u00e9rcito Insurgente, bajo el mando del general\u00edsimo Jos\u00e9 Mar\u00eda Teclo Morelos Pav\u00f3n y P\u00e9rez, el presidente municipal, Francisco Mart\u00ednez Neri, encabez\u00f3 una comitiva en honor al l\u00edder insurgente de esta hist\u00f3rica gesta.<\/p>\n\n\n\n<figure class=\"wp-block-image size-large\"><img fetchpriority=\"high\" decoding=\"async\" width=\"684\" height=\"1024\" src=\"https:\/\/contextoanalisisperiodistico.com\/wp-content\/uploads\/2023\/11\/img-20231125-wa00508923753670319716913-684x1024.jpg\" alt=\"\" class=\"wp-image-21596\" srcset=\"https:\/\/contextoanalisisperiodistico.com\/wp-content\/uploads\/2023\/11\/img-20231125-wa00508923753670319716913-684x1024.jpg 684w, https:\/\/contextoanalisisperiodistico.com\/wp-content\/uploads\/2023\/11\/img-20231125-wa00508923753670319716913-200x300.jpg 200w, https:\/\/contextoanalisisperiodistico.com\/wp-content\/uploads\/2023\/11\/img-20231125-wa00508923753670319716913-768x1149.jpg 768w, https:\/\/contextoanalisisperiodistico.com\/wp-content\/uploads\/2023\/11\/img-20231125-wa00508923753670319716913-1026x1536.jpg 1026w, https:\/\/contextoanalisisperiodistico.com\/wp-content\/uploads\/2023\/11\/img-20231125-wa00508923753670319716913-1024x1533.jpg 1024w, https:\/\/contextoanalisisperiodistico.com\/wp-content\/uploads\/2023\/11\/img-20231125-wa00508923753670319716913.jpg 1069w\" sizes=\"(max-width: 684px) 100vw, 684px\" \/><\/figure>\n\n\n\n<figure class=\"wp-block-image\"><img decoding=\"async\" width=\"1024\" height=\"684\" src=\"https:\/\/contextoanalisisperiodistico.com\/wp-content\/uploads\/2023\/11\/img-20231125-wa00462256481076279351098-1024x684.jpg\" alt=\"\" class=\"wp-image-21598\" srcset=\"https:\/\/contextoanalisisperiodistico.com\/wp-content\/uploads\/2023\/11\/img-20231125-wa00462256481076279351098-1024x684.jpg 1024w, https:\/\/contextoanalisisperiodistico.com\/wp-content\/uploads\/2023\/11\/img-20231125-wa00462256481076279351098-300x200.jpg 300w, https:\/\/contextoanalisisperiodistico.com\/wp-content\/uploads\/2023\/11\/img-20231125-wa00462256481076279351098-768x513.jpg 768w, https:\/\/contextoanalisisperiodistico.com\/wp-content\/uploads\/2023\/11\/img-20231125-wa00462256481076279351098-1536x1026.jpg 1536w, https:\/\/contextoanalisisperiodistico.com\/wp-content\/uploads\/2023\/11\/img-20231125-wa00462256481076279351098.jpg 1600w\" sizes=\"(max-width: 1024px) 100vw, 1024px\" \/><\/figure>\n\n\n\n<figure class=\"wp-block-image\"><img decoding=\"async\" width=\"684\" height=\"1024\" src=\"https:\/\/contextoanalisisperiodistico.com\/wp-content\/uploads\/2023\/11\/img-20231125-wa00492524396827799195388-684x1024.jpg\" alt=\"\" class=\"wp-image-21599\" srcset=\"https:\/\/contextoanalisisperiodistico.com\/wp-content\/uploads\/2023\/11\/img-20231125-wa00492524396827799195388-684x1024.jpg 684w, https:\/\/contextoanalisisperiodistico.com\/wp-content\/uploads\/2023\/11\/img-20231125-wa00492524396827799195388-200x300.jpg 200w, https:\/\/contextoanalisisperiodistico.com\/wp-content\/uploads\/2023\/11\/img-20231125-wa00492524396827799195388-768x1149.jpg 768w, https:\/\/contextoanalisisperiodistico.com\/wp-content\/uploads\/2023\/11\/img-20231125-wa00492524396827799195388-1026x1536.jpg 1026w, https:\/\/contextoanalisisperiodistico.com\/wp-content\/uploads\/2023\/11\/img-20231125-wa00492524396827799195388-1024x1533.jpg 1024w, https:\/\/contextoanalisisperiodistico.com\/wp-content\/uploads\/2023\/11\/img-20231125-wa00492524396827799195388.jpg 1069w\" sizes=\"(max-width: 684px) 100vw, 684px\" \/><\/figure>\n\n\n\n<figure class=\"wp-block-image\"><img loading=\"lazy\" decoding=\"async\" width=\"1024\" height=\"775\" src=\"https:\/\/contextoanalisisperiodistico.com\/wp-content\/uploads\/2023\/11\/img-20231125-wa0047666706945889098927-1024x775.jpg\" alt=\"\" class=\"wp-image-21597\" srcset=\"https:\/\/contextoanalisisperiodistico.com\/wp-content\/uploads\/2023\/11\/img-20231125-wa0047666706945889098927-1024x775.jpg 1024w, https:\/\/contextoanalisisperiodistico.com\/wp-content\/uploads\/2023\/11\/img-20231125-wa0047666706945889098927-300x227.jpg 300w, https:\/\/contextoanalisisperiodistico.com\/wp-content\/uploads\/2023\/11\/img-20231125-wa0047666706945889098927-768x581.jpg 768w, https:\/\/contextoanalisisperiodistico.com\/wp-content\/uploads\/2023\/11\/img-20231125-wa0047666706945889098927.jpg 1413w\" sizes=\"(max-width: 1024px) 100vw, 1024px\" \/><\/figure>\n\n\n\n<p>Cabe se\u00f1alar que la toma de la ciudad en 1812, liderada por el general Jos\u00e9 Mar\u00eda Morelos y Pav\u00f3n, fue una acci\u00f3n trascendental en la Guerra de Independencia de M\u00e9xico. En este sentido, el edil capitalino destac\u00f3 la haza\u00f1a de Morelos quien traz\u00f3 su estrategia en las inmediaciones de la villa de Etla y, posteriormente, dirigi\u00f3 su ej\u00e9rcito a la Ciudad de Antequera, actual Oaxaca de Ju\u00e1rez.<\/p>\n\n\n\n<p>Siendo as\u00ed que el 25 de noviembre de 1812, las tropas insurgentes solicitaron la rendici\u00f3n de la Plaza Mayor, marcando un hito en la lucha por la independencia.<\/p>\n\n\n\n<p>La conmemoraci\u00f3n incluy\u00f3 la colocaci\u00f3n de una ofrenda floral y la rendici\u00f3n de una guardia de honor en la estatua del general Jos\u00e9 Mar\u00eda Morelos y Pav\u00f3n, como tributo a su liderazgo y valent\u00eda durante esta hist\u00f3rica batalla.<\/p>\n\n\n\n<p>El evento cont\u00f3 con la presencia del coronel de Artiller\u00eda Diplomado de Estado Mayor, Francisco Javier Reynoso Rodr\u00edguez en representaci\u00f3n del General de Brigada, Jorge Alejandro Ram\u00edrez Gonz\u00e1lez, comandante de la 28ava. Zona Militar; la presidenta honoraria del Sistema DIF Municipal, Bernarda Gonz\u00e1lez Rivas;<br \/>la regidora de Seguridad Ciudadana y Movilidad y de Agencias y Colonias, Claudia Tapia Nolasco, la agenta municipal de San Felipe del Agua, Benita Eufemia Bautista V\u00e1squez, as\u00ed como secretarias, secretarios y colaboradores del municipio de Oaxaca de Ju\u00e1rez.<\/p>\n\n\n\n<p>Con estas acciones, el municipio de Oaxaca de Ju\u00e1rez reitera su compromiso de honrar la memoria de los h\u00e9roes que forjaron la independencia de M\u00e9xico.<\/p>\n","protected":false},"excerpt":{"rendered":"<p>Oaxaca de Ju\u00e1rez, Oax., a 25 de noviembre de 2023.- En conmemoraci\u00f3n del CCXI aniversario&#8230;<\/p>\n","protected":false},"author":4,"featured_media":21595,"comment_status":"","ping_status":"open","sticky":false,"template":"","format":"standard","meta":{"footnotes":""},"categories":[9],"tags":[],"jetpack_sharing_enabled":true,"featured_image_urls":{"full":["https:\/\/contextoanalisisperiodistico.com\/wp-content\/uploads\/2023\/11\/IMG-20231125-WA0048.jpg",1443,973,false],"thumbnail":["https:\/\/contextoanalisisperiodistico.com\/wp-content\/uploads\/2023\/11\/IMG-20231125-WA0048-150x150.jpg",150,150,true],"medium":["https:\/\/contextoanalisisperiodistico.com\/wp-content\/uploads\/2023\/11\/IMG-20231125-WA0048-300x202.jpg",300,202,true],"medium_large":["https:\/\/contextoanalisisperiodistico.com\/wp-content\/uploads\/2023\/11\/IMG-20231125-WA0048-768x518.jpg",640,432,true],"large":["https:\/\/contextoanalisisperiodistico.com\/wp-content\/uploads\/2023\/11\/IMG-20231125-WA0048-1024x690.jpg",640,431,true],"1536x1536":["https:\/\/contextoanalisisperiodistico.com\/wp-content\/uploads\/2023\/11\/IMG-20231125-WA0048.jpg",1443,973,false],"2048x2048":["https:\/\/contextoanalisisperiodistico.com\/wp-content\/uploads\/2023\/11\/IMG-20231125-WA0048.jpg",1443,973,false],"covernews-slider-full":["https:\/\/contextoanalisisperiodistico.com\/wp-content\/uploads\/2023\/11\/IMG-20231125-WA0048-1115x715.jpg",1115,715,true],"covernews-slider-center":["https:\/\/contextoanalisisperiodistico.com\/wp-content\/uploads\/2023\/11\/IMG-20231125-WA0048-800x500.jpg",800,500,true],"covernews-featured":["https:\/\/contextoanalisisperiodistico.com\/wp-content\/uploads\/2023\/11\/IMG-20231125-WA0048-1024x690.jpg",1024,690,true],"covernews-medium":["https:\/\/contextoanalisisperiodistico.com\/wp-content\/uploads\/2023\/11\/IMG-20231125-WA0048-540x340.jpg",540,340,true],"covernews-medium-square":["https:\/\/contextoanalisisperiodistico.com\/wp-content\/uploads\/2023\/11\/IMG-20231125-WA0048-400x250.jpg",400,250,true]},"author_info":{"display_name":"Mario Gir\u00f3n","author_link":"https:\/\/contextoanalisisperiodistico.com\/index.php\/author\/director\/"},"category_info":"<a href=\"https:\/\/contextoanalisisperiodistico.com\/index.php\/category\/politica\/\" rel=\"category tag\">Pol\u00edtica<\/a>","tag_info":"Pol\u00edtica","comment_count":"0","jetpack_featured_media_url":"https:\/\/contextoanalisisperiodistico.com\/wp-content\/uploads\/2023\/11\/IMG-20231125-WA0048.jpg","_links":{"self":[{"href":"https:\/\/contextoanalisisperiodistico.com\/index.php\/wp-json\/wp\/v2\/posts\/21600"}],"collection":[{"href":"https:\/\/contextoanalisisperiodistico.com\/index.php\/wp-json\/wp\/v2\/posts"}],"about":[{"href":"https:\/\/contextoanalisisperiodistico.com\/index.php\/wp-json\/wp\/v2\/types\/post"}],"author":[{"embeddable":true,"href":"https:\/\/contextoanalisisperiodistico.com\/index.php\/wp-json\/wp\/v2\/users\/4"}],"replies":[{"embeddable":true,"href":"https:\/\/contextoanalisisperiodistico.com\/index.php\/wp-json\/wp\/v2\/comments?post=21600"}],"version-history":[{"count":0,"href":"https:\/\/contextoanalisisperiodistico.com\/index.php\/wp-json\/wp\/v2\/posts\/21600\/revisions"}],"wp:featuredmedia":[{"embeddable":true,"href":"https:\/\/contextoanalisisperiodistico.com\/index.php\/wp-json\/wp\/v2\/media\/21595"}],"wp:attachment":[{"href":"https:\/\/contextoanalisisperiodistico.com\/index.php\/wp-json\/wp\/v2\/media?parent=21600"}],"wp:term":[{"taxonomy":"category","embeddable":true,"href":"https:\/\/contextoanalisisperiodistico.com\/index.php\/wp-json\/wp\/v2\/categories?post=21600"},{"taxonomy":"post_tag","embeddable":true,"href":"https:\/\/contextoanalisisperiodistico.com\/index.php\/wp-json\/wp\/v2\/tags?post=21600"}],"curies":[{"name":"wp","href":"https:\/\/api.w.org\/{rel}","templated":true}]}}