{"id":21590,"date":"2023-11-25T12:17:48","date_gmt":"2023-11-25T18:17:48","guid":{"rendered":"https:\/\/contextoanalisisperiodistico.com\/index.php\/2023\/11\/25\/suman-esfuerzos-contra-la-violencia-de-genero-y-la-autonomia-economica-de-las-mujeres\/"},"modified":"2023-11-25T12:17:48","modified_gmt":"2023-11-25T18:17:48","slug":"suman-esfuerzos-contra-la-violencia-de-genero-y-la-autonomia-economica-de-las-mujeres","status":"publish","type":"post","link":"https:\/\/contextoanalisisperiodistico.com\/index.php\/2023\/11\/25\/suman-esfuerzos-contra-la-violencia-de-genero-y-la-autonomia-economica-de-las-mujeres\/","title":{"rendered":"Suman esfuerzos contra la violencia de g\u00e9nero y la autonom\u00eda econ\u00f3mica de las mujeres"},"content":{"rendered":"<div id=\"fb-root\"><\/div>\n\n<p>\u2022 La Secretar\u00eda de las Mujeres en coordinaci\u00f3n con el ayuntamiento de Santa Mar\u00eda Huatulco inauguraron el Encuentro Estatal de Mujeres por la Paz, Seguridad y Autonom\u00eda<\/p>\n\n\n\n<figure class=\"wp-block-image size-large\"><img fetchpriority=\"high\" decoding=\"async\" width=\"1024\" height=\"685\" src=\"https:\/\/contextoanalisisperiodistico.com\/wp-content\/uploads\/2023\/11\/img-20231125-wa00311572205425470593364-1024x685.jpg\" alt=\"\" class=\"wp-image-21586\" srcset=\"https:\/\/contextoanalisisperiodistico.com\/wp-content\/uploads\/2023\/11\/img-20231125-wa00311572205425470593364-1024x685.jpg 1024w, https:\/\/contextoanalisisperiodistico.com\/wp-content\/uploads\/2023\/11\/img-20231125-wa00311572205425470593364-300x201.jpg 300w, https:\/\/contextoanalisisperiodistico.com\/wp-content\/uploads\/2023\/11\/img-20231125-wa00311572205425470593364-768x513.jpg 768w, https:\/\/contextoanalisisperiodistico.com\/wp-content\/uploads\/2023\/11\/img-20231125-wa00311572205425470593364-1536x1027.jpg 1536w, https:\/\/contextoanalisisperiodistico.com\/wp-content\/uploads\/2023\/11\/img-20231125-wa00311572205425470593364.jpg 1590w\" sizes=\"(max-width: 1024px) 100vw, 1024px\" \/><\/figure>\n\n\n\n<figure class=\"wp-block-image\"><img decoding=\"async\" width=\"1024\" height=\"684\" src=\"https:\/\/contextoanalisisperiodistico.com\/wp-content\/uploads\/2023\/11\/img-20231125-wa00355824354844554106665-1024x684.jpg\" alt=\"\" class=\"wp-image-21585\" srcset=\"https:\/\/contextoanalisisperiodistico.com\/wp-content\/uploads\/2023\/11\/img-20231125-wa00355824354844554106665-1024x684.jpg 1024w, https:\/\/contextoanalisisperiodistico.com\/wp-content\/uploads\/2023\/11\/img-20231125-wa00355824354844554106665-300x200.jpg 300w, https:\/\/contextoanalisisperiodistico.com\/wp-content\/uploads\/2023\/11\/img-20231125-wa00355824354844554106665-768x513.jpg 768w, https:\/\/contextoanalisisperiodistico.com\/wp-content\/uploads\/2023\/11\/img-20231125-wa00355824354844554106665-1536x1026.jpg 1536w, https:\/\/contextoanalisisperiodistico.com\/wp-content\/uploads\/2023\/11\/img-20231125-wa00355824354844554106665.jpg 1600w\" sizes=\"(max-width: 1024px) 100vw, 1024px\" \/><\/figure>\n\n\n\n<figure class=\"wp-block-image\"><img decoding=\"async\" width=\"1024\" height=\"684\" src=\"https:\/\/contextoanalisisperiodistico.com\/wp-content\/uploads\/2023\/11\/img-20231125-wa00347824415723367100385-1024x684.jpg\" alt=\"\" class=\"wp-image-21584\" srcset=\"https:\/\/contextoanalisisperiodistico.com\/wp-content\/uploads\/2023\/11\/img-20231125-wa00347824415723367100385-1024x684.jpg 1024w, https:\/\/contextoanalisisperiodistico.com\/wp-content\/uploads\/2023\/11\/img-20231125-wa00347824415723367100385-300x200.jpg 300w, https:\/\/contextoanalisisperiodistico.com\/wp-content\/uploads\/2023\/11\/img-20231125-wa00347824415723367100385-768x513.jpg 768w, https:\/\/contextoanalisisperiodistico.com\/wp-content\/uploads\/2023\/11\/img-20231125-wa00347824415723367100385-1536x1026.jpg 1536w, https:\/\/contextoanalisisperiodistico.com\/wp-content\/uploads\/2023\/11\/img-20231125-wa00347824415723367100385.jpg 1600w\" sizes=\"(max-width: 1024px) 100vw, 1024px\" \/><\/figure>\n\n\n\n<figure class=\"wp-block-image\"><img loading=\"lazy\" decoding=\"async\" width=\"1024\" height=\"679\" src=\"https:\/\/contextoanalisisperiodistico.com\/wp-content\/uploads\/2023\/11\/img-20231125-wa0033963212225800422607-1024x679.jpg\" alt=\"\" class=\"wp-image-21587\" srcset=\"https:\/\/contextoanalisisperiodistico.com\/wp-content\/uploads\/2023\/11\/img-20231125-wa0033963212225800422607-1024x679.jpg 1024w, https:\/\/contextoanalisisperiodistico.com\/wp-content\/uploads\/2023\/11\/img-20231125-wa0033963212225800422607-300x199.jpg 300w, https:\/\/contextoanalisisperiodistico.com\/wp-content\/uploads\/2023\/11\/img-20231125-wa0033963212225800422607-768x510.jpg 768w, https:\/\/contextoanalisisperiodistico.com\/wp-content\/uploads\/2023\/11\/img-20231125-wa0033963212225800422607-1536x1019.jpg 1536w, https:\/\/contextoanalisisperiodistico.com\/wp-content\/uploads\/2023\/11\/img-20231125-wa0033963212225800422607.jpg 1578w\" sizes=\"(max-width: 1024px) 100vw, 1024px\" \/><\/figure>\n\n\n\n<figure class=\"wp-block-image\"><img loading=\"lazy\" decoding=\"async\" width=\"1024\" height=\"684\" src=\"https:\/\/contextoanalisisperiodistico.com\/wp-content\/uploads\/2023\/11\/img-20231125-wa00329174418526933785111-1024x684.jpg\" alt=\"\" class=\"wp-image-21588\" srcset=\"https:\/\/contextoanalisisperiodistico.com\/wp-content\/uploads\/2023\/11\/img-20231125-wa00329174418526933785111-1024x684.jpg 1024w, https:\/\/contextoanalisisperiodistico.com\/wp-content\/uploads\/2023\/11\/img-20231125-wa00329174418526933785111-300x200.jpg 300w, https:\/\/contextoanalisisperiodistico.com\/wp-content\/uploads\/2023\/11\/img-20231125-wa00329174418526933785111-768x513.jpg 768w, https:\/\/contextoanalisisperiodistico.com\/wp-content\/uploads\/2023\/11\/img-20231125-wa00329174418526933785111-1536x1026.jpg 1536w, https:\/\/contextoanalisisperiodistico.com\/wp-content\/uploads\/2023\/11\/img-20231125-wa00329174418526933785111.jpg 1600w\" sizes=\"(max-width: 1024px) 100vw, 1024px\" \/><\/figure>\n\n\n\n<figure class=\"wp-block-image\"><img loading=\"lazy\" decoding=\"async\" width=\"1024\" height=\"697\" src=\"https:\/\/contextoanalisisperiodistico.com\/wp-content\/uploads\/2023\/11\/img-20231125-wa0036911927419142995652-1024x697.jpg\" alt=\"\" class=\"wp-image-21589\" srcset=\"https:\/\/contextoanalisisperiodistico.com\/wp-content\/uploads\/2023\/11\/img-20231125-wa0036911927419142995652-1024x697.jpg 1024w, https:\/\/contextoanalisisperiodistico.com\/wp-content\/uploads\/2023\/11\/img-20231125-wa0036911927419142995652-300x204.jpg 300w, https:\/\/contextoanalisisperiodistico.com\/wp-content\/uploads\/2023\/11\/img-20231125-wa0036911927419142995652-768x523.jpg 768w, https:\/\/contextoanalisisperiodistico.com\/wp-content\/uploads\/2023\/11\/img-20231125-wa0036911927419142995652.jpg 1458w\" sizes=\"(max-width: 1024px) 100vw, 1024px\" \/><\/figure>\n\n\n\n<p>\u2022 Se instal\u00f3 tambi\u00e9n la exposici\u00f3n y venta de productos de mujeres artesanas y emprendedoras provenientes de las ocho regiones<\/p>\n\n\n\n<p>Santa Mar\u00eda Huatulco, Oax. 25 de noviembre de 2023.- La Secretar\u00eda de las Mujeres y el ayuntamiento de este lugar inauguraron el Encuentro Estatal de Mujeres por la Paz, Seguridad y Autonom\u00eda, un espacio de di\u00e1logo, uni\u00f3n y trabajo para lograr acciones afirmativas a favor de las mujeres de Oaxaca.<\/p>\n\n\n\n<p>Este encuentro re\u00fane a las directoras de las Instancias Municipales de las Mujeres (IMM) de las ocho regiones, quienes aportar\u00e1n sus voces en la lucha contra la violencia de g\u00e9nero y trabajar\u00e1n por la autonom\u00eda econ\u00f3mica de las mujeres.<\/p>\n\n\n\n<p>En este marco se instal\u00f3 la exposici\u00f3n y venta de productos de artesanas y emprendedoras provenientes de las ocho regiones del estado, un espacio de intercambio en el cual se busca apoyar la autonom\u00eda econ\u00f3mica de las mujeres a trav\u00e9s de sus creaciones para que puedan obtener ingresos para ellas y sus familias.<\/p>\n\n\n\n<p>La subsecretaria de Promoci\u00f3n, Participaci\u00f3n y Equidad de G\u00e9nero de la SM, Gabriela Salom\u00e9 Loaeza Santos, agradeci\u00f3 la presencia de las directoras de IMM, a las autoridades municipales, as\u00ed como a las artesanas, emprendedoras y productoras.<\/p>\n\n\n\n<p>Se\u00f1al\u00f3 que durante este encuentro se impulsar\u00e1n acciones y estrategias a nivel comunitario para fortalecer la igualdad, el intercambio de experiencias y el empoderamiento econ\u00f3mico de las mujeres, para potenciar su desarrollo en sus municipios.<\/p>\n\n\n\n<p>Por su parte, Areli Gal\u00e1n Alderete, directora de la IMM de Santa Mar\u00eda Huatulco, agradeci\u00f3 ser sede del Encuentro y reconoci\u00f3 a las mujeres emprendedoras por su valent\u00eda y determinaci\u00f3n, pues, dijo, son un pilar econ\u00f3mico y una fuente de inspiraci\u00f3n para quienes sue\u00f1an con iniciar un negocio.<\/p>\n\n\n\n<p>Agreg\u00f3 que es importante fomentar un entorno propicio para el crecimiento de espacios liderados por mujeres, \u201creafirmamos nuestro compromiso para seguir apoyando estos proyectos, con la firme convicci\u00f3n de que el progreso econ\u00f3mico debe ir de la mano con la erradicaci\u00f3n de la violencia de g\u00e9nero y fomentar la igualdad de oportunidades\u201d.<\/p>\n\n\n\n<p>Cabe destacar que la expoventa se realiza durante los d\u00edas 24 y 25 de noviembre en el parque Rufino Tamayo, en La Crucecita del municipio de Santa Mar\u00eda Huatulco en un horario de 9:00 a 20:00 horas, en donde se podr\u00e1 adquirir productos como textiles, alimentos, miel, caf\u00e9, prendas t\u00edpicas, calzado, joyer\u00eda artesanal, productos de madera, y comida regional, entre otros.<\/p>\n\n\n\n<p>Durante el primer d\u00eda de actividades del Encuentro Estatal se realiz\u00f3 la capacitaci\u00f3n por parte de Financiera para el Bienestar y la Inclusi\u00f3n Financiera, dirigido a las artesanas y emprendedoras, culminando las actividades con una tradicional calenda.<br \/>-0-<\/p>\n","protected":false},"excerpt":{"rendered":"<p>\u2022 La Secretar\u00eda de las Mujeres en coordinaci\u00f3n con el ayuntamiento de Santa Mar\u00eda Huatulco&#8230;<\/p>\n","protected":false},"author":4,"featured_media":21583,"comment_status":"","ping_status":"open","sticky":false,"template":"","format":"standard","meta":{"footnotes":""},"categories":[9],"tags":[],"jetpack_sharing_enabled":true,"featured_image_urls":{"full":["https:\/\/contextoanalisisperiodistico.com\/wp-content\/uploads\/2023\/11\/IMG-20231125-WA0030.jpg",1590,1041,false],"thumbnail":["https:\/\/contextoanalisisperiodistico.com\/wp-content\/uploads\/2023\/11\/IMG-20231125-WA0030-150x150.jpg",150,150,true],"medium":["https:\/\/contextoanalisisperiodistico.com\/wp-content\/uploads\/2023\/11\/IMG-20231125-WA0030-300x196.jpg",300,196,true],"medium_large":["https:\/\/contextoanalisisperiodistico.com\/wp-content\/uploads\/2023\/11\/IMG-20231125-WA0030-768x503.jpg",640,419,true],"large":["https:\/\/contextoanalisisperiodistico.com\/wp-content\/uploads\/2023\/11\/IMG-20231125-WA0030-1024x670.jpg",640,419,true],"1536x1536":["https:\/\/contextoanalisisperiodistico.com\/wp-content\/uploads\/2023\/11\/IMG-20231125-WA0030-1536x1006.jpg",1536,1006,true],"2048x2048":["https:\/\/contextoanalisisperiodistico.com\/wp-content\/uploads\/2023\/11\/IMG-20231125-WA0030.jpg",1590,1041,false],"covernews-slider-full":["https:\/\/contextoanalisisperiodistico.com\/wp-content\/uploads\/2023\/11\/IMG-20231125-WA0030-1115x715.jpg",1115,715,true],"covernews-slider-center":["https:\/\/contextoanalisisperiodistico.com\/wp-content\/uploads\/2023\/11\/IMG-20231125-WA0030-800x500.jpg",800,500,true],"covernews-featured":["https:\/\/contextoanalisisperiodistico.com\/wp-content\/uploads\/2023\/11\/IMG-20231125-WA0030-1024x670.jpg",1024,670,true],"covernews-medium":["https:\/\/contextoanalisisperiodistico.com\/wp-content\/uploads\/2023\/11\/IMG-20231125-WA0030-540x340.jpg",540,340,true],"covernews-medium-square":["https:\/\/contextoanalisisperiodistico.com\/wp-content\/uploads\/2023\/11\/IMG-20231125-WA0030-400x250.jpg",400,250,true]},"author_info":{"display_name":"Mario Gir\u00f3n","author_link":"https:\/\/contextoanalisisperiodistico.com\/index.php\/author\/director\/"},"category_info":"<a href=\"https:\/\/contextoanalisisperiodistico.com\/index.php\/category\/politica\/\" rel=\"category tag\">Pol\u00edtica<\/a>","tag_info":"Pol\u00edtica","comment_count":"0","jetpack_featured_media_url":"https:\/\/contextoanalisisperiodistico.com\/wp-content\/uploads\/2023\/11\/IMG-20231125-WA0030.jpg","_links":{"self":[{"href":"https:\/\/contextoanalisisperiodistico.com\/index.php\/wp-json\/wp\/v2\/posts\/21590"}],"collection":[{"href":"https:\/\/contextoanalisisperiodistico.com\/index.php\/wp-json\/wp\/v2\/posts"}],"about":[{"href":"https:\/\/contextoanalisisperiodistico.com\/index.php\/wp-json\/wp\/v2\/types\/post"}],"author":[{"embeddable":true,"href":"https:\/\/contextoanalisisperiodistico.com\/index.php\/wp-json\/wp\/v2\/users\/4"}],"replies":[{"embeddable":true,"href":"https:\/\/contextoanalisisperiodistico.com\/index.php\/wp-json\/wp\/v2\/comments?post=21590"}],"version-history":[{"count":0,"href":"https:\/\/contextoanalisisperiodistico.com\/index.php\/wp-json\/wp\/v2\/posts\/21590\/revisions"}],"wp:featuredmedia":[{"embeddable":true,"href":"https:\/\/contextoanalisisperiodistico.com\/index.php\/wp-json\/wp\/v2\/media\/21583"}],"wp:attachment":[{"href":"https:\/\/contextoanalisisperiodistico.com\/index.php\/wp-json\/wp\/v2\/media?parent=21590"}],"wp:term":[{"taxonomy":"category","embeddable":true,"href":"https:\/\/contextoanalisisperiodistico.com\/index.php\/wp-json\/wp\/v2\/categories?post=21590"},{"taxonomy":"post_tag","embeddable":true,"href":"https:\/\/contextoanalisisperiodistico.com\/index.php\/wp-json\/wp\/v2\/tags?post=21590"}],"curies":[{"name":"wp","href":"https:\/\/api.w.org\/{rel}","templated":true}]}}