{"id":21582,"date":"2023-11-25T10:38:59","date_gmt":"2023-11-25T16:38:59","guid":{"rendered":"https:\/\/contextoanalisisperiodistico.com\/index.php\/2023\/11\/25\/ogaipo-y-fundacion-friedrich-ebert-organizan-jornada-acceso-a-la-informacion-ambiental\/"},"modified":"2023-11-25T10:38:59","modified_gmt":"2023-11-25T16:38:59","slug":"ogaipo-y-fundacion-friedrich-ebert-organizan-jornada-acceso-a-la-informacion-ambiental","status":"publish","type":"post","link":"https:\/\/contextoanalisisperiodistico.com\/index.php\/2023\/11\/25\/ogaipo-y-fundacion-friedrich-ebert-organizan-jornada-acceso-a-la-informacion-ambiental\/","title":{"rendered":"OGAIPO y FUNDACI\u00d3N Friedrich Ebert organizan jornada \u00abAcceso a la Informaci\u00f3n ambiental\u00bb"},"content":{"rendered":"<div id=\"fb-root\"><\/div>\n\n<p><strong>&nbsp;<\/strong><\/p>\n\n\n\n<p><a href=\"\">Oaxaca de Ju\u00e1rez, Oax., a 24 de octubre del 2023.- Inici\u00f3 la Jornada \u201cAcceso a la Informaci\u00f3n Ambiental\u201d, evento organizado por el \u00d3rgano Garante de Acceso a la Informaci\u00f3n P\u00fablica, Transparencia, Protecci\u00f3n de Datos Personales y Buen Gobierno del Estado de Oaxaca (OGAIPO) y la Fundaci\u00f3n Friedrich Ebert (conocida como FES por sus siglas en alem\u00e1n, Friedrich Ebert Stiftung).<\/a><\/p>\n\n\n\n<p>&nbsp;<\/p>\n\n\n\n<p>La Jornada se desarroll\u00f3 este 23 de noviembre, en el auditorio del Archivo General del Estado de Oaxaca (AGEO), y 24 de noviembre en el auditorio del OGAIPO. La finalidad fue sensibilizar a los distintos Sujetos obligados de Oaxaca sobre el Acuerdo de Escaz\u00fas, los derechos de acceso y la importancia de su aplicaci\u00f3n en las actividades laborales diarias.<\/p>\n\n\n\n<p>&nbsp;<\/p>\n\n\n\n<p>Josu\u00e9 Solana Salmor\u00e1n, Comisionado Presidente del OGAIPO dio la bienvenida a las personas que integran la FES y agradeci\u00f3 el acompa\u00f1amiento de las y los servidores p\u00fablicos de las Unidades de Transparencia de los distintos Sujetos obligados que acudieron a la Jornada. El presidente del OGAIPO dijo que, tratar el tema del medio ambiente a trav\u00e9s de este acuerdo, implica implementar herramientas jur\u00eddicas con las que se protegen a activistas y luchadores sociales, recalc\u00f3 que, lo fundamental es el acceso a la informaci\u00f3n y que de esta forma se garantiza.<\/p>\n\n\n\n<p>&nbsp;<\/p>\n\n\n\n<p>Solana Salmor\u00e1n, tambi\u00e9n mencion\u00f3 que para el OGAIPO es de suma importancia atender estos temas trascendentes para la vida social ambiental y para el tema de la salud p\u00fablica.<\/p>\n\n\n\n<p>&nbsp;<\/p>\n\n\n\n<p>Astrid Becker, Directora del Proyecto Regional Transformaci\u00f3n Social-Ecol\u00f3gica de la Fundaci\u00f3n Friedrich Ebert, agradeci\u00f3 al OGAIPO por la realizaci\u00f3n de la Jornada. Mencion\u00f3 que la FES apoya di\u00e1logos relevantes sobre temas pol\u00edticos econ\u00f3micos desde hace 50 a\u00f1os, concret\u00f3 que el proyecto Regional Transformaci\u00f3n Social-Ecol\u00f3gica existe desde hace 10 a\u00f1os en apoyo al debate de la defensa del medio ambiente, al cambio clim\u00e1tico.<\/p>\n\n\n\n<p>&nbsp;<\/p>\n\n\n\n<p>La primera actividad que se desarroll\u00f3 fue el Panel denominado \u201cEl Acuerdo de Escaz\u00fa y los Esfuerzos de Acceso a la Informaci\u00f3n Ambiental en Oaxaca\u201d. Con participaci\u00f3n de Karime Unda Harp, Secretaria de Medio Ambiente, Biodiversidad, Energ\u00edas y Sostenibilidad del Gobierno del Estado de Oaxaca quien abord\u00f3 la problem\u00e1tica del cambio en los usos de suelo agravados por la tala ilegal y la expansi\u00f3n de monocultivos de agave, destac\u00f3 el Acuerdo de Escaz\u00fa como mecanismo para proteger a personas defensoras de los territorios por su esencial labor.<\/p>\n\n\n\n<p>&nbsp;<\/p>\n\n\n\n<p>Por su parte, Liz Hern\u00e1ndez Matus, diputada local del Honorable Congreso del Estado, expres\u00f3 que asumir los retos de la ebullici\u00f3n global implica que \u201cla informaci\u00f3n ambiental debe ser considerada de inter\u00e9s colectivo y para el dominio p\u00fablico\u201d, adem\u00e1s debe ser actualizada y estar disponible desde un enfoque igualitario y sin distinci\u00f3n ni condicionamiento.<\/p>\n\n\n\n<p>&nbsp;<\/p>\n\n\n\n<p>En su turno, Tom\u00e1s Severino, integrante de Cultura Ecol\u00f3gica, explic\u00f3 que al ser un tratado vinculante, se puede exigir el cumplimiento del Acuerdo de Escaz\u00fa al Estado Mexicano. Tambi\u00e9n destaca que el derecho de acceso a la informaci\u00f3n \u00abbusca romper desigualdades y acotar las brechas\u201d.<\/p>\n\n\n\n<p>&nbsp;<\/p>\n\n\n\n<p>Mientras que Olimpia Castillo, integrante de Comunicaci\u00f3n y Educaci\u00f3n Ambiental, comparti\u00f3 que a partir de las desigualdades que enfrentan las mujeres, sobrecarga por labores en materia de cuidados y siendo pilares en la defensa de territorios, llam\u00f3 a garantizar su participaci\u00f3n en la toma de decisiones a trav\u00e9s de su debido acceso a la informaci\u00f3n.<\/p>\n\n\n\n<p>&nbsp;<\/p>\n\n\n\n<p>Mar\u00eda Fernanda Hern\u00e1ndez, integrante de Litigio Estrat\u00e9gico Ind\u00edgena A.C., comparti\u00f3 las iniciativas para proteger la esfera jur\u00eddica de un medio ambiente sano a trav\u00e9s del concepto del Entorno Adyacente y los da\u00f1os irreparables por la degradaci\u00f3n de ecosistemas.<\/p>\n\n\n\n<p>&nbsp;<\/p>\n\n\n\n<p>Juan Carlos Carrillo, integrante del Centro Mexicano de Derecho Ambiental, comparti\u00f3 los fundamentos del derecho en los que versa el Acuerdo de Escaz\u00fa destacando el caso de Laguna de Carpinteros, en Tamaulipas, que se atendi\u00f3 desde la Suprema Corte de Justicia de la Naci\u00f3n desde los principios de precauci\u00f3n y reversi\u00f3n de la carga de la prueba.<\/p>\n\n\n\n<p>&nbsp;<\/p>\n\n\n\n<p>Posteriormente se realiz\u00f3 el Taller introductorio sobre el Acuerdo de Escaz\u00fa y los desaf\u00edos para su implementaci\u00f3n, dirigido a sujetos obligados del ejecutivo, legislativo, judicial y \u00f3rganos aut\u00f3nomos con el objetivo particular de compartir cu\u00e1les son las dificultades que tienen los sujetos obligados en materia de transparencia y acceso a la informaci\u00f3n ambiental, y c\u00f3mo puede sumar el Acuerdo de Escaz\u00fa a su trabajo. Este taller tambi\u00e9n fue impartido a servidoras y servidores p\u00fablicos del OGAIPO, este 24 de noviembre.&nbsp;<\/p>\n","protected":false},"excerpt":{"rendered":"<p>&nbsp; Oaxaca de Ju\u00e1rez, Oax., a 24 de octubre del 2023.- Inici\u00f3 la Jornada \u201cAcceso&#8230;<\/p>\n","protected":false},"author":4,"featured_media":21581,"comment_status":"","ping_status":"open","sticky":false,"template":"","format":"standard","meta":{"footnotes":""},"categories":[9],"tags":[],"jetpack_sharing_enabled":true,"featured_image_urls":{"full":["https:\/\/contextoanalisisperiodistico.com\/wp-content\/uploads\/2023\/11\/IMG_9959-scaled.jpg",2560,1707,false],"thumbnail":["https:\/\/contextoanalisisperiodistico.com\/wp-content\/uploads\/2023\/11\/IMG_9959-150x150.jpg",150,150,true],"medium":["https:\/\/contextoanalisisperiodistico.com\/wp-content\/uploads\/2023\/11\/IMG_9959-300x200.jpg",300,200,true],"medium_large":["https:\/\/contextoanalisisperiodistico.com\/wp-content\/uploads\/2023\/11\/IMG_9959-768x512.jpg",640,427,true],"large":["https:\/\/contextoanalisisperiodistico.com\/wp-content\/uploads\/2023\/11\/IMG_9959-1024x683.jpg",640,427,true],"1536x1536":["https:\/\/contextoanalisisperiodistico.com\/wp-content\/uploads\/2023\/11\/IMG_9959-1536x1024.jpg",1536,1024,true],"2048x2048":["https:\/\/contextoanalisisperiodistico.com\/wp-content\/uploads\/2023\/11\/IMG_9959-2048x1365.jpg",2048,1365,true],"covernews-slider-full":["https:\/\/contextoanalisisperiodistico.com\/wp-content\/uploads\/2023\/11\/IMG_9959-1115x715.jpg",1115,715,true],"covernews-slider-center":["https:\/\/contextoanalisisperiodistico.com\/wp-content\/uploads\/2023\/11\/IMG_9959-800x500.jpg",800,500,true],"covernews-featured":["https:\/\/contextoanalisisperiodistico.com\/wp-content\/uploads\/2023\/11\/IMG_9959-1024x683.jpg",1024,683,true],"covernews-medium":["https:\/\/contextoanalisisperiodistico.com\/wp-content\/uploads\/2023\/11\/IMG_9959-540x340.jpg",540,340,true],"covernews-medium-square":["https:\/\/contextoanalisisperiodistico.com\/wp-content\/uploads\/2023\/11\/IMG_9959-400x250.jpg",400,250,true]},"author_info":{"display_name":"Mario Gir\u00f3n","author_link":"https:\/\/contextoanalisisperiodistico.com\/index.php\/author\/director\/"},"category_info":"<a href=\"https:\/\/contextoanalisisperiodistico.com\/index.php\/category\/politica\/\" rel=\"category tag\">Pol\u00edtica<\/a>","tag_info":"Pol\u00edtica","comment_count":"0","jetpack_featured_media_url":"https:\/\/contextoanalisisperiodistico.com\/wp-content\/uploads\/2023\/11\/IMG_9959-scaled.jpg","_links":{"self":[{"href":"https:\/\/contextoanalisisperiodistico.com\/index.php\/wp-json\/wp\/v2\/posts\/21582"}],"collection":[{"href":"https:\/\/contextoanalisisperiodistico.com\/index.php\/wp-json\/wp\/v2\/posts"}],"about":[{"href":"https:\/\/contextoanalisisperiodistico.com\/index.php\/wp-json\/wp\/v2\/types\/post"}],"author":[{"embeddable":true,"href":"https:\/\/contextoanalisisperiodistico.com\/index.php\/wp-json\/wp\/v2\/users\/4"}],"replies":[{"embeddable":true,"href":"https:\/\/contextoanalisisperiodistico.com\/index.php\/wp-json\/wp\/v2\/comments?post=21582"}],"version-history":[{"count":0,"href":"https:\/\/contextoanalisisperiodistico.com\/index.php\/wp-json\/wp\/v2\/posts\/21582\/revisions"}],"wp:featuredmedia":[{"embeddable":true,"href":"https:\/\/contextoanalisisperiodistico.com\/index.php\/wp-json\/wp\/v2\/media\/21581"}],"wp:attachment":[{"href":"https:\/\/contextoanalisisperiodistico.com\/index.php\/wp-json\/wp\/v2\/media?parent=21582"}],"wp:term":[{"taxonomy":"category","embeddable":true,"href":"https:\/\/contextoanalisisperiodistico.com\/index.php\/wp-json\/wp\/v2\/categories?post=21582"},{"taxonomy":"post_tag","embeddable":true,"href":"https:\/\/contextoanalisisperiodistico.com\/index.php\/wp-json\/wp\/v2\/tags?post=21582"}],"curies":[{"name":"wp","href":"https:\/\/api.w.org\/{rel}","templated":true}]}}