{"id":21570,"date":"2023-11-24T17:23:17","date_gmt":"2023-11-24T23:23:17","guid":{"rendered":"https:\/\/contextoanalisisperiodistico.com\/index.php\/2023\/11\/24\/con-amlo-y-jara-oaxaca-en-camino-de-la-transformacion-afirma-nino-morales\/"},"modified":"2023-11-24T17:23:17","modified_gmt":"2023-11-24T23:23:17","slug":"con-amlo-y-jara-oaxaca-en-camino-de-la-transformacion-afirma-nino-morales","status":"publish","type":"post","link":"https:\/\/contextoanalisisperiodistico.com\/index.php\/2023\/11\/24\/con-amlo-y-jara-oaxaca-en-camino-de-la-transformacion-afirma-nino-morales\/","title":{"rendered":"<em>Con AMLO y Jara, Oaxaca en camino de la transformaci\u00f3n, afirma Nino Morales<\/em>"},"content":{"rendered":"<div id=\"fb-root\"><\/div>\n\n<p>Redacci\u00f3n<\/p>\n\n\n\n<figure class=\"wp-block-image size-large\"><img fetchpriority=\"high\" decoding=\"async\" width=\"1024\" height=\"683\" src=\"https:\/\/contextoanalisisperiodistico.com\/wp-content\/uploads\/2023\/11\/img-20231124-wa00765730509289485762510-1024x683.jpg\" alt=\"\" class=\"wp-image-21569\" srcset=\"https:\/\/contextoanalisisperiodistico.com\/wp-content\/uploads\/2023\/11\/img-20231124-wa00765730509289485762510-1024x683.jpg 1024w, https:\/\/contextoanalisisperiodistico.com\/wp-content\/uploads\/2023\/11\/img-20231124-wa00765730509289485762510-300x200.jpg 300w, https:\/\/contextoanalisisperiodistico.com\/wp-content\/uploads\/2023\/11\/img-20231124-wa00765730509289485762510-768x512.jpg 768w, https:\/\/contextoanalisisperiodistico.com\/wp-content\/uploads\/2023\/11\/img-20231124-wa00765730509289485762510-1536x1024.jpg 1536w, https:\/\/contextoanalisisperiodistico.com\/wp-content\/uploads\/2023\/11\/img-20231124-wa00765730509289485762510-2048x1366.jpg 2048w\" sizes=\"(max-width: 1024px) 100vw, 1024px\" \/><\/figure>\n\n\n\n<p>Oaxaca de Ju\u00e1rez, Oax, a 24 de noviembre de 2023.- El reconocimiento que hizo el Presidente Andr\u00e9s Manuel L\u00f3pez Obrador del crecimiento econ\u00f3mico del estado, confirma que en el gobierno del ingeniero Salom\u00f3n Jara Cruz, vamos por buen camino, sostuvo Antonino Morales Toledo, referente estatal de la 4T.<\/p>\n\n\n\n<p>Luego de darle bienvenida a Oaxaca, &#8211; estado que ha visitado en innumerables ocasiones, durante todo su sexenio, &#8211; el joven pol\u00edtico del Istmo, celebr\u00f3 que en la misma tierra oaxaque\u00f1a, el Presidente, haya reconocido el trabajo que viene realizando el Gobernador Salom\u00f3n Jara Cruz, \u00abporque el compromiso fue transformar Oaxaca y ya comenz\u00f3\u00bb.<\/p>\n\n\n\n<p>Nino Morales, destac\u00f3 que Oaxaca avanza en materia de bienestar y esto es gracias a los grandes proyectos del Gobierno de M\u00e9xico y del liderazgo del Gobernador Salom\u00f3n Jara Cruz, quien en territorio, se dedica a escuchar y resolver, lo que permite ubicar a la entidad con un desarrollo econ\u00f3mico nunca antes visto.<\/p>\n\n\n\n<p>\u00abHoy Oaxaca es un referente de crecimiento y reducci\u00f3n de la desigualdad. El sur sureste crece y en Oaxaca es notorio, porque hay bienestar justicia social y resultados\u00bb, se\u00f1al\u00f3 Antonino Morales.<\/p>\n","protected":false},"excerpt":{"rendered":"<p>Redacci\u00f3n Oaxaca de Ju\u00e1rez, Oax, a 24 de noviembre de 2023.- El reconocimiento que hizo&#8230;<\/p>\n","protected":false},"author":4,"featured_media":21568,"comment_status":"","ping_status":"open","sticky":false,"template":"","format":"standard","meta":{"footnotes":""},"categories":[9],"tags":[],"jetpack_sharing_enabled":true,"featured_image_urls":{"full":["https:\/\/contextoanalisisperiodistico.com\/wp-content\/uploads\/2023\/11\/IMG-20231124-WA0074-scaled.jpg",2560,1707,false],"thumbnail":["https:\/\/contextoanalisisperiodistico.com\/wp-content\/uploads\/2023\/11\/IMG-20231124-WA0074-150x150.jpg",150,150,true],"medium":["https:\/\/contextoanalisisperiodistico.com\/wp-content\/uploads\/2023\/11\/IMG-20231124-WA0074-300x200.jpg",300,200,true],"medium_large":["https:\/\/contextoanalisisperiodistico.com\/wp-content\/uploads\/2023\/11\/IMG-20231124-WA0074-768x512.jpg",640,427,true],"large":["https:\/\/contextoanalisisperiodistico.com\/wp-content\/uploads\/2023\/11\/IMG-20231124-WA0074-1024x683.jpg",640,427,true],"1536x1536":["https:\/\/contextoanalisisperiodistico.com\/wp-content\/uploads\/2023\/11\/IMG-20231124-WA0074-1536x1024.jpg",1536,1024,true],"2048x2048":["https:\/\/contextoanalisisperiodistico.com\/wp-content\/uploads\/2023\/11\/IMG-20231124-WA0074-2048x1366.jpg",2048,1366,true],"covernews-slider-full":["https:\/\/contextoanalisisperiodistico.com\/wp-content\/uploads\/2023\/11\/IMG-20231124-WA0074-1115x715.jpg",1115,715,true],"covernews-slider-center":["https:\/\/contextoanalisisperiodistico.com\/wp-content\/uploads\/2023\/11\/IMG-20231124-WA0074-800x500.jpg",800,500,true],"covernews-featured":["https:\/\/contextoanalisisperiodistico.com\/wp-content\/uploads\/2023\/11\/IMG-20231124-WA0074-1024x683.jpg",1024,683,true],"covernews-medium":["https:\/\/contextoanalisisperiodistico.com\/wp-content\/uploads\/2023\/11\/IMG-20231124-WA0074-540x340.jpg",540,340,true],"covernews-medium-square":["https:\/\/contextoanalisisperiodistico.com\/wp-content\/uploads\/2023\/11\/IMG-20231124-WA0074-400x250.jpg",400,250,true]},"author_info":{"display_name":"Mario Gir\u00f3n","author_link":"https:\/\/contextoanalisisperiodistico.com\/index.php\/author\/director\/"},"category_info":"<a href=\"https:\/\/contextoanalisisperiodistico.com\/index.php\/category\/politica\/\" rel=\"category tag\">Pol\u00edtica<\/a>","tag_info":"Pol\u00edtica","comment_count":"0","jetpack_featured_media_url":"https:\/\/contextoanalisisperiodistico.com\/wp-content\/uploads\/2023\/11\/IMG-20231124-WA0074-scaled.jpg","_links":{"self":[{"href":"https:\/\/contextoanalisisperiodistico.com\/index.php\/wp-json\/wp\/v2\/posts\/21570"}],"collection":[{"href":"https:\/\/contextoanalisisperiodistico.com\/index.php\/wp-json\/wp\/v2\/posts"}],"about":[{"href":"https:\/\/contextoanalisisperiodistico.com\/index.php\/wp-json\/wp\/v2\/types\/post"}],"author":[{"embeddable":true,"href":"https:\/\/contextoanalisisperiodistico.com\/index.php\/wp-json\/wp\/v2\/users\/4"}],"replies":[{"embeddable":true,"href":"https:\/\/contextoanalisisperiodistico.com\/index.php\/wp-json\/wp\/v2\/comments?post=21570"}],"version-history":[{"count":0,"href":"https:\/\/contextoanalisisperiodistico.com\/index.php\/wp-json\/wp\/v2\/posts\/21570\/revisions"}],"wp:featuredmedia":[{"embeddable":true,"href":"https:\/\/contextoanalisisperiodistico.com\/index.php\/wp-json\/wp\/v2\/media\/21568"}],"wp:attachment":[{"href":"https:\/\/contextoanalisisperiodistico.com\/index.php\/wp-json\/wp\/v2\/media?parent=21570"}],"wp:term":[{"taxonomy":"category","embeddable":true,"href":"https:\/\/contextoanalisisperiodistico.com\/index.php\/wp-json\/wp\/v2\/categories?post=21570"},{"taxonomy":"post_tag","embeddable":true,"href":"https:\/\/contextoanalisisperiodistico.com\/index.php\/wp-json\/wp\/v2\/tags?post=21570"}],"curies":[{"name":"wp","href":"https:\/\/api.w.org\/{rel}","templated":true}]}}