{"id":21551,"date":"2023-11-24T16:53:40","date_gmt":"2023-11-24T22:53:40","guid":{"rendered":"https:\/\/contextoanalisisperiodistico.com\/?p=21551"},"modified":"2023-11-24T16:54:10","modified_gmt":"2023-11-24T22:54:10","slug":"martinez-neri-instala-comite-metropolitano-de-cambio-climatico-de-oaxaca","status":"publish","type":"post","link":"https:\/\/contextoanalisisperiodistico.com\/index.php\/2023\/11\/24\/martinez-neri-instala-comite-metropolitano-de-cambio-climatico-de-oaxaca\/","title":{"rendered":"Mart\u00ednez Neri instala Comit\u00e9 Metropolitano de Cambio Clim\u00e1tico de Oaxaca"},"content":{"rendered":"<div id=\"fb-root\"><\/div>\n\n<ul>\n<li>Esto marca un hito trascendental en la lucha contra el cambio clim\u00e1tico.<\/li>\n<\/ul>\n\n\n\n<p>Oaxaca de Ju\u00e1rez, Oax., a 24 de noviembre de 2023.- El gobierno municipal de Oaxaca de Ju\u00e1rez, encabezado por el edil, Francisco Mart\u00ednez Neri, ha marcado un hito trascendental en la lucha contra el cambio clim\u00e1tico al instaurar el Comit\u00e9 Metropolitano de Cambio Clim\u00e1tico de Oaxaca.<\/p>\n\n\n\n<p>El objetivo primordial de este comit\u00e9 es trazar una ruta clara y definida hacia la mitigaci\u00f3n del cambio clim\u00e1tico en la zona metropolitana. La ceremonia de instalaci\u00f3n cont\u00f3 con la participaci\u00f3n de la secretaria de Medio Ambiente, Biodiversidad, Energ\u00edas y Sostenibilidad, Karime Unda Harp; la presidenta de la Comisi\u00f3n de Medio Ambiente, Energ\u00edas Renovables y Cambio Clim\u00e1tico del Congreso del Estado, Melina Hern\u00e1ndez Sosa; el director general del Sistema Operador de los Servicios de Agua Potable y Alcantarillado, Omar P\u00e9rez Ben\u00edtez; y la especialista en Desarrollo Urbano del Banco Mundial, Carina Lakovits, quien se uni\u00f3 v\u00eda Zoom desde Washington D.C.<\/p>\n\n\n\n<p>Cabe se\u00f1alar que, desde finales del a\u00f1o 2022, este comit\u00e9 ha trabajado arduamente en la elaboraci\u00f3n de un \u00abPlan de Acci\u00f3n Clim\u00e1tica de la Zona Metropolitana\u00bb. Este plan tiene un prop\u00f3sito claro: establecer metas a corto, mediano y largo plazo para lograr una zona metropolitana resiliente y descarbonizada para el a\u00f1o 2050.<\/p>\n\n\n\n<p>Durante su intervenci\u00f3n, el edil Francisco Mart\u00ednez Neri, subray\u00f3 la relevancia de este comit\u00e9 como un mecanismo fundamental para trabajar con determinaci\u00f3n y lograr resultados efectivos a corto plazo. Asimismo, resalt\u00f3 la necesidad de acciones conjuntas con las autoridades federales y estatales para enfrentar este reto ambiental.<\/p>\n\n\n\n<p>Por su parte la secretaria de Medio Ambiente, Biodiversidad, Energ\u00edas y Sostenibilidad del Gobierno del Estado, Karime Unda Harp, destac\u00f3 la importancia de esta iniciativa como un paso crucial para la implementaci\u00f3n de acciones concretas en la mitigaci\u00f3n del cambio clim\u00e1tico.<\/p>\n\n\n\n<p>Asimismo, la diputada Melina Hern\u00e1ndez Sosa y, la especialista Carina Lakovits, reafirmaron su compromiso de trabajar de manera colaborativa con el Comit\u00e9 para contrarrestar esta problem\u00e1tica global.<\/p>\n\n\n\n<p>En la toma de protesta a las y los integrantes del Comit\u00e9, el primer concejal, Mart\u00ednez Neri, reiter\u00f3 la importancia de cumplir con los deberes del cargo y avanzar juntos hacia un futuro m\u00e1s sostenible y resiliente ante los desaf\u00edos clim\u00e1ticos.<\/p>\n\n\n\n<p>Esta iniciativa refleja el compromiso conjunto de las autoridades y la sociedad para enfrentar este desaf\u00edo global con acciones concretas y estrat\u00e9gicas.<\/p>\n\n\n\n<figure class=\"wp-block-image size-large\"><img fetchpriority=\"high\" decoding=\"async\" width=\"1024\" height=\"564\" src=\"https:\/\/contextoanalisisperiodistico.com\/wp-content\/uploads\/2023\/11\/img-20231124-wa00453209750742714262253-1024x564.jpg\" alt=\"\" class=\"wp-image-21556\" srcset=\"https:\/\/contextoanalisisperiodistico.com\/wp-content\/uploads\/2023\/11\/img-20231124-wa00453209750742714262253-1024x564.jpg 1024w, https:\/\/contextoanalisisperiodistico.com\/wp-content\/uploads\/2023\/11\/img-20231124-wa00453209750742714262253-300x165.jpg 300w, https:\/\/contextoanalisisperiodistico.com\/wp-content\/uploads\/2023\/11\/img-20231124-wa00453209750742714262253-768x423.jpg 768w, https:\/\/contextoanalisisperiodistico.com\/wp-content\/uploads\/2023\/11\/img-20231124-wa00453209750742714262253-1536x847.jpg 1536w, https:\/\/contextoanalisisperiodistico.com\/wp-content\/uploads\/2023\/11\/img-20231124-wa00453209750742714262253.jpg 1600w\" sizes=\"(max-width: 1024px) 100vw, 1024px\" \/><\/figure>\n\n\n\n<figure class=\"wp-block-image\"><img decoding=\"async\" width=\"1024\" height=\"682\" src=\"https:\/\/contextoanalisisperiodistico.com\/wp-content\/uploads\/2023\/11\/img-20231124-wa00486706461357736401564-1024x682.jpg\" alt=\"\" class=\"wp-image-21554\" srcset=\"https:\/\/contextoanalisisperiodistico.com\/wp-content\/uploads\/2023\/11\/img-20231124-wa00486706461357736401564-1024x682.jpg 1024w, https:\/\/contextoanalisisperiodistico.com\/wp-content\/uploads\/2023\/11\/img-20231124-wa00486706461357736401564-300x200.jpg 300w, https:\/\/contextoanalisisperiodistico.com\/wp-content\/uploads\/2023\/11\/img-20231124-wa00486706461357736401564-768x512.jpg 768w, https:\/\/contextoanalisisperiodistico.com\/wp-content\/uploads\/2023\/11\/img-20231124-wa00486706461357736401564-1536x1023.jpg 1536w, https:\/\/contextoanalisisperiodistico.com\/wp-content\/uploads\/2023\/11\/img-20231124-wa00486706461357736401564.jpg 1600w\" sizes=\"(max-width: 1024px) 100vw, 1024px\" \/><\/figure>\n\n\n\n<figure class=\"wp-block-image\"><img decoding=\"async\" width=\"1024\" height=\"682\" src=\"https:\/\/contextoanalisisperiodistico.com\/wp-content\/uploads\/2023\/11\/img-20231124-wa00471479729498280959794-1024x682.jpg\" alt=\"\" class=\"wp-image-21555\" srcset=\"https:\/\/contextoanalisisperiodistico.com\/wp-content\/uploads\/2023\/11\/img-20231124-wa00471479729498280959794-1024x682.jpg 1024w, https:\/\/contextoanalisisperiodistico.com\/wp-content\/uploads\/2023\/11\/img-20231124-wa00471479729498280959794-300x200.jpg 300w, https:\/\/contextoanalisisperiodistico.com\/wp-content\/uploads\/2023\/11\/img-20231124-wa00471479729498280959794-768x512.jpg 768w, https:\/\/contextoanalisisperiodistico.com\/wp-content\/uploads\/2023\/11\/img-20231124-wa00471479729498280959794-1536x1023.jpg 1536w, https:\/\/contextoanalisisperiodistico.com\/wp-content\/uploads\/2023\/11\/img-20231124-wa00471479729498280959794.jpg 1600w\" sizes=\"(max-width: 1024px) 100vw, 1024px\" \/><\/figure>\n\n\n\n<figure class=\"wp-block-image\"><img loading=\"lazy\" decoding=\"async\" width=\"1024\" height=\"682\" src=\"https:\/\/contextoanalisisperiodistico.com\/wp-content\/uploads\/2023\/11\/img-20231124-wa00495990808115628423842-1024x682.jpg\" alt=\"\" class=\"wp-image-21553\" srcset=\"https:\/\/contextoanalisisperiodistico.com\/wp-content\/uploads\/2023\/11\/img-20231124-wa00495990808115628423842-1024x682.jpg 1024w, https:\/\/contextoanalisisperiodistico.com\/wp-content\/uploads\/2023\/11\/img-20231124-wa00495990808115628423842-300x200.jpg 300w, https:\/\/contextoanalisisperiodistico.com\/wp-content\/uploads\/2023\/11\/img-20231124-wa00495990808115628423842-768x512.jpg 768w, https:\/\/contextoanalisisperiodistico.com\/wp-content\/uploads\/2023\/11\/img-20231124-wa00495990808115628423842-1536x1023.jpg 1536w, https:\/\/contextoanalisisperiodistico.com\/wp-content\/uploads\/2023\/11\/img-20231124-wa00495990808115628423842.jpg 1600w\" sizes=\"(max-width: 1024px) 100vw, 1024px\" \/><\/figure>\n","protected":false},"excerpt":{"rendered":"<p>Oaxaca de Ju\u00e1rez, Oax., a 24 de noviembre de 2023.- El gobierno municipal de Oaxaca&#8230;<\/p>\n","protected":false},"author":4,"featured_media":21552,"comment_status":"closed","ping_status":"open","sticky":false,"template":"","format":"standard","meta":{"footnotes":""},"categories":[9],"tags":[],"jetpack_sharing_enabled":true,"featured_image_urls":{"full":["https:\/\/contextoanalisisperiodistico.com\/wp-content\/uploads\/2023\/11\/IMG-20231124-WA0046.jpg",1600,1066,false],"thumbnail":["https:\/\/contextoanalisisperiodistico.com\/wp-content\/uploads\/2023\/11\/IMG-20231124-WA0046-150x150.jpg",150,150,true],"medium":["https:\/\/contextoanalisisperiodistico.com\/wp-content\/uploads\/2023\/11\/IMG-20231124-WA0046-300x200.jpg",300,200,true],"medium_large":["https:\/\/contextoanalisisperiodistico.com\/wp-content\/uploads\/2023\/11\/IMG-20231124-WA0046-768x512.jpg",640,427,true],"large":["https:\/\/contextoanalisisperiodistico.com\/wp-content\/uploads\/2023\/11\/IMG-20231124-WA0046-1024x682.jpg",640,426,true],"1536x1536":["https:\/\/contextoanalisisperiodistico.com\/wp-content\/uploads\/2023\/11\/IMG-20231124-WA0046-1536x1023.jpg",1536,1023,true],"2048x2048":["https:\/\/contextoanalisisperiodistico.com\/wp-content\/uploads\/2023\/11\/IMG-20231124-WA0046.jpg",1600,1066,false],"covernews-slider-full":["https:\/\/contextoanalisisperiodistico.com\/wp-content\/uploads\/2023\/11\/IMG-20231124-WA0046-1115x715.jpg",1115,715,true],"covernews-slider-center":["https:\/\/contextoanalisisperiodistico.com\/wp-content\/uploads\/2023\/11\/IMG-20231124-WA0046-800x500.jpg",800,500,true],"covernews-featured":["https:\/\/contextoanalisisperiodistico.com\/wp-content\/uploads\/2023\/11\/IMG-20231124-WA0046-1024x682.jpg",1024,682,true],"covernews-medium":["https:\/\/contextoanalisisperiodistico.com\/wp-content\/uploads\/2023\/11\/IMG-20231124-WA0046-540x340.jpg",540,340,true],"covernews-medium-square":["https:\/\/contextoanalisisperiodistico.com\/wp-content\/uploads\/2023\/11\/IMG-20231124-WA0046-400x250.jpg",400,250,true]},"author_info":{"display_name":"Mario Gir\u00f3n","author_link":"https:\/\/contextoanalisisperiodistico.com\/index.php\/author\/director\/"},"category_info":"<a href=\"https:\/\/contextoanalisisperiodistico.com\/index.php\/category\/politica\/\" rel=\"category tag\">Pol\u00edtica<\/a>","tag_info":"Pol\u00edtica","comment_count":"0","jetpack_featured_media_url":"https:\/\/contextoanalisisperiodistico.com\/wp-content\/uploads\/2023\/11\/IMG-20231124-WA0046.jpg","_links":{"self":[{"href":"https:\/\/contextoanalisisperiodistico.com\/index.php\/wp-json\/wp\/v2\/posts\/21551"}],"collection":[{"href":"https:\/\/contextoanalisisperiodistico.com\/index.php\/wp-json\/wp\/v2\/posts"}],"about":[{"href":"https:\/\/contextoanalisisperiodistico.com\/index.php\/wp-json\/wp\/v2\/types\/post"}],"author":[{"embeddable":true,"href":"https:\/\/contextoanalisisperiodistico.com\/index.php\/wp-json\/wp\/v2\/users\/4"}],"replies":[{"embeddable":true,"href":"https:\/\/contextoanalisisperiodistico.com\/index.php\/wp-json\/wp\/v2\/comments?post=21551"}],"version-history":[{"count":1,"href":"https:\/\/contextoanalisisperiodistico.com\/index.php\/wp-json\/wp\/v2\/posts\/21551\/revisions"}],"predecessor-version":[{"id":21557,"href":"https:\/\/contextoanalisisperiodistico.com\/index.php\/wp-json\/wp\/v2\/posts\/21551\/revisions\/21557"}],"wp:featuredmedia":[{"embeddable":true,"href":"https:\/\/contextoanalisisperiodistico.com\/index.php\/wp-json\/wp\/v2\/media\/21552"}],"wp:attachment":[{"href":"https:\/\/contextoanalisisperiodistico.com\/index.php\/wp-json\/wp\/v2\/media?parent=21551"}],"wp:term":[{"taxonomy":"category","embeddable":true,"href":"https:\/\/contextoanalisisperiodistico.com\/index.php\/wp-json\/wp\/v2\/categories?post=21551"},{"taxonomy":"post_tag","embeddable":true,"href":"https:\/\/contextoanalisisperiodistico.com\/index.php\/wp-json\/wp\/v2\/tags?post=21551"}],"curies":[{"name":"wp","href":"https:\/\/api.w.org\/{rel}","templated":true}]}}