{"id":21508,"date":"2023-11-23T13:06:48","date_gmt":"2023-11-23T19:06:48","guid":{"rendered":"https:\/\/contextoanalisisperiodistico.com\/index.php\/2023\/11\/23\/activa-proteccion-civil-operativo-en-ruta-de-la-fe\/"},"modified":"2023-11-23T13:06:48","modified_gmt":"2023-11-23T19:06:48","slug":"activa-proteccion-civil-operativo-en-ruta-de-la-fe","status":"publish","type":"post","link":"https:\/\/contextoanalisisperiodistico.com\/index.php\/2023\/11\/23\/activa-proteccion-civil-operativo-en-ruta-de-la-fe\/","title":{"rendered":"Activa Protecci\u00f3n Civil operativo en Ruta de la Fe"},"content":{"rendered":"<div id=\"fb-root\"><\/div>\n\n<p>Oaxaca de Ju\u00e1rez, Oax. 23 de noviembre de 2023.- Con el prop\u00f3sito de recibir y auxiliar a las personas que se trasladan a la festividad anual de la Virgen de Juquila, la Coordinaci\u00f3n Estatal de Protecci\u00f3n Civil y Gesti\u00f3n de Riesgos lleva a cabo un operativo de seguridad en los diferentes tramos carreteros que conducen al santuario ubicado en Santa Catarina Juquila.<\/p>\n\n\n\n<p>Esta acci\u00f3n se enmarca en el operativo Ruta de la Fe 2023 impulsado por el gobierno de la Primavera Oaxaque\u00f1a que inici\u00f3 este 22 de noviembre ante la llegada de caravanas y particulares que se trasladan a dicho santuario.<\/p>\n\n\n\n<p>A trav\u00e9s de la Unidad del Grupo de Respuesta Inmediata, se verifica que las peregrinas y peregrinos que visitan el municipio, que se trasladan en veh\u00edculo, bicicleta o a pie tengan un recorrido seguro.<\/p>\n\n\n\n<p>Durante el operativo se observaron al menos tres caravanas de personas peregrinas, las cuales llevaban carga pesada y veh\u00edculos de carga ligera en las que viajaban alrededor de 60 personas, entre ellas ni\u00f1as, ni\u00f1os y personas adultas mayores.<\/p>\n\n\n\n<p>En este sentido, el personal de Protecci\u00f3n Civil les recomend\u00f3 no dejar basura en su trayecto, supervisar que las fogatas sean apagadas en su totalidad, que los tanques de gas no se ubiquen cerca de anafres, que se protejan ante las bajas temperaturas, adem\u00e1s de que se les entreg\u00f3 un tr\u00edptico informativo.<\/p>\n\n\n\n<p>Asimismo, durante el recorrido se encontr\u00f3 a un grupo de personas traslad\u00e1ndose a pie, quienes contaban con param\u00e9dicos, adem\u00e1s de personas peregrinas en bicicleta, a quienes tambi\u00e9n se les brindaron las mismas recomendaciones y tr\u00edpticos.<\/p>\n\n\n\n<p>Respecto a las condiciones de la carretera, en algunos tramos y en el paraje Los Limones se detectaron socavones, algunos sin la se\u00f1al\u00e9tica correspondiente.<\/p>\n\n\n\n<p>Finalmente, el personal de la CEPCyGR se traslad\u00f3 a la agencia de San Lucas el Vidrio, donde sostuvieron una reuni\u00f3n con las autoridades comunitarias en materia de protecci\u00f3n civil a fin de realizar acciones que garanticen la seguridad de las peregrinaciones.<\/p>\n\n\n\n<p>Con estas acciones, Protecci\u00f3n Civil refrenda su compromiso de estar al servicio del pueblo, garantizando entornos seguros.<br \/>-0-<\/p>\n\n\n\n<figure class=\"wp-block-image size-large\"><img fetchpriority=\"high\" decoding=\"async\" width=\"768\" height=\"1024\" src=\"https:\/\/contextoanalisisperiodistico.com\/wp-content\/uploads\/2023\/11\/img-20231123-wa00245224131156921431558-768x1024.jpg\" alt=\"\" class=\"wp-image-21506\" srcset=\"https:\/\/contextoanalisisperiodistico.com\/wp-content\/uploads\/2023\/11\/img-20231123-wa00245224131156921431558-768x1023.jpg 768w, https:\/\/contextoanalisisperiodistico.com\/wp-content\/uploads\/2023\/11\/img-20231123-wa00245224131156921431558-225x300.jpg 225w, https:\/\/contextoanalisisperiodistico.com\/wp-content\/uploads\/2023\/11\/img-20231123-wa00245224131156921431558-1153x1536.jpg 1153w, https:\/\/contextoanalisisperiodistico.com\/wp-content\/uploads\/2023\/11\/img-20231123-wa00245224131156921431558-1024x1364.jpg 1024w, https:\/\/contextoanalisisperiodistico.com\/wp-content\/uploads\/2023\/11\/img-20231123-wa00245224131156921431558.jpg 1200w\" sizes=\"(max-width: 768px) 100vw, 768px\" \/><\/figure>\n\n\n\n<figure class=\"wp-block-image\"><img decoding=\"async\" width=\"768\" height=\"1024\" src=\"https:\/\/contextoanalisisperiodistico.com\/wp-content\/uploads\/2023\/11\/img-20231123-wa00252237760482969439688-768x1024.jpg\" alt=\"\" class=\"wp-image-21507\" srcset=\"https:\/\/contextoanalisisperiodistico.com\/wp-content\/uploads\/2023\/11\/img-20231123-wa00252237760482969439688-768x1024.jpg 768w, https:\/\/contextoanalisisperiodistico.com\/wp-content\/uploads\/2023\/11\/img-20231123-wa00252237760482969439688-225x300.jpg 225w, https:\/\/contextoanalisisperiodistico.com\/wp-content\/uploads\/2023\/11\/img-20231123-wa00252237760482969439688-1152x1536.jpg 1152w, https:\/\/contextoanalisisperiodistico.com\/wp-content\/uploads\/2023\/11\/img-20231123-wa00252237760482969439688-1024x1365.jpg 1024w, https:\/\/contextoanalisisperiodistico.com\/wp-content\/uploads\/2023\/11\/img-20231123-wa00252237760482969439688.jpg 1200w\" sizes=\"(max-width: 768px) 100vw, 768px\" \/><\/figure>\n","protected":false},"excerpt":{"rendered":"<p>Oaxaca de Ju\u00e1rez, Oax. 23 de noviembre de 2023.- Con el prop\u00f3sito de recibir y&#8230;<\/p>\n","protected":false},"author":4,"featured_media":21505,"comment_status":"","ping_status":"open","sticky":false,"template":"","format":"standard","meta":{"footnotes":""},"categories":[9],"tags":[],"jetpack_sharing_enabled":true,"featured_image_urls":{"full":["https:\/\/contextoanalisisperiodistico.com\/wp-content\/uploads\/2023\/11\/IMG-20231123-WA0023.jpg",1600,1200,false],"thumbnail":["https:\/\/contextoanalisisperiodistico.com\/wp-content\/uploads\/2023\/11\/IMG-20231123-WA0023-150x150.jpg",150,150,true],"medium":["https:\/\/contextoanalisisperiodistico.com\/wp-content\/uploads\/2023\/11\/IMG-20231123-WA0023-300x225.jpg",300,225,true],"medium_large":["https:\/\/contextoanalisisperiodistico.com\/wp-content\/uploads\/2023\/11\/IMG-20231123-WA0023-768x576.jpg",640,480,true],"large":["https:\/\/contextoanalisisperiodistico.com\/wp-content\/uploads\/2023\/11\/IMG-20231123-WA0023-1024x768.jpg",640,480,true],"1536x1536":["https:\/\/contextoanalisisperiodistico.com\/wp-content\/uploads\/2023\/11\/IMG-20231123-WA0023-1536x1152.jpg",1536,1152,true],"2048x2048":["https:\/\/contextoanalisisperiodistico.com\/wp-content\/uploads\/2023\/11\/IMG-20231123-WA0023.jpg",1600,1200,false],"covernews-slider-full":["https:\/\/contextoanalisisperiodistico.com\/wp-content\/uploads\/2023\/11\/IMG-20231123-WA0023-1115x715.jpg",1115,715,true],"covernews-slider-center":["https:\/\/contextoanalisisperiodistico.com\/wp-content\/uploads\/2023\/11\/IMG-20231123-WA0023-800x500.jpg",800,500,true],"covernews-featured":["https:\/\/contextoanalisisperiodistico.com\/wp-content\/uploads\/2023\/11\/IMG-20231123-WA0023-1024x768.jpg",1024,768,true],"covernews-medium":["https:\/\/contextoanalisisperiodistico.com\/wp-content\/uploads\/2023\/11\/IMG-20231123-WA0023-540x340.jpg",540,340,true],"covernews-medium-square":["https:\/\/contextoanalisisperiodistico.com\/wp-content\/uploads\/2023\/11\/IMG-20231123-WA0023-400x250.jpg",400,250,true]},"author_info":{"display_name":"Mario Gir\u00f3n","author_link":"https:\/\/contextoanalisisperiodistico.com\/index.php\/author\/director\/"},"category_info":"<a href=\"https:\/\/contextoanalisisperiodistico.com\/index.php\/category\/politica\/\" rel=\"category tag\">Pol\u00edtica<\/a>","tag_info":"Pol\u00edtica","comment_count":"0","jetpack_featured_media_url":"https:\/\/contextoanalisisperiodistico.com\/wp-content\/uploads\/2023\/11\/IMG-20231123-WA0023.jpg","_links":{"self":[{"href":"https:\/\/contextoanalisisperiodistico.com\/index.php\/wp-json\/wp\/v2\/posts\/21508"}],"collection":[{"href":"https:\/\/contextoanalisisperiodistico.com\/index.php\/wp-json\/wp\/v2\/posts"}],"about":[{"href":"https:\/\/contextoanalisisperiodistico.com\/index.php\/wp-json\/wp\/v2\/types\/post"}],"author":[{"embeddable":true,"href":"https:\/\/contextoanalisisperiodistico.com\/index.php\/wp-json\/wp\/v2\/users\/4"}],"replies":[{"embeddable":true,"href":"https:\/\/contextoanalisisperiodistico.com\/index.php\/wp-json\/wp\/v2\/comments?post=21508"}],"version-history":[{"count":0,"href":"https:\/\/contextoanalisisperiodistico.com\/index.php\/wp-json\/wp\/v2\/posts\/21508\/revisions"}],"wp:featuredmedia":[{"embeddable":true,"href":"https:\/\/contextoanalisisperiodistico.com\/index.php\/wp-json\/wp\/v2\/media\/21505"}],"wp:attachment":[{"href":"https:\/\/contextoanalisisperiodistico.com\/index.php\/wp-json\/wp\/v2\/media?parent=21508"}],"wp:term":[{"taxonomy":"category","embeddable":true,"href":"https:\/\/contextoanalisisperiodistico.com\/index.php\/wp-json\/wp\/v2\/categories?post=21508"},{"taxonomy":"post_tag","embeddable":true,"href":"https:\/\/contextoanalisisperiodistico.com\/index.php\/wp-json\/wp\/v2\/tags?post=21508"}],"curies":[{"name":"wp","href":"https:\/\/api.w.org\/{rel}","templated":true}]}}