{"id":21503,"date":"2023-11-23T10:16:41","date_gmt":"2023-11-23T16:16:41","guid":{"rendered":"https:\/\/contextoanalisisperiodistico.com\/?p=21503"},"modified":"2023-11-23T10:17:07","modified_gmt":"2023-11-23T16:17:07","slug":"abriga-monte-de-piedad-mas-de-4-mil-corazones-de-oaxaca","status":"publish","type":"post","link":"https:\/\/contextoanalisisperiodistico.com\/index.php\/2023\/11\/23\/abriga-monte-de-piedad-mas-de-4-mil-corazones-de-oaxaca\/","title":{"rendered":"Abriga Monte de Piedad  m\u00e1s de 4 mil corazones de Oaxaca"},"content":{"rendered":"<div id=\"fb-root\"><\/div>\n\n<p>\u2022 La instituci\u00f3n prendaria se sum\u00f3 a la campa\u00f1a Abrigando Corazones del Sistema DIF Oaxaca que encabeza la Presidenta Honoraria Irma Bola\u00f1os Quijano<\/p>\n\n\n\n<p><br>Oaxaca de Ju\u00e1rez, Oax. 23 de noviembre del 2023.- M\u00e1s de cuatro mil corazones de hermanas y hermanos de las ocho regiones de la entidad ser\u00e1n abrigados en esta temporada invernal por el Monte de Piedad del Estado de Oaxaca, as\u00ed lo dio a conocer el director general de la dependencia Omar Juli\u00e1n Juli\u00e1n.<\/p>\n\n\n\n<figure class=\"wp-block-image size-large\"><img fetchpriority=\"high\" decoding=\"async\" width=\"1024\" height=\"682\" src=\"https:\/\/contextoanalisisperiodistico.com\/wp-content\/uploads\/2023\/11\/img-20231123-wa00182700505523374943311-1024x682.jpg\" alt=\"\" class=\"wp-image-21501\" srcset=\"https:\/\/contextoanalisisperiodistico.com\/wp-content\/uploads\/2023\/11\/img-20231123-wa00182700505523374943311-1024x682.jpg 1024w, https:\/\/contextoanalisisperiodistico.com\/wp-content\/uploads\/2023\/11\/img-20231123-wa00182700505523374943311-300x200.jpg 300w, https:\/\/contextoanalisisperiodistico.com\/wp-content\/uploads\/2023\/11\/img-20231123-wa00182700505523374943311-768x512.jpg 768w, https:\/\/contextoanalisisperiodistico.com\/wp-content\/uploads\/2023\/11\/img-20231123-wa00182700505523374943311-1536x1023.jpg 1536w, https:\/\/contextoanalisisperiodistico.com\/wp-content\/uploads\/2023\/11\/img-20231123-wa00182700505523374943311.jpg 1600w\" sizes=\"(max-width: 1024px) 100vw, 1024px\" \/><\/figure>\n\n\n\n<figure class=\"wp-block-image\"><img decoding=\"async\" width=\"1024\" height=\"682\" src=\"https:\/\/contextoanalisisperiodistico.com\/wp-content\/uploads\/2023\/11\/img-20231123-wa00203909523923154195006-1024x682.jpg\" alt=\"\" class=\"wp-image-21500\" srcset=\"https:\/\/contextoanalisisperiodistico.com\/wp-content\/uploads\/2023\/11\/img-20231123-wa00203909523923154195006-1024x682.jpg 1024w, https:\/\/contextoanalisisperiodistico.com\/wp-content\/uploads\/2023\/11\/img-20231123-wa00203909523923154195006-300x200.jpg 300w, https:\/\/contextoanalisisperiodistico.com\/wp-content\/uploads\/2023\/11\/img-20231123-wa00203909523923154195006-768x512.jpg 768w, https:\/\/contextoanalisisperiodistico.com\/wp-content\/uploads\/2023\/11\/img-20231123-wa00203909523923154195006-1536x1023.jpg 1536w, https:\/\/contextoanalisisperiodistico.com\/wp-content\/uploads\/2023\/11\/img-20231123-wa00203909523923154195006.jpg 1600w\" sizes=\"(max-width: 1024px) 100vw, 1024px\" \/><\/figure>\n\n\n\n<figure class=\"wp-block-image\"><img decoding=\"async\" width=\"1024\" height=\"682\" src=\"https:\/\/contextoanalisisperiodistico.com\/wp-content\/uploads\/2023\/11\/img-20231123-wa00191632613230088042109-1024x682.jpg\" alt=\"\" class=\"wp-image-21502\" srcset=\"https:\/\/contextoanalisisperiodistico.com\/wp-content\/uploads\/2023\/11\/img-20231123-wa00191632613230088042109-1024x682.jpg 1024w, https:\/\/contextoanalisisperiodistico.com\/wp-content\/uploads\/2023\/11\/img-20231123-wa00191632613230088042109-300x200.jpg 300w, https:\/\/contextoanalisisperiodistico.com\/wp-content\/uploads\/2023\/11\/img-20231123-wa00191632613230088042109-768x512.jpg 768w, https:\/\/contextoanalisisperiodistico.com\/wp-content\/uploads\/2023\/11\/img-20231123-wa00191632613230088042109-1536x1023.jpg 1536w, https:\/\/contextoanalisisperiodistico.com\/wp-content\/uploads\/2023\/11\/img-20231123-wa00191632613230088042109.jpg 1600w\" sizes=\"(max-width: 1024px) 100vw, 1024px\" \/><\/figure>\n\n\n\n<p>El funcionario estatal explic\u00f3 que la instituci\u00f3n prendar\u00eda se sum\u00f3 a la campa\u00f1a Abrigando Corazones del Sistema Estatal para el Desarrollo Integral de la Familia (DIF) Oaxaca, que encabeza la Presidenta Honoraria Irma Bola\u00f1os Quijano, la cual consiste en recolectar ropa que brinde cobijo a las personas, principalmente a quienes habitan en las zonas m\u00e1s altas de la entidad.<\/p>\n\n\n\n<p>En su oportunidad, la subdirectora general del Sistema DIF Oaxaca Hilda Graciela P\u00e9rez Luis agradeci\u00f3 a las personas servidoras p\u00fablicas de la administraci\u00f3n estatal por sumarse a esta encomienda en beneficio de las comunidades del estado.<\/p>\n\n\n\n<p>Juli\u00e1n Juli\u00e1n manifest\u00f3 que todas las chamarras, guantes, gorros e incluso cobijas que se recaben en los centros de acopio del Sistema DIF Oaxaca, ser\u00e1n entregados de manera directa y gratuita a las personas beneficiarias.<\/p>\n\n\n\n<p>Invit\u00f3 a la poblaci\u00f3n a sumarse a esta noble causa, que estar\u00e1 vigente hasta el 6 de diciembre, a fin de abrigar a m\u00e1s ni\u00f1as, ni\u00f1os, adolescentes, mujeres, hombres y personas adultas mayores de las ocho regiones de Oaxaca.<code> -0-<\/code><\/p>\n","protected":false},"excerpt":{"rendered":"<p>\u2022 La instituci\u00f3n prendaria se sum\u00f3 a la campa\u00f1a Abrigando Corazones del Sistema DIF Oaxaca&#8230;<\/p>\n","protected":false},"author":4,"featured_media":21499,"comment_status":"closed","ping_status":"open","sticky":false,"template":"","format":"standard","meta":{"footnotes":""},"categories":[9],"tags":[],"jetpack_sharing_enabled":true,"featured_image_urls":{"full":["https:\/\/contextoanalisisperiodistico.com\/wp-content\/uploads\/2023\/11\/IMG-20231123-WA0021.jpg",1600,1066,false],"thumbnail":["https:\/\/contextoanalisisperiodistico.com\/wp-content\/uploads\/2023\/11\/IMG-20231123-WA0021-150x150.jpg",150,150,true],"medium":["https:\/\/contextoanalisisperiodistico.com\/wp-content\/uploads\/2023\/11\/IMG-20231123-WA0021-300x200.jpg",300,200,true],"medium_large":["https:\/\/contextoanalisisperiodistico.com\/wp-content\/uploads\/2023\/11\/IMG-20231123-WA0021-768x512.jpg",640,427,true],"large":["https:\/\/contextoanalisisperiodistico.com\/wp-content\/uploads\/2023\/11\/IMG-20231123-WA0021-1024x682.jpg",640,426,true],"1536x1536":["https:\/\/contextoanalisisperiodistico.com\/wp-content\/uploads\/2023\/11\/IMG-20231123-WA0021-1536x1023.jpg",1536,1023,true],"2048x2048":["https:\/\/contextoanalisisperiodistico.com\/wp-content\/uploads\/2023\/11\/IMG-20231123-WA0021.jpg",1600,1066,false],"covernews-slider-full":["https:\/\/contextoanalisisperiodistico.com\/wp-content\/uploads\/2023\/11\/IMG-20231123-WA0021-1115x715.jpg",1115,715,true],"covernews-slider-center":["https:\/\/contextoanalisisperiodistico.com\/wp-content\/uploads\/2023\/11\/IMG-20231123-WA0021-800x500.jpg",800,500,true],"covernews-featured":["https:\/\/contextoanalisisperiodistico.com\/wp-content\/uploads\/2023\/11\/IMG-20231123-WA0021-1024x682.jpg",1024,682,true],"covernews-medium":["https:\/\/contextoanalisisperiodistico.com\/wp-content\/uploads\/2023\/11\/IMG-20231123-WA0021-540x340.jpg",540,340,true],"covernews-medium-square":["https:\/\/contextoanalisisperiodistico.com\/wp-content\/uploads\/2023\/11\/IMG-20231123-WA0021-400x250.jpg",400,250,true]},"author_info":{"display_name":"Mario Gir\u00f3n","author_link":"https:\/\/contextoanalisisperiodistico.com\/index.php\/author\/director\/"},"category_info":"<a href=\"https:\/\/contextoanalisisperiodistico.com\/index.php\/category\/politica\/\" rel=\"category tag\">Pol\u00edtica<\/a>","tag_info":"Pol\u00edtica","comment_count":"0","jetpack_featured_media_url":"https:\/\/contextoanalisisperiodistico.com\/wp-content\/uploads\/2023\/11\/IMG-20231123-WA0021.jpg","_links":{"self":[{"href":"https:\/\/contextoanalisisperiodistico.com\/index.php\/wp-json\/wp\/v2\/posts\/21503"}],"collection":[{"href":"https:\/\/contextoanalisisperiodistico.com\/index.php\/wp-json\/wp\/v2\/posts"}],"about":[{"href":"https:\/\/contextoanalisisperiodistico.com\/index.php\/wp-json\/wp\/v2\/types\/post"}],"author":[{"embeddable":true,"href":"https:\/\/contextoanalisisperiodistico.com\/index.php\/wp-json\/wp\/v2\/users\/4"}],"replies":[{"embeddable":true,"href":"https:\/\/contextoanalisisperiodistico.com\/index.php\/wp-json\/wp\/v2\/comments?post=21503"}],"version-history":[{"count":1,"href":"https:\/\/contextoanalisisperiodistico.com\/index.php\/wp-json\/wp\/v2\/posts\/21503\/revisions"}],"predecessor-version":[{"id":21504,"href":"https:\/\/contextoanalisisperiodistico.com\/index.php\/wp-json\/wp\/v2\/posts\/21503\/revisions\/21504"}],"wp:featuredmedia":[{"embeddable":true,"href":"https:\/\/contextoanalisisperiodistico.com\/index.php\/wp-json\/wp\/v2\/media\/21499"}],"wp:attachment":[{"href":"https:\/\/contextoanalisisperiodistico.com\/index.php\/wp-json\/wp\/v2\/media?parent=21503"}],"wp:term":[{"taxonomy":"category","embeddable":true,"href":"https:\/\/contextoanalisisperiodistico.com\/index.php\/wp-json\/wp\/v2\/categories?post=21503"},{"taxonomy":"post_tag","embeddable":true,"href":"https:\/\/contextoanalisisperiodistico.com\/index.php\/wp-json\/wp\/v2\/tags?post=21503"}],"curies":[{"name":"wp","href":"https:\/\/api.w.org\/{rel}","templated":true}]}}