{"id":21492,"date":"2023-11-23T08:56:15","date_gmt":"2023-11-23T14:56:15","guid":{"rendered":"https:\/\/contextoanalisisperiodistico.com\/index.php\/2023\/11\/23\/participa-oaxaca-en-tianguis-nacional-de-pueblos-magicos-2023\/"},"modified":"2023-11-23T08:56:15","modified_gmt":"2023-11-23T14:56:15","slug":"participa-oaxaca-en-tianguis-nacional-de-pueblos-magicos-2023","status":"publish","type":"post","link":"https:\/\/contextoanalisisperiodistico.com\/index.php\/2023\/11\/23\/participa-oaxaca-en-tianguis-nacional-de-pueblos-magicos-2023\/","title":{"rendered":"Participa Oaxaca en  Tianguis Nacional de Pueblos M\u00e1gicos 2023"},"content":{"rendered":"<div id=\"fb-root\"><\/div>\n\n<p>\u2022 Del 22 al 25 de noviembre los seis pueblos m\u00e1gicos del estado estar\u00e1n presentes en el encuentro que se lleva cabo en el Recinto Ferial de Pachuca, Hidalgo<\/p>\n\n\n\n<p>\u2022 Este encuentro es una de las plataformas de intercambio comercial m\u00e1s importantes para el sector tur\u00edstico mexicano<br \/>Pachuca de Soto, Hgo. 23 de noviembre de 2023.- En representaci\u00f3n del Gobernador Salom\u00f3n Jara Cruz, la secretaria de Turismo Saymi Pineda Velasco particip\u00f3 en la inauguraci\u00f3n de la quinta edici\u00f3n del Tianguis Nacional de Pueblos M\u00e1gicos que se lleva a cabo en el Recinto Ferial de esta ciudad hidalguense.<\/p>\n\n\n\n<p>La Secretar\u00eda de Turismo (Sectur) en coordinaci\u00f3n con personas prestadoras de servicios tur\u00edsticos, realizar\u00e1n estrategias de promoci\u00f3n del 22 al 25 de noviembre, a fin de dar a conocer los atractivos culturales, naturales, la gastronom\u00eda y toda la grandeza de Capul\u00e1lpam de M\u00e9ndez, San Pedro y San Pablo Teposcolula, San Pablo Villa de Mitla, Huautla de Jim\u00e9nez, Mazunte y Santa Catarina Juquila, Pueblos M\u00e1gicos de Oaxaca.<\/p>\n\n\n\n<p>Pineda Velasco destac\u00f3 que este encuentro es una de las plataformas de intercambio comercial m\u00e1s importantes para el sector tur\u00edstico mexicano. \u201cEl Tianguis Nacional de Pueblos M\u00e1gicos representa para Oaxaca una importante ventana de promoci\u00f3n tur\u00edstica para dar a conocer que nuestros pueblos son la magia ancestral de M\u00e9xico\u201d. subray\u00f3.<\/p>\n\n\n\n<p>Agreg\u00f3 que, para impulsar el desarrollo integral y sustentable, Oaxaca tendr\u00e1 presencia en este evento en el que cada uno de los destinos dispondr\u00e1 de un stand para promocionar y comercializar la oferta tur\u00edstica.<\/p>\n\n\n\n<p>La funcionaria detall\u00f3 que habr\u00e1 un pabell\u00f3n de citas de negocios con la participaci\u00f3n de agencias de viajes y turoperadoras, as\u00ed como uno de gastronom\u00eda dedicado a mil 200 comensales, en el que participar\u00e1 Huautla de Jim\u00e9nez con su cocina tradicional. De igual manera en el escenario de eventos culturales se presentar\u00e1 la Banda Municipal Infantil y Juvenil San Mateo de Capul\u00e1lpam de M\u00e9ndez.<\/p>\n\n\n\n<p>Estos dos municipios tambi\u00e9n tendr\u00e1n un espacio en el pabell\u00f3n de medicina tradicional donde compartir\u00e1n sus saberes ancestrales y el legado milenario del uso de las plantas y los rituales.<\/p>\n\n\n\n<p>Explic\u00f3 que este evento impulsado por la Secretar\u00eda de Turismo de M\u00e9xico tambi\u00e9n cuenta con un espacio para la promoci\u00f3n de las artesan\u00edas, adem\u00e1s de un amplio programa cultural y acad\u00e9mico que nutrir\u00e1 la experiencia de las y los expositores, y de las m\u00e1s de 80 mil personas que se espera acudan al Recinto Ferial.<\/p>\n\n\n\n<p>La ceremonia de inauguraci\u00f3n del Tianguis Nacional de Pueblos M\u00e1gicos fue encabezada por el titular de la Unidad de Innovaci\u00f3n y Pol\u00edtica Tur\u00edstica de la Secretar\u00eda de Turismo del Gobierno de M\u00e9xico, Mauricio Aar\u00f3n Reyna Guerrero en representaci\u00f3n del secretario de Turismo Miguel Torruco Marqu\u00e9s y el Gobernador del Estado de Hidalgo Julio Menchaca Salazar, acompa\u00f1ado por la secretaria de Turismo de Hidalgo Elizabeth Quintanar G\u00f3mez.<\/p>\n\n\n\n<p>-0-<\/p>\n\n\n\n<figure class=\"wp-block-image size-large\"><img fetchpriority=\"high\" decoding=\"async\" width=\"1024\" height=\"682\" src=\"https:\/\/contextoanalisisperiodistico.com\/wp-content\/uploads\/2023\/11\/img-20231123-wa00084888554486633890877-1024x682.jpg\" alt=\"\" class=\"wp-image-21490\" srcset=\"https:\/\/contextoanalisisperiodistico.com\/wp-content\/uploads\/2023\/11\/img-20231123-wa00084888554486633890877-1024x682.jpg 1024w, https:\/\/contextoanalisisperiodistico.com\/wp-content\/uploads\/2023\/11\/img-20231123-wa00084888554486633890877-300x200.jpg 300w, https:\/\/contextoanalisisperiodistico.com\/wp-content\/uploads\/2023\/11\/img-20231123-wa00084888554486633890877-768x512.jpg 768w, https:\/\/contextoanalisisperiodistico.com\/wp-content\/uploads\/2023\/11\/img-20231123-wa00084888554486633890877-1536x1023.jpg 1536w, https:\/\/contextoanalisisperiodistico.com\/wp-content\/uploads\/2023\/11\/img-20231123-wa00084888554486633890877.jpg 1600w\" sizes=\"(max-width: 1024px) 100vw, 1024px\" \/><\/figure>\n\n\n\n<figure class=\"wp-block-image\"><img decoding=\"async\" width=\"1024\" height=\"682\" src=\"https:\/\/contextoanalisisperiodistico.com\/wp-content\/uploads\/2023\/11\/img-20231123-wa00075929584104214313186-1024x682.jpg\" alt=\"\" class=\"wp-image-21489\" srcset=\"https:\/\/contextoanalisisperiodistico.com\/wp-content\/uploads\/2023\/11\/img-20231123-wa00075929584104214313186-1024x682.jpg 1024w, https:\/\/contextoanalisisperiodistico.com\/wp-content\/uploads\/2023\/11\/img-20231123-wa00075929584104214313186-300x200.jpg 300w, https:\/\/contextoanalisisperiodistico.com\/wp-content\/uploads\/2023\/11\/img-20231123-wa00075929584104214313186-768x512.jpg 768w, https:\/\/contextoanalisisperiodistico.com\/wp-content\/uploads\/2023\/11\/img-20231123-wa00075929584104214313186-1536x1023.jpg 1536w, https:\/\/contextoanalisisperiodistico.com\/wp-content\/uploads\/2023\/11\/img-20231123-wa00075929584104214313186.jpg 1600w\" sizes=\"(max-width: 1024px) 100vw, 1024px\" \/><\/figure>\n\n\n\n<figure class=\"wp-block-image\"><img decoding=\"async\" width=\"1024\" height=\"682\" src=\"https:\/\/contextoanalisisperiodistico.com\/wp-content\/uploads\/2023\/11\/img-20231123-wa00063609055534061506425-1024x682.jpg\" alt=\"\" class=\"wp-image-21491\" srcset=\"https:\/\/contextoanalisisperiodistico.com\/wp-content\/uploads\/2023\/11\/img-20231123-wa00063609055534061506425-1024x682.jpg 1024w, https:\/\/contextoanalisisperiodistico.com\/wp-content\/uploads\/2023\/11\/img-20231123-wa00063609055534061506425-300x200.jpg 300w, https:\/\/contextoanalisisperiodistico.com\/wp-content\/uploads\/2023\/11\/img-20231123-wa00063609055534061506425-768x512.jpg 768w, https:\/\/contextoanalisisperiodistico.com\/wp-content\/uploads\/2023\/11\/img-20231123-wa00063609055534061506425-1536x1023.jpg 1536w, https:\/\/contextoanalisisperiodistico.com\/wp-content\/uploads\/2023\/11\/img-20231123-wa00063609055534061506425.jpg 1600w\" sizes=\"(max-width: 1024px) 100vw, 1024px\" \/><\/figure>\n","protected":false},"excerpt":{"rendered":"<p>\u2022 Del 22 al 25 de noviembre los seis pueblos m\u00e1gicos del estado estar\u00e1n presentes&#8230;<\/p>\n","protected":false},"author":4,"featured_media":21488,"comment_status":"","ping_status":"open","sticky":false,"template":"","format":"standard","meta":{"footnotes":""},"categories":[138],"tags":[],"jetpack_sharing_enabled":true,"featured_image_urls":{"full":["https:\/\/contextoanalisisperiodistico.com\/wp-content\/uploads\/2023\/11\/IMG-20231123-WA0009.jpg",1600,1066,false],"thumbnail":["https:\/\/contextoanalisisperiodistico.com\/wp-content\/uploads\/2023\/11\/IMG-20231123-WA0009-150x150.jpg",150,150,true],"medium":["https:\/\/contextoanalisisperiodistico.com\/wp-content\/uploads\/2023\/11\/IMG-20231123-WA0009-300x200.jpg",300,200,true],"medium_large":["https:\/\/contextoanalisisperiodistico.com\/wp-content\/uploads\/2023\/11\/IMG-20231123-WA0009-768x512.jpg",640,427,true],"large":["https:\/\/contextoanalisisperiodistico.com\/wp-content\/uploads\/2023\/11\/IMG-20231123-WA0009-1024x682.jpg",640,426,true],"1536x1536":["https:\/\/contextoanalisisperiodistico.com\/wp-content\/uploads\/2023\/11\/IMG-20231123-WA0009-1536x1023.jpg",1536,1023,true],"2048x2048":["https:\/\/contextoanalisisperiodistico.com\/wp-content\/uploads\/2023\/11\/IMG-20231123-WA0009.jpg",1600,1066,false],"covernews-slider-full":["https:\/\/contextoanalisisperiodistico.com\/wp-content\/uploads\/2023\/11\/IMG-20231123-WA0009-1115x715.jpg",1115,715,true],"covernews-slider-center":["https:\/\/contextoanalisisperiodistico.com\/wp-content\/uploads\/2023\/11\/IMG-20231123-WA0009-800x500.jpg",800,500,true],"covernews-featured":["https:\/\/contextoanalisisperiodistico.com\/wp-content\/uploads\/2023\/11\/IMG-20231123-WA0009-1024x682.jpg",1024,682,true],"covernews-medium":["https:\/\/contextoanalisisperiodistico.com\/wp-content\/uploads\/2023\/11\/IMG-20231123-WA0009-540x340.jpg",540,340,true],"covernews-medium-square":["https:\/\/contextoanalisisperiodistico.com\/wp-content\/uploads\/2023\/11\/IMG-20231123-WA0009-400x250.jpg",400,250,true]},"author_info":{"display_name":"Mario Gir\u00f3n","author_link":"https:\/\/contextoanalisisperiodistico.com\/index.php\/author\/director\/"},"category_info":"<a href=\"https:\/\/contextoanalisisperiodistico.com\/index.php\/category\/turismo\/\" rel=\"category tag\">Turismo<\/a>","tag_info":"Turismo","comment_count":"0","jetpack_featured_media_url":"https:\/\/contextoanalisisperiodistico.com\/wp-content\/uploads\/2023\/11\/IMG-20231123-WA0009.jpg","_links":{"self":[{"href":"https:\/\/contextoanalisisperiodistico.com\/index.php\/wp-json\/wp\/v2\/posts\/21492"}],"collection":[{"href":"https:\/\/contextoanalisisperiodistico.com\/index.php\/wp-json\/wp\/v2\/posts"}],"about":[{"href":"https:\/\/contextoanalisisperiodistico.com\/index.php\/wp-json\/wp\/v2\/types\/post"}],"author":[{"embeddable":true,"href":"https:\/\/contextoanalisisperiodistico.com\/index.php\/wp-json\/wp\/v2\/users\/4"}],"replies":[{"embeddable":true,"href":"https:\/\/contextoanalisisperiodistico.com\/index.php\/wp-json\/wp\/v2\/comments?post=21492"}],"version-history":[{"count":0,"href":"https:\/\/contextoanalisisperiodistico.com\/index.php\/wp-json\/wp\/v2\/posts\/21492\/revisions"}],"wp:featuredmedia":[{"embeddable":true,"href":"https:\/\/contextoanalisisperiodistico.com\/index.php\/wp-json\/wp\/v2\/media\/21488"}],"wp:attachment":[{"href":"https:\/\/contextoanalisisperiodistico.com\/index.php\/wp-json\/wp\/v2\/media?parent=21492"}],"wp:term":[{"taxonomy":"category","embeddable":true,"href":"https:\/\/contextoanalisisperiodistico.com\/index.php\/wp-json\/wp\/v2\/categories?post=21492"},{"taxonomy":"post_tag","embeddable":true,"href":"https:\/\/contextoanalisisperiodistico.com\/index.php\/wp-json\/wp\/v2\/tags?post=21492"}],"curies":[{"name":"wp","href":"https:\/\/api.w.org\/{rel}","templated":true}]}}