{"id":21475,"date":"2023-11-22T14:04:10","date_gmt":"2023-11-22T20:04:10","guid":{"rendered":"https:\/\/contextoanalisisperiodistico.com\/index.php\/2023\/11\/22\/en-sesion-ordinaria-pleno-del-ogaipo-resuelve-93-recursos-de-revision\/"},"modified":"2023-11-22T14:04:10","modified_gmt":"2023-11-22T20:04:10","slug":"en-sesion-ordinaria-pleno-del-ogaipo-resuelve-93-recursos-de-revision","status":"publish","type":"post","link":"https:\/\/contextoanalisisperiodistico.com\/index.php\/2023\/11\/22\/en-sesion-ordinaria-pleno-del-ogaipo-resuelve-93-recursos-de-revision\/","title":{"rendered":"En sesi\u00f3n ordinaria, pleno del OGAIPO resuelve 93 recursos de revisi\u00f3n"},"content":{"rendered":"<div id=\"fb-root\"><\/div>\n\n<p><strong>&nbsp;<\/strong><\/p>\n\n\n\n<p>Oaxaca de Ju\u00e1rez, Oaxaca, a 22 de noviembre de 2023.- El Pleno del \u00d3rgano Garante de Acceso a la Informaci\u00f3n P\u00fablica, Transparencia, Protecci\u00f3n de Datos Personales y Buen Gobierno del Estado de Oaxaca (OGAIPO) realiz\u00f3 su Vig\u00e9sima Primera Sesi\u00f3n Ordinaria 2023.&nbsp;<\/p>\n\n\n\n<p>&nbsp;<\/p>\n\n\n\n<p>En la Sesi\u00f3n, el Comisionado Presidente Josu\u00e9 Solana Salmor\u00e1n, las Comisionadas, Claudia Ivette Soto Pineda, X\u00f3chitl Elizabeth M\u00e9ndez S\u00e1nchez, Mar\u00eda Tanivet Ramos Reyes y el Comisionado Jos\u00e9 Luis Echeverr\u00eda Morales, aprobaron cinco dict\u00e1menes con un cumplimiento de cien por ciento, respecto a las fracciones revisadas del Programa Anual de Verificaci\u00f3n al Cumplimiento de las Obligaciones de Transparencia 2023, de Auditor\u00eda Superior de Fiscalizaci\u00f3n del Estado de Oaxaca, Direcci\u00f3n General de Registro Civil, Corporaci\u00f3n Oaxaque\u00f1a de Radio y Televisi\u00f3n, H. Ayuntamiento de San Juan Bautista Tuxtepec y Partido Movimiento Regeneraci\u00f3n Nacional.<\/p>\n\n\n\n<p>&nbsp;<\/p>\n\n\n\n<p>Por el contrario, el Consejo General aprob\u00f3 quince dict\u00e1menes de incumplimiento respecto a las fracciones revisadas que establece el Programa Anual de Verificaci\u00f3n al Cumplimiento de las Obligaciones de Transparencia 2023, con un t\u00e9rmino de 20 d\u00edas para solventar observaciones, de Secretaria de Movilidad, Partido de Trabajo, Junta Local de Conciliaci\u00f3n y Arbitraje, Coordinaci\u00f3n General de Atenci\u00f3n Regional, Universidad Tecnol\u00f3gica de la Sierra Sur, Novauniversitas, H. Ayuntamientos de la Heroica Ciudad de Huajuapan de Le\u00f3n, El Espinal, Villa de Etla, San Pablo Etla, San Bartolom\u00e9 Quialana, Villa Sola de Vega, Villa de Zaachila, Santa Mar\u00eda Jalapa del Marqu\u00e9s y Santo Domingo Tehuantepec.<\/p>\n\n\n\n<p>&nbsp;<\/p>\n\n\n\n<p>En el desahogo de la Sesi\u00f3n, aprobaron la excusa del Comisionado Jos\u00e9 Luis Echeverr\u00eda Morales, para emitir su voto en las resoluciones de un recurso de revisi\u00f3n. Adem\u00e1s de ocho resoluciones derivadas de denuncias ciudadanas por incumplimiento de las obligaciones de transparencia, son infundadas las realizadas al Fideicomiso para el Desarrollo Log\u00edstico del Estado de Oaxaca, Coordinaci\u00f3n de Comunicaci\u00f3n Social y H. Ayuntamiento de Oaxaca de Ju\u00e1rez.<\/p>\n\n\n\n<p>&nbsp;<\/p>\n\n\n\n<p>Respecto a las denuncias efectuadas al Sistema para el Desarrollo Integral de la Familia del Estado de Oaxaca y el H. Ayuntamiento de Cuil\u00e1pam de Guerrero son parcialmente fundadas, mientras que las hechas al Tribunal Electoral del Estado de Oaxaca y los H. Ayuntamientos de Chahuites y Trinidad Zaachila son fundadas, quienes contar\u00e1n con quince d\u00edas para poder integrar la informaci\u00f3n faltante y tres d\u00edas para notificar su cumplimiento al OGAIPO.<\/p>\n\n\n\n<p>&nbsp;<\/p>\n\n\n\n<p>Se aprob\u00f3 tambi\u00e9n, la designaci\u00f3n del Presidente y la Vocal Segunda del Comit\u00e9 de Transparencia y de la Responsable de la Unidad de Transparencia del OGAIPO en su calidad de Sujeto Obligado, integrado por H\u00e9ctor Eduardo Ru\u00edz Serrano, Secretario General de Acuerdos y Blanca Imelda Mart\u00ednez Rodr\u00edguez, Directora de Asuntos Jur\u00eddicos, designados como Presidente y Vocal Segunda, respectivamente.<\/p>\n\n\n\n<p>&nbsp;<\/p>\n\n\n\n<p>Adem\u00e1s, se resolvieron recursos de revisi\u00f3n interpuestos por ciudadanos inconformes por el incumplimiento de las instituciones p\u00fablicas del estado para dar respuesta en tiempo y forma a cuestionamientos hechos por la ciudadan\u00eda en diferentes rubros. Fueron analizados un total de noventa y tres expedientes en materia de acceso a la informaci\u00f3n; en cuanto a las resoluciones emitidas, en treinta y cuatro se modific\u00f3 la respuesta del Sujeto obligado, mientras que en trece se ordena la entrega de informaci\u00f3n, en catorce proyectos se confirma la respuesta, veinte recursos de revisi\u00f3n fueron sobrese\u00eddos y doce se desecharon.<\/p>\n","protected":false},"excerpt":{"rendered":"<p>&nbsp; Oaxaca de Ju\u00e1rez, Oaxaca, a 22 de noviembre de 2023.- El Pleno del \u00d3rgano&#8230;<\/p>\n","protected":false},"author":4,"featured_media":21474,"comment_status":"","ping_status":"open","sticky":false,"template":"","format":"standard","meta":{"footnotes":""},"categories":[9],"tags":[],"jetpack_sharing_enabled":true,"featured_image_urls":{"full":["https:\/\/contextoanalisisperiodistico.com\/wp-content\/uploads\/2023\/11\/XXISESIC393NORDINARIA.jpeg",1600,960,false],"thumbnail":["https:\/\/contextoanalisisperiodistico.com\/wp-content\/uploads\/2023\/11\/XXISESIC393NORDINARIA-150x150.jpeg",150,150,true],"medium":["https:\/\/contextoanalisisperiodistico.com\/wp-content\/uploads\/2023\/11\/XXISESIC393NORDINARIA-300x180.jpeg",300,180,true],"medium_large":["https:\/\/contextoanalisisperiodistico.com\/wp-content\/uploads\/2023\/11\/XXISESIC393NORDINARIA-768x461.jpeg",640,384,true],"large":["https:\/\/contextoanalisisperiodistico.com\/wp-content\/uploads\/2023\/11\/XXISESIC393NORDINARIA-1024x614.jpeg",640,384,true],"1536x1536":["https:\/\/contextoanalisisperiodistico.com\/wp-content\/uploads\/2023\/11\/XXISESIC393NORDINARIA-1536x922.jpeg",1536,922,true],"2048x2048":["https:\/\/contextoanalisisperiodistico.com\/wp-content\/uploads\/2023\/11\/XXISESIC393NORDINARIA.jpeg",1600,960,false],"covernews-slider-full":["https:\/\/contextoanalisisperiodistico.com\/wp-content\/uploads\/2023\/11\/XXISESIC393NORDINARIA-1115x715.jpeg",1115,715,true],"covernews-slider-center":["https:\/\/contextoanalisisperiodistico.com\/wp-content\/uploads\/2023\/11\/XXISESIC393NORDINARIA-800x500.jpeg",800,500,true],"covernews-featured":["https:\/\/contextoanalisisperiodistico.com\/wp-content\/uploads\/2023\/11\/XXISESIC393NORDINARIA-1024x614.jpeg",1024,614,true],"covernews-medium":["https:\/\/contextoanalisisperiodistico.com\/wp-content\/uploads\/2023\/11\/XXISESIC393NORDINARIA-540x340.jpeg",540,340,true],"covernews-medium-square":["https:\/\/contextoanalisisperiodistico.com\/wp-content\/uploads\/2023\/11\/XXISESIC393NORDINARIA-400x250.jpeg",400,250,true]},"author_info":{"display_name":"Mario Gir\u00f3n","author_link":"https:\/\/contextoanalisisperiodistico.com\/index.php\/author\/director\/"},"category_info":"<a href=\"https:\/\/contextoanalisisperiodistico.com\/index.php\/category\/politica\/\" rel=\"category tag\">Pol\u00edtica<\/a>","tag_info":"Pol\u00edtica","comment_count":"0","jetpack_featured_media_url":"https:\/\/contextoanalisisperiodistico.com\/wp-content\/uploads\/2023\/11\/XXISESIC393NORDINARIA.jpeg","_links":{"self":[{"href":"https:\/\/contextoanalisisperiodistico.com\/index.php\/wp-json\/wp\/v2\/posts\/21475"}],"collection":[{"href":"https:\/\/contextoanalisisperiodistico.com\/index.php\/wp-json\/wp\/v2\/posts"}],"about":[{"href":"https:\/\/contextoanalisisperiodistico.com\/index.php\/wp-json\/wp\/v2\/types\/post"}],"author":[{"embeddable":true,"href":"https:\/\/contextoanalisisperiodistico.com\/index.php\/wp-json\/wp\/v2\/users\/4"}],"replies":[{"embeddable":true,"href":"https:\/\/contextoanalisisperiodistico.com\/index.php\/wp-json\/wp\/v2\/comments?post=21475"}],"version-history":[{"count":0,"href":"https:\/\/contextoanalisisperiodistico.com\/index.php\/wp-json\/wp\/v2\/posts\/21475\/revisions"}],"wp:featuredmedia":[{"embeddable":true,"href":"https:\/\/contextoanalisisperiodistico.com\/index.php\/wp-json\/wp\/v2\/media\/21474"}],"wp:attachment":[{"href":"https:\/\/contextoanalisisperiodistico.com\/index.php\/wp-json\/wp\/v2\/media?parent=21475"}],"wp:term":[{"taxonomy":"category","embeddable":true,"href":"https:\/\/contextoanalisisperiodistico.com\/index.php\/wp-json\/wp\/v2\/categories?post=21475"},{"taxonomy":"post_tag","embeddable":true,"href":"https:\/\/contextoanalisisperiodistico.com\/index.php\/wp-json\/wp\/v2\/tags?post=21475"}],"curies":[{"name":"wp","href":"https:\/\/api.w.org\/{rel}","templated":true}]}}