{"id":21473,"date":"2023-11-22T12:15:37","date_gmt":"2023-11-22T18:15:37","guid":{"rendered":"https:\/\/contextoanalisisperiodistico.com\/index.php\/2023\/11\/22\/festival-internacional-de-jazz-y-algo-mas-cautiva-a-mas-de-16-mil-personas-en-mazunte\/"},"modified":"2023-11-22T12:15:37","modified_gmt":"2023-11-22T18:15:37","slug":"festival-internacional-de-jazz-y-algo-mas-cautiva-a-mas-de-16-mil-personas-en-mazunte","status":"publish","type":"post","link":"https:\/\/contextoanalisisperiodistico.com\/index.php\/2023\/11\/22\/festival-internacional-de-jazz-y-algo-mas-cautiva-a-mas-de-16-mil-personas-en-mazunte\/","title":{"rendered":"Festival Internacional de Jazz y Algo M\u00e1s cautiva a m\u00e1s de 16 mil personas en Mazunte"},"content":{"rendered":"<div id=\"fb-root\"><\/div>\n\n<p>\u2022 El encuentro musical gener\u00f3 una derrama econ\u00f3mica de 14.88 millones de pesos y una ocupaci\u00f3n hotelera promedio del 95 por ciento<\/p>\n\n\n\n<figure class=\"wp-block-image size-large\"><img fetchpriority=\"high\" decoding=\"async\" width=\"1024\" height=\"683\" src=\"https:\/\/contextoanalisisperiodistico.com\/wp-content\/uploads\/2023\/11\/img-20231122-wa0040535658765967700582-1024x683.jpg\" alt=\"\" class=\"wp-image-21469\" srcset=\"https:\/\/contextoanalisisperiodistico.com\/wp-content\/uploads\/2023\/11\/img-20231122-wa0040535658765967700582-1024x683.jpg 1024w, https:\/\/contextoanalisisperiodistico.com\/wp-content\/uploads\/2023\/11\/img-20231122-wa0040535658765967700582-300x200.jpg 300w, https:\/\/contextoanalisisperiodistico.com\/wp-content\/uploads\/2023\/11\/img-20231122-wa0040535658765967700582-768x512.jpg 768w, https:\/\/contextoanalisisperiodistico.com\/wp-content\/uploads\/2023\/11\/img-20231122-wa0040535658765967700582.jpg 1200w\" sizes=\"(max-width: 1024px) 100vw, 1024px\" \/><\/figure>\n\n\n\n<figure class=\"wp-block-image\"><img decoding=\"async\" width=\"1024\" height=\"1000\" src=\"https:\/\/contextoanalisisperiodistico.com\/wp-content\/uploads\/2023\/11\/img-20231122-wa00413529827920895125754-1024x1000.jpg\" alt=\"\" class=\"wp-image-21472\" srcset=\"https:\/\/contextoanalisisperiodistico.com\/wp-content\/uploads\/2023\/11\/img-20231122-wa00413529827920895125754-1024x1000.jpg 1024w, https:\/\/contextoanalisisperiodistico.com\/wp-content\/uploads\/2023\/11\/img-20231122-wa00413529827920895125754-300x293.jpg 300w, https:\/\/contextoanalisisperiodistico.com\/wp-content\/uploads\/2023\/11\/img-20231122-wa00413529827920895125754-768x750.jpg 768w, https:\/\/contextoanalisisperiodistico.com\/wp-content\/uploads\/2023\/11\/img-20231122-wa00413529827920895125754.jpg 1100w\" sizes=\"(max-width: 1024px) 100vw, 1024px\" \/><\/figure>\n\n\n\n<figure class=\"wp-block-image\"><img decoding=\"async\" width=\"1024\" height=\"769\" src=\"https:\/\/contextoanalisisperiodistico.com\/wp-content\/uploads\/2023\/11\/img-20231122-wa0042166006712910214366-1024x769.jpg\" alt=\"\" class=\"wp-image-21471\" srcset=\"https:\/\/contextoanalisisperiodistico.com\/wp-content\/uploads\/2023\/11\/img-20231122-wa0042166006712910214366-1024x769.jpg 1024w, https:\/\/contextoanalisisperiodistico.com\/wp-content\/uploads\/2023\/11\/img-20231122-wa0042166006712910214366-300x225.jpg 300w, https:\/\/contextoanalisisperiodistico.com\/wp-content\/uploads\/2023\/11\/img-20231122-wa0042166006712910214366-768x577.jpg 768w, https:\/\/contextoanalisisperiodistico.com\/wp-content\/uploads\/2023\/11\/img-20231122-wa0042166006712910214366.jpg 1100w\" sizes=\"(max-width: 1024px) 100vw, 1024px\" \/><\/figure>\n\n\n\n<figure class=\"wp-block-image\"><img loading=\"lazy\" decoding=\"async\" width=\"1024\" height=\"682\" src=\"https:\/\/contextoanalisisperiodistico.com\/wp-content\/uploads\/2023\/11\/img-20231122-wa0043442416086226742236-1024x682.jpg\" alt=\"\" class=\"wp-image-21470\" srcset=\"https:\/\/contextoanalisisperiodistico.com\/wp-content\/uploads\/2023\/11\/img-20231122-wa0043442416086226742236-1024x682.jpg 1024w, https:\/\/contextoanalisisperiodistico.com\/wp-content\/uploads\/2023\/11\/img-20231122-wa0043442416086226742236-300x200.jpg 300w, https:\/\/contextoanalisisperiodistico.com\/wp-content\/uploads\/2023\/11\/img-20231122-wa0043442416086226742236-768x511.jpg 768w, https:\/\/contextoanalisisperiodistico.com\/wp-content\/uploads\/2023\/11\/img-20231122-wa0043442416086226742236.jpg 1200w\" sizes=\"(max-width: 1024px) 100vw, 1024px\" \/><\/figure>\n\n\n\n<p>Oaxaca de Ju\u00e1rez, Oax. 22 de noviembre de 2023. \u2013 La Secretar\u00eda de Turismo (Sectur) de Oaxaca inform\u00f3 que el XVI Festival Internacional de Jazz y Algo M\u00e1s, Mazunte 2023 hizo cantar, bailar y vibrar a m\u00e1s de 16 mil personas, entre oaxaque\u00f1as, oaxaque\u00f1os y turistas nacionales e internacionales, que se dieron cita en este Pueblo M\u00e1gico perteneciente al municipio de Santa Mar\u00eda Tonameca, en la Costa oaxaque\u00f1a.<\/p>\n\n\n\n<p>Los d\u00edas 17, 18 y 19 de noviembre, la riqueza natural de Mazunte fue el escenario de artistas de renombre nacional e internacional en este Festival que est\u00e1 posicionado como uno de los m\u00e1s importantes en su tipo en el pa\u00eds y el mundo, generando este a\u00f1o una derrama econ\u00f3mica de 14.88 millones de pesos.<\/p>\n\n\n\n<p>La Sectur detall\u00f3 que la ocupaci\u00f3n hotelera promedio fue de 95 por ciento y se registr\u00f3 la llegada de 8 mil 392 turistas de diferentes puntos del pa\u00eds y del extranjero.<\/p>\n\n\n\n<p>Al respecto, la secretaria de Turismo Saymi Pineda Velasco se\u00f1al\u00f3 que durante estos tres d\u00edas la esencia del Pueblo M\u00e1gico, las bellezas naturales y la m\u00fasica de las agrupaciones invitadas hicieron de este encuentro memorable.<\/p>\n\n\n\n<p>Resalt\u00f3 que como lo ha instruido el Gobernador Salom\u00f3n Jara Cruz, se impulsan los eventos de este tipo para promover el desarrollo integral y sustentable de la entidad mediante la actividad tur\u00edstica.<\/p>\n\n\n\n<p>M\u00e1s de diez agrupaciones cautivaron al p\u00fablico<\/p>\n\n\n\n<p>El inicio de este Festival fue anunciado por un convite tradicional que inund\u00f3 de color y m\u00fasica las principales calles de la poblaci\u00f3n, donde se cont\u00f3 con la participaci\u00f3n de la delegaci\u00f3n de las Canasteras de Puerto \u00c1ngel.<\/p>\n\n\n\n<p>Los conciertos iniciaron con la presentaci\u00f3n de la poblaci\u00f3n anfitriona a cargo de la Banda de M\u00fasica Mazunte y sigui\u00f3 la m\u00fasica de Jorge Ibarra Ensamble, las agrupaciones Quimono Jazz y Se\u00f1or Swing.<\/p>\n\n\n\n<p>En el segundo d\u00eda, las y los asistentes disfrutaron la interpretaci\u00f3n de Jam Jazz Project, Stompin, Likembe y Victoria Malawi. El \u00faltimo d\u00eda el escenario se convirti\u00f3 en una gran celebraci\u00f3n con la presencia de Tapacamino Ensamble, Reset Retro, Ensamble Deluxe y cerrando de manera espectacular, la agrupaci\u00f3n Inspector.<br \/>-0-<\/p>\n","protected":false},"excerpt":{"rendered":"<p>\u2022 El encuentro musical gener\u00f3 una derrama econ\u00f3mica de 14.88 millones de pesos y una&#8230;<\/p>\n","protected":false},"author":4,"featured_media":21468,"comment_status":"","ping_status":"open","sticky":false,"template":"","format":"standard","meta":{"footnotes":""},"categories":[9],"tags":[],"jetpack_sharing_enabled":true,"featured_image_urls":{"full":["https:\/\/contextoanalisisperiodistico.com\/wp-content\/uploads\/2023\/11\/IMG-20231122-WA0039.jpg",1100,618,false],"thumbnail":["https:\/\/contextoanalisisperiodistico.com\/wp-content\/uploads\/2023\/11\/IMG-20231122-WA0039-150x150.jpg",150,150,true],"medium":["https:\/\/contextoanalisisperiodistico.com\/wp-content\/uploads\/2023\/11\/IMG-20231122-WA0039-300x169.jpg",300,169,true],"medium_large":["https:\/\/contextoanalisisperiodistico.com\/wp-content\/uploads\/2023\/11\/IMG-20231122-WA0039-768x431.jpg",640,359,true],"large":["https:\/\/contextoanalisisperiodistico.com\/wp-content\/uploads\/2023\/11\/IMG-20231122-WA0039-1024x575.jpg",640,359,true],"1536x1536":["https:\/\/contextoanalisisperiodistico.com\/wp-content\/uploads\/2023\/11\/IMG-20231122-WA0039.jpg",1100,618,false],"2048x2048":["https:\/\/contextoanalisisperiodistico.com\/wp-content\/uploads\/2023\/11\/IMG-20231122-WA0039.jpg",1100,618,false],"covernews-slider-full":["https:\/\/contextoanalisisperiodistico.com\/wp-content\/uploads\/2023\/11\/IMG-20231122-WA0039.jpg",1100,618,false],"covernews-slider-center":["https:\/\/contextoanalisisperiodistico.com\/wp-content\/uploads\/2023\/11\/IMG-20231122-WA0039-800x500.jpg",800,500,true],"covernews-featured":["https:\/\/contextoanalisisperiodistico.com\/wp-content\/uploads\/2023\/11\/IMG-20231122-WA0039-1024x575.jpg",1024,575,true],"covernews-medium":["https:\/\/contextoanalisisperiodistico.com\/wp-content\/uploads\/2023\/11\/IMG-20231122-WA0039-540x340.jpg",540,340,true],"covernews-medium-square":["https:\/\/contextoanalisisperiodistico.com\/wp-content\/uploads\/2023\/11\/IMG-20231122-WA0039-400x250.jpg",400,250,true]},"author_info":{"display_name":"Mario Gir\u00f3n","author_link":"https:\/\/contextoanalisisperiodistico.com\/index.php\/author\/director\/"},"category_info":"<a href=\"https:\/\/contextoanalisisperiodistico.com\/index.php\/category\/politica\/\" rel=\"category tag\">Pol\u00edtica<\/a>","tag_info":"Pol\u00edtica","comment_count":"0","jetpack_featured_media_url":"https:\/\/contextoanalisisperiodistico.com\/wp-content\/uploads\/2023\/11\/IMG-20231122-WA0039.jpg","_links":{"self":[{"href":"https:\/\/contextoanalisisperiodistico.com\/index.php\/wp-json\/wp\/v2\/posts\/21473"}],"collection":[{"href":"https:\/\/contextoanalisisperiodistico.com\/index.php\/wp-json\/wp\/v2\/posts"}],"about":[{"href":"https:\/\/contextoanalisisperiodistico.com\/index.php\/wp-json\/wp\/v2\/types\/post"}],"author":[{"embeddable":true,"href":"https:\/\/contextoanalisisperiodistico.com\/index.php\/wp-json\/wp\/v2\/users\/4"}],"replies":[{"embeddable":true,"href":"https:\/\/contextoanalisisperiodistico.com\/index.php\/wp-json\/wp\/v2\/comments?post=21473"}],"version-history":[{"count":0,"href":"https:\/\/contextoanalisisperiodistico.com\/index.php\/wp-json\/wp\/v2\/posts\/21473\/revisions"}],"wp:featuredmedia":[{"embeddable":true,"href":"https:\/\/contextoanalisisperiodistico.com\/index.php\/wp-json\/wp\/v2\/media\/21468"}],"wp:attachment":[{"href":"https:\/\/contextoanalisisperiodistico.com\/index.php\/wp-json\/wp\/v2\/media?parent=21473"}],"wp:term":[{"taxonomy":"category","embeddable":true,"href":"https:\/\/contextoanalisisperiodistico.com\/index.php\/wp-json\/wp\/v2\/categories?post=21473"},{"taxonomy":"post_tag","embeddable":true,"href":"https:\/\/contextoanalisisperiodistico.com\/index.php\/wp-json\/wp\/v2\/tags?post=21473"}],"curies":[{"name":"wp","href":"https:\/\/api.w.org\/{rel}","templated":true}]}}