{"id":21418,"date":"2023-11-21T14:05:55","date_gmt":"2023-11-21T20:05:55","guid":{"rendered":"https:\/\/contextoanalisisperiodistico.com\/index.php\/2023\/11\/21\/personal-cascos-amarillos-se-actualiza-en-vigilancia-y-control-vectorial-sso\/"},"modified":"2023-11-21T14:05:55","modified_gmt":"2023-11-21T20:05:55","slug":"personal-cascos-amarillos-se-actualiza-en-vigilancia-y-control-vectorial-sso","status":"publish","type":"post","link":"https:\/\/contextoanalisisperiodistico.com\/index.php\/2023\/11\/21\/personal-cascos-amarillos-se-actualiza-en-vigilancia-y-control-vectorial-sso\/","title":{"rendered":"Personal cascos amarillos se actualiza en vigilancia y control vectorial: SSO"},"content":{"rendered":"<div id=\"fb-root\"><\/div>\n\n<p>\u2022 La estrategia tiene por objetivo contribuir a mejorar la calidad de los servicios que se brindan a la ciudadan\u00eda<\/p>\n\n\n\n<p>San Juan Bautista Tuxtepec, Oax.- 21 de noviembre de 2023.- A fin de actualizar criterios y fortalecer las t\u00e9cnicas operativas en vigilancia, control vectorial y prevenci\u00f3n de enfermedades end\u00e9micas de la Cuenca del Papaloapan, como son dengue, zika y chikungunya, los Servicios de Salud de Oaxaca (SSO) arrancaron el curso de actualizaci\u00f3n 2023.<\/p>\n\n\n\n<p>Esta jornada acad\u00e9mica se lleva a cabo a trav\u00e9s del Departamento de Prevenci\u00f3n y Control de Enfermedades Transmisibles por Vector, en coordinaci\u00f3n con la Jurisdicci\u00f3n Sanitaria 3 Tuxtepec, y tendr\u00e1 una duraci\u00f3n de 40 horas, divididas en cinco d\u00edas, dirigida a 120 personas trabajadoras que conforman el \u201cej\u00e9rcito de cascos amarillos\u201d.<\/p>\n\n\n\n<p>Durante la actualizaci\u00f3n se analizar\u00e1n temas como: Proceso de paludismo en M\u00e9xico, Sistema integral de monitoreo de vectores, Vigilancia epidemiol\u00f3gica con ovitrampas, Modificaciones ambientales y sus implicaciones en el control del vector del paludismo, Patolog\u00eda de la enfermedad de chagas, entre muchos otros que enriquecer\u00e1n la labor diaria del personal, en beneficio de la salud de las personas cuenque\u00f1as.<\/p>\n\n\n\n<p>Aunado a ello, se tiene previsto impartir un taller de evaluaci\u00f3n de eficacia biol\u00f3gica de productos para el control y prevenci\u00f3n de arbovirosis, mediante el adiestramiento en la calibraci\u00f3n de m\u00e1quinas termonebulizadoras, colocaci\u00f3n de jaulas con moscos en patio anterior, posterior e interior de viviendas.<\/p>\n\n\n\n<p>Se trabajar\u00e1 la t\u00e9cnica de aplicaci\u00f3n de niebla t\u00e9rmica en interiores de hogares con obst\u00e1culos, se ense\u00f1ar\u00e1 la colecta de moscos en vasos de recuperaci\u00f3n luego de 30 minutos de exposici\u00f3n, todo ello con la finalidad de mejorar las estrategias del personal, para combatir al mosco transmisor del dengue de manera eficaz.<\/p>\n\n\n\n<p>Y es que el trabajo que realiza el personal del departamento de vectores, no solo es una de las fortalezas de los SSO en la prevenci\u00f3n de enfermedades transmitidas por el zancudo, ya que adem\u00e1s es pieza clave para tener viviendas y edificios limpios y libres de riesgos para la salud.<\/p>\n\n\n\n<p>-0-<\/p>\n\n\n\n<figure class=\"wp-block-image size-large\"><img fetchpriority=\"high\" decoding=\"async\" width=\"1024\" height=\"768\" src=\"https:\/\/contextoanalisisperiodistico.com\/wp-content\/uploads\/2023\/11\/img-20231121-wa0049358257851738932024-1024x768.jpg\" alt=\"\" class=\"wp-image-21417\" srcset=\"https:\/\/contextoanalisisperiodistico.com\/wp-content\/uploads\/2023\/11\/img-20231121-wa0049358257851738932024-1024x768.jpg 1024w, https:\/\/contextoanalisisperiodistico.com\/wp-content\/uploads\/2023\/11\/img-20231121-wa0049358257851738932024-300x225.jpg 300w, https:\/\/contextoanalisisperiodistico.com\/wp-content\/uploads\/2023\/11\/img-20231121-wa0049358257851738932024-768x576.jpg 768w, https:\/\/contextoanalisisperiodistico.com\/wp-content\/uploads\/2023\/11\/img-20231121-wa0049358257851738932024.jpg 1280w\" sizes=\"(max-width: 1024px) 100vw, 1024px\" \/><\/figure>\n\n\n\n<figure class=\"wp-block-image\"><img decoding=\"async\" width=\"1024\" height=\"768\" src=\"https:\/\/contextoanalisisperiodistico.com\/wp-content\/uploads\/2023\/11\/img-20231121-wa0048639448976758251899-1024x768.jpg\" alt=\"\" class=\"wp-image-21416\" srcset=\"https:\/\/contextoanalisisperiodistico.com\/wp-content\/uploads\/2023\/11\/img-20231121-wa0048639448976758251899-1024x768.jpg 1024w, https:\/\/contextoanalisisperiodistico.com\/wp-content\/uploads\/2023\/11\/img-20231121-wa0048639448976758251899-300x225.jpg 300w, https:\/\/contextoanalisisperiodistico.com\/wp-content\/uploads\/2023\/11\/img-20231121-wa0048639448976758251899-768x576.jpg 768w, https:\/\/contextoanalisisperiodistico.com\/wp-content\/uploads\/2023\/11\/img-20231121-wa0048639448976758251899.jpg 1280w\" sizes=\"(max-width: 1024px) 100vw, 1024px\" \/><\/figure>\n","protected":false},"excerpt":{"rendered":"<p>\u2022 La estrategia tiene por objetivo contribuir a mejorar la calidad de los servicios que&#8230;<\/p>\n","protected":false},"author":4,"featured_media":21415,"comment_status":"","ping_status":"open","sticky":false,"template":"","format":"standard","meta":{"footnotes":""},"categories":[92],"tags":[],"jetpack_sharing_enabled":true,"featured_image_urls":{"full":["https:\/\/contextoanalisisperiodistico.com\/wp-content\/uploads\/2023\/11\/IMG-20231121-WA0047.jpg",960,1280,false],"thumbnail":["https:\/\/contextoanalisisperiodistico.com\/wp-content\/uploads\/2023\/11\/IMG-20231121-WA0047-150x150.jpg",150,150,true],"medium":["https:\/\/contextoanalisisperiodistico.com\/wp-content\/uploads\/2023\/11\/IMG-20231121-WA0047-225x300.jpg",225,300,true],"medium_large":["https:\/\/contextoanalisisperiodistico.com\/wp-content\/uploads\/2023\/11\/IMG-20231121-WA0047-768x1024.jpg",640,853,true],"large":["https:\/\/contextoanalisisperiodistico.com\/wp-content\/uploads\/2023\/11\/IMG-20231121-WA0047-768x1024.jpg",640,853,true],"1536x1536":["https:\/\/contextoanalisisperiodistico.com\/wp-content\/uploads\/2023\/11\/IMG-20231121-WA0047.jpg",960,1280,false],"2048x2048":["https:\/\/contextoanalisisperiodistico.com\/wp-content\/uploads\/2023\/11\/IMG-20231121-WA0047.jpg",960,1280,false],"covernews-slider-full":["https:\/\/contextoanalisisperiodistico.com\/wp-content\/uploads\/2023\/11\/IMG-20231121-WA0047-960x715.jpg",960,715,true],"covernews-slider-center":["https:\/\/contextoanalisisperiodistico.com\/wp-content\/uploads\/2023\/11\/IMG-20231121-WA0047-800x500.jpg",800,500,true],"covernews-featured":["https:\/\/contextoanalisisperiodistico.com\/wp-content\/uploads\/2023\/11\/IMG-20231121-WA0047.jpg",960,1280,false],"covernews-medium":["https:\/\/contextoanalisisperiodistico.com\/wp-content\/uploads\/2023\/11\/IMG-20231121-WA0047-540x340.jpg",540,340,true],"covernews-medium-square":["https:\/\/contextoanalisisperiodistico.com\/wp-content\/uploads\/2023\/11\/IMG-20231121-WA0047-400x250.jpg",400,250,true]},"author_info":{"display_name":"Mario Gir\u00f3n","author_link":"https:\/\/contextoanalisisperiodistico.com\/index.php\/author\/director\/"},"category_info":"<a href=\"https:\/\/contextoanalisisperiodistico.com\/index.php\/category\/salud\/\" rel=\"category tag\">Salud<\/a>","tag_info":"Salud","comment_count":"0","jetpack_featured_media_url":"https:\/\/contextoanalisisperiodistico.com\/wp-content\/uploads\/2023\/11\/IMG-20231121-WA0047.jpg","_links":{"self":[{"href":"https:\/\/contextoanalisisperiodistico.com\/index.php\/wp-json\/wp\/v2\/posts\/21418"}],"collection":[{"href":"https:\/\/contextoanalisisperiodistico.com\/index.php\/wp-json\/wp\/v2\/posts"}],"about":[{"href":"https:\/\/contextoanalisisperiodistico.com\/index.php\/wp-json\/wp\/v2\/types\/post"}],"author":[{"embeddable":true,"href":"https:\/\/contextoanalisisperiodistico.com\/index.php\/wp-json\/wp\/v2\/users\/4"}],"replies":[{"embeddable":true,"href":"https:\/\/contextoanalisisperiodistico.com\/index.php\/wp-json\/wp\/v2\/comments?post=21418"}],"version-history":[{"count":0,"href":"https:\/\/contextoanalisisperiodistico.com\/index.php\/wp-json\/wp\/v2\/posts\/21418\/revisions"}],"wp:featuredmedia":[{"embeddable":true,"href":"https:\/\/contextoanalisisperiodistico.com\/index.php\/wp-json\/wp\/v2\/media\/21415"}],"wp:attachment":[{"href":"https:\/\/contextoanalisisperiodistico.com\/index.php\/wp-json\/wp\/v2\/media?parent=21418"}],"wp:term":[{"taxonomy":"category","embeddable":true,"href":"https:\/\/contextoanalisisperiodistico.com\/index.php\/wp-json\/wp\/v2\/categories?post=21418"},{"taxonomy":"post_tag","embeddable":true,"href":"https:\/\/contextoanalisisperiodistico.com\/index.php\/wp-json\/wp\/v2\/tags?post=21418"}],"curies":[{"name":"wp","href":"https:\/\/api.w.org\/{rel}","templated":true}]}}