{"id":21377,"date":"2023-11-19T19:54:47","date_gmt":"2023-11-20T01:54:47","guid":{"rendered":"https:\/\/contextoanalisisperiodistico.com\/index.php\/2023\/11\/19\/policia-capitalina-recupera-alcantarilla-robada-y-la-reinstala\/"},"modified":"2023-11-19T19:54:47","modified_gmt":"2023-11-20T01:54:47","slug":"policia-capitalina-recupera-alcantarilla-robada-y-la-reinstala","status":"publish","type":"post","link":"https:\/\/contextoanalisisperiodistico.com\/index.php\/2023\/11\/19\/policia-capitalina-recupera-alcantarilla-robada-y-la-reinstala\/","title":{"rendered":"Polic\u00eda capitalina recupera alcantarilla robada y la reinstala"},"content":{"rendered":"<div id=\"fb-root\"><\/div>\n\n<ul>\n<li>En redes sociales denunciaron el robo de una alcantarilla.<\/li>\n<\/ul>\n\n\n\n<p>Polic\u00edas municipales de Oaxaca de Ju\u00e1rez efectuaron la detenci\u00f3n de una persona como presunta responsable del delito de resistencia de particulares, la cual qued\u00f3 a disposici\u00f3n de la autoridad ministerial.<\/p>\n\n\n\n<p>El secretario de Seguridad Ciudadana, Movilidad y Protecci\u00f3n Civil, Ra\u00fal \u00c1vila Ibarra, dio a conocer que la detenci\u00f3n ocurri\u00f3 este domingo a las 08:30 horas, en el pasillo de reordenamiento del mercado de Abasto.<\/p>\n\n\n\n<p>En ese lugar, observaron a una persona cuyas caracter\u00edsticas coincid\u00edan con las del sujeto que hace unos d\u00edas rob\u00f3 una alcantarilla en la primera privada de Guadalupe Victoria, en la colonia Libertad.<\/p>\n\n\n\n<p>Debido a ello, decidieron abordarlo, pero desde el primer contacto, el sujeto se mostr\u00f3 agresivo y se neg\u00f3 a cooperar.<br \/>En un descuido, propin\u00f3 una patada a uno de los elementos, por lo cual, bajo el uso racional de la fuerza, fue controlado, indicando llamarse Jos\u00e9 A. S. S., de 28 a\u00f1os de edad.<br \/>Asimismo, acept\u00f3 que \u00e9l hab\u00eda cometido el robo de la alcantarilla y condujo a los elementos a donde hab\u00eda vendido el bien propiedad del municipio de Oaxaca de Ju\u00e1rez.<\/p>\n\n\n\n<p>Con el apoyo de la persona compradora, se recuper\u00f3 la alcantarilla y de inmediato, elementos de la Direcci\u00f3n de Movilidad acudieron al lugar donde fue desprendida para reinstalarla.<\/p>\n\n\n\n<p>Mientras que el detenido, fue consignado a la Fiscal\u00eda General del Estado como presunto responsable del delito de resistencia de particulares.<\/p>\n\n\n\n<p>Al respecto, el secretario \u00c1vila Ibarra, agradeci\u00f3 la participaci\u00f3n de la ciudadan\u00eda por hacer la denuncia v\u00eda redes sociales y aportar las caracter\u00edsticas de la persona que cometi\u00f3 el robo, convirti\u00e9ndose el sujeto en una prioridad para los elementos de la Polic\u00eda Municipal, quienes ya hab\u00edan iniciado su b\u00fasqueda.<\/p>\n\n\n\n<p>Por su parte, vecinos de la primera privada de Guadalupe Victoria, agradecieron la r\u00e1pida respuesta de la Secretar\u00eda de Seguridad Ciudadana, Movilidad y Protecci\u00f3n Civil, ya que no solo recuperaron la alcantarilla, sino tambi\u00e9n acudieron al lugar para reinstalarla, con lo que se previene alg\u00fan percance tanto a peatones como a automovilistas.<\/p>\n\n\n\n<p>Con estas acciones, la Polic\u00eda Municipal refrenda su compromiso de proteger y servir a la comunidad.<\/p>\n\n\n\n<ul>\n<li>En redes sociales denunciaron el robo de una alcantarilla.<\/li>\n<\/ul>\n\n\n\n<p>Polic\u00edas municipales de Oaxaca de Ju\u00e1rez efectuaron la detenci\u00f3n de una persona como presunta responsable del delito de resistencia de particulares, la cual qued\u00f3 a disposici\u00f3n de la autoridad ministerial.<\/p>\n\n\n\n<p>El secretario de Seguridad Ciudadana, Movilidad y Protecci\u00f3n Civil, Ra\u00fal \u00c1vila Ibarra, dio a conocer que la detenci\u00f3n ocurri\u00f3 este domingo a las 08:30 horas, en el pasillo de reordenamiento del mercado de Abasto.<\/p>\n\n\n\n<p>En ese lugar, observaron a una persona cuyas caracter\u00edsticas coincid\u00edan con las del sujeto que hace unos d\u00edas rob\u00f3 una alcantarilla en la primera privada de Guadalupe Victoria, en la colonia Libertad.<\/p>\n\n\n\n<p>Debido a ello, decidieron abordarlo, pero desde el primer contacto, el sujeto se mostr\u00f3 agresivo y se neg\u00f3 a cooperar.<br \/>En un descuido, propin\u00f3 una patada a uno de los elementos, por lo cual, bajo el uso racional de la fuerza, fue controlado, indicando llamarse Jos\u00e9 A. S. S., de 28 a\u00f1os de edad.<br \/>Asimismo, acept\u00f3 que \u00e9l hab\u00eda cometido el robo de la alcantarilla y condujo a los elementos a donde hab\u00eda vendido el bien propiedad del municipio de Oaxaca de Ju\u00e1rez.<\/p>\n\n\n\n<p>Con el apoyo de la persona compradora, se recuper\u00f3 la alcantarilla y de inmediato, elementos de la Direcci\u00f3n de Movilidad acudieron al lugar donde fue desprendida para reinstalarla.<\/p>\n\n\n\n<p>Mientras que el detenido, fue consignado a la Fiscal\u00eda General del Estado como presunto responsable del delito de resistencia de particulares.<\/p>\n\n\n\n<p>Al respecto, el secretario \u00c1vila Ibarra, agradeci\u00f3 la participaci\u00f3n de la ciudadan\u00eda por hacer la denuncia v\u00eda redes sociales y aportar las caracter\u00edsticas de la persona que cometi\u00f3 el robo, convirti\u00e9ndose el sujeto en una prioridad para los elementos de la Polic\u00eda Municipal, quienes ya hab\u00edan iniciado su b\u00fasqueda.<\/p>\n\n\n\n<p>Por su parte, vecinos de la primera privada de Guadalupe Victoria, agradecieron la r\u00e1pida respuesta de la Secretar\u00eda de Seguridad Ciudadana, Movilidad y Protecci\u00f3n Civil, ya que no solo recuperaron la alcantarilla, sino tambi\u00e9n acudieron al lugar para reinstalarla, con lo que se previene alg\u00fan percance tanto a peatones como a automovilistas.<\/p>\n\n\n\n<p>Con estas acciones, la Polic\u00eda Municipal refrenda su compromiso de proteger y servir a la comunidad.<\/p>\n\n\n\n<p><\/p>\n\n\n\n<figure class=\"wp-block-image size-large\"><img fetchpriority=\"high\" decoding=\"async\" width=\"1024\" height=\"768\" src=\"https:\/\/contextoanalisisperiodistico.com\/wp-content\/uploads\/2023\/11\/img-20231119-wa00661360882518738408327-1024x768.jpg\" alt=\"\" class=\"wp-image-21376\" srcset=\"https:\/\/contextoanalisisperiodistico.com\/wp-content\/uploads\/2023\/11\/img-20231119-wa00661360882518738408327-1024x768.jpg 1024w, https:\/\/contextoanalisisperiodistico.com\/wp-content\/uploads\/2023\/11\/img-20231119-wa00661360882518738408327-300x225.jpg 300w, https:\/\/contextoanalisisperiodistico.com\/wp-content\/uploads\/2023\/11\/img-20231119-wa00661360882518738408327-768x576.jpg 768w, https:\/\/contextoanalisisperiodistico.com\/wp-content\/uploads\/2023\/11\/img-20231119-wa00661360882518738408327-1536x1152.jpg 1536w, https:\/\/contextoanalisisperiodistico.com\/wp-content\/uploads\/2023\/11\/img-20231119-wa00661360882518738408327.jpg 1600w\" sizes=\"(max-width: 1024px) 100vw, 1024px\" \/><\/figure>\n\n\n\n<figure class=\"wp-block-image\"><img decoding=\"async\" width=\"1024\" height=\"761\" src=\"https:\/\/contextoanalisisperiodistico.com\/wp-content\/uploads\/2023\/11\/img-20231119-wa00653936577683512003574-1024x761.jpg\" alt=\"\" class=\"wp-image-21375\" srcset=\"https:\/\/contextoanalisisperiodistico.com\/wp-content\/uploads\/2023\/11\/img-20231119-wa00653936577683512003574-1024x761.jpg 1024w, https:\/\/contextoanalisisperiodistico.com\/wp-content\/uploads\/2023\/11\/img-20231119-wa00653936577683512003574-300x223.jpg 300w, https:\/\/contextoanalisisperiodistico.com\/wp-content\/uploads\/2023\/11\/img-20231119-wa00653936577683512003574-768x571.jpg 768w, https:\/\/contextoanalisisperiodistico.com\/wp-content\/uploads\/2023\/11\/img-20231119-wa00653936577683512003574.jpg 1354w\" sizes=\"(max-width: 1024px) 100vw, 1024px\" \/><\/figure>\n","protected":false},"excerpt":{"rendered":"<p>Polic\u00edas municipales de Oaxaca de Ju\u00e1rez efectuaron la detenci\u00f3n de una persona como presunta responsable&#8230;<\/p>\n","protected":false},"author":4,"featured_media":21374,"comment_status":"","ping_status":"open","sticky":false,"template":"","format":"standard","meta":{"footnotes":""},"categories":[10],"tags":[],"jetpack_sharing_enabled":true,"featured_image_urls":{"full":["https:\/\/contextoanalisisperiodistico.com\/wp-content\/uploads\/2023\/11\/IMG-20231119-WA0064.jpg",1232,1085,false],"thumbnail":["https:\/\/contextoanalisisperiodistico.com\/wp-content\/uploads\/2023\/11\/IMG-20231119-WA0064-150x150.jpg",150,150,true],"medium":["https:\/\/contextoanalisisperiodistico.com\/wp-content\/uploads\/2023\/11\/IMG-20231119-WA0064-300x264.jpg",300,264,true],"medium_large":["https:\/\/contextoanalisisperiodistico.com\/wp-content\/uploads\/2023\/11\/IMG-20231119-WA0064-768x676.jpg",640,563,true],"large":["https:\/\/contextoanalisisperiodistico.com\/wp-content\/uploads\/2023\/11\/IMG-20231119-WA0064-1024x902.jpg",640,564,true],"1536x1536":["https:\/\/contextoanalisisperiodistico.com\/wp-content\/uploads\/2023\/11\/IMG-20231119-WA0064.jpg",1232,1085,false],"2048x2048":["https:\/\/contextoanalisisperiodistico.com\/wp-content\/uploads\/2023\/11\/IMG-20231119-WA0064.jpg",1232,1085,false],"covernews-slider-full":["https:\/\/contextoanalisisperiodistico.com\/wp-content\/uploads\/2023\/11\/IMG-20231119-WA0064-1115x715.jpg",1115,715,true],"covernews-slider-center":["https:\/\/contextoanalisisperiodistico.com\/wp-content\/uploads\/2023\/11\/IMG-20231119-WA0064-800x500.jpg",800,500,true],"covernews-featured":["https:\/\/contextoanalisisperiodistico.com\/wp-content\/uploads\/2023\/11\/IMG-20231119-WA0064-1024x902.jpg",1024,902,true],"covernews-medium":["https:\/\/contextoanalisisperiodistico.com\/wp-content\/uploads\/2023\/11\/IMG-20231119-WA0064-540x340.jpg",540,340,true],"covernews-medium-square":["https:\/\/contextoanalisisperiodistico.com\/wp-content\/uploads\/2023\/11\/IMG-20231119-WA0064-400x250.jpg",400,250,true]},"author_info":{"display_name":"Mario Gir\u00f3n","author_link":"https:\/\/contextoanalisisperiodistico.com\/index.php\/author\/director\/"},"category_info":"<a href=\"https:\/\/contextoanalisisperiodistico.com\/index.php\/category\/seguridad\/\" rel=\"category tag\">Seguridad<\/a>","tag_info":"Seguridad","comment_count":"0","jetpack_featured_media_url":"https:\/\/contextoanalisisperiodistico.com\/wp-content\/uploads\/2023\/11\/IMG-20231119-WA0064.jpg","_links":{"self":[{"href":"https:\/\/contextoanalisisperiodistico.com\/index.php\/wp-json\/wp\/v2\/posts\/21377"}],"collection":[{"href":"https:\/\/contextoanalisisperiodistico.com\/index.php\/wp-json\/wp\/v2\/posts"}],"about":[{"href":"https:\/\/contextoanalisisperiodistico.com\/index.php\/wp-json\/wp\/v2\/types\/post"}],"author":[{"embeddable":true,"href":"https:\/\/contextoanalisisperiodistico.com\/index.php\/wp-json\/wp\/v2\/users\/4"}],"replies":[{"embeddable":true,"href":"https:\/\/contextoanalisisperiodistico.com\/index.php\/wp-json\/wp\/v2\/comments?post=21377"}],"version-history":[{"count":0,"href":"https:\/\/contextoanalisisperiodistico.com\/index.php\/wp-json\/wp\/v2\/posts\/21377\/revisions"}],"wp:featuredmedia":[{"embeddable":true,"href":"https:\/\/contextoanalisisperiodistico.com\/index.php\/wp-json\/wp\/v2\/media\/21374"}],"wp:attachment":[{"href":"https:\/\/contextoanalisisperiodistico.com\/index.php\/wp-json\/wp\/v2\/media?parent=21377"}],"wp:term":[{"taxonomy":"category","embeddable":true,"href":"https:\/\/contextoanalisisperiodistico.com\/index.php\/wp-json\/wp\/v2\/categories?post=21377"},{"taxonomy":"post_tag","embeddable":true,"href":"https:\/\/contextoanalisisperiodistico.com\/index.php\/wp-json\/wp\/v2\/tags?post=21377"}],"curies":[{"name":"wp","href":"https:\/\/api.w.org\/{rel}","templated":true}]}}