{"id":21344,"date":"2023-11-19T11:41:04","date_gmt":"2023-11-19T17:41:04","guid":{"rendered":"https:\/\/contextoanalisisperiodistico.com\/index.php\/2023\/11\/19\/oaxaca-presente-en-xv-sesion-ordinaria-del-consejo-academico-de-formacion-policial-region-sureste\/"},"modified":"2023-11-19T11:41:04","modified_gmt":"2023-11-19T17:41:04","slug":"oaxaca-presente-en-xv-sesion-ordinaria-del-consejo-academico-de-formacion-policial-region-sureste","status":"publish","type":"post","link":"https:\/\/contextoanalisisperiodistico.com\/index.php\/2023\/11\/19\/oaxaca-presente-en-xv-sesion-ordinaria-del-consejo-academico-de-formacion-policial-region-sureste\/","title":{"rendered":"Oaxaca presente en XV Sesi\u00f3n Ordinaria del Consejo Acad\u00e9mico de Formaci\u00f3n Policial Regi\u00f3n Sureste"},"content":{"rendered":"<div id=\"fb-root\"><\/div>\n\n<p>\u25cf El Gobierno de Oaxaca a trav\u00e9s de la SSPC present\u00f3 las acciones de profesionalizaci\u00f3n y dignificaci\u00f3n policial que realiza para contar con corporaciones capacitadas y confiables<\/p>\n\n\n\n<p>Oaxaca de Ju\u00e1rez, Oax. 19 de noviembre de 2023.- En el marco de la XV Sesi\u00f3n Ordinaria del Consejo Acad\u00e9mico de Formaci\u00f3n Policial de la Regi\u00f3n Sureste que se llev\u00f3 a cabo en Quintana Roo, el Gobierno de Oaxaca a trav\u00e9s de la Secretar\u00eda de Seguridad y Protecci\u00f3n Ciudadana (SSPC) present\u00f3 las acciones de profesionalizaci\u00f3n y dignificaci\u00f3n policial que realiza para contar con corporaciones capacitadas y confiables.<\/p>\n\n\n\n<p>Este encuentro que reuni\u00f3 durante el viernes y s\u00e1bado a personal directivo y funcionariado de las instituciones de Campeche, Chiapas, Tabasco, Veracruz, Yucat\u00e1n y Oaxaca, fue inaugurado por la Gobernadora del estado anfitri\u00f3n, Mara Lezama Espinosa.<\/p>\n\n\n\n<p>En el evento, al que asistieron por parte de la dependencia, la directora general del Sistema de Desarrollo Policial (Sidepol), Victoria Gonz\u00e1lez Mazas y la directora del Instituto de Profesionalizaci\u00f3n, Laksmi Pineda Ordaz, se hizo patente el compromiso del Gobierno de Oaxaca para fortalecer las acciones de protecci\u00f3n y cuidado en apego a la estrategia de seguridad nacional.<\/p>\n\n\n\n<p>De esta manera se comparti\u00f3 que las acciones, planes y programas implementados en la entidad por la SSPC que encabeza Iv\u00e1n Garc\u00eda \u00c1lvarez, en coordinaci\u00f3n con instituciones corresponsables de los distintos \u00f3rdenes de gobierno, buscan construir un Nuevo Pacto Social, que permita que la sociedad oaxaque\u00f1a cuente con corporaciones m\u00e1s cercanas y viva en un ambiente de paz y tranquilidad.<\/p>\n\n\n\n<p>Cabe destacar que esta sesi\u00f3n ordinaria tiene como prop\u00f3sito fortalecer las academias e instituciones de formaci\u00f3n, y cumplir el est\u00e1ndar correspondiente del modelo \u00f3ptimo de la funci\u00f3n policial, a trav\u00e9s de la participaci\u00f3n de las instituciones p\u00fablicas dedicadas a la profesionalizaci\u00f3n de las y los integrantes de seguridad p\u00fablica.<\/p>\n\n\n\n<p>-0-<\/p>\n\n\n\n<figure class=\"wp-block-image size-large\"><img fetchpriority=\"high\" decoding=\"async\" width=\"1024\" height=\"543\" src=\"https:\/\/contextoanalisisperiodistico.com\/wp-content\/uploads\/2023\/11\/img-20231119-wa00271475543898362312438.jpg\" alt=\"\" class=\"wp-image-21343\" srcset=\"https:\/\/contextoanalisisperiodistico.com\/wp-content\/uploads\/2023\/11\/img-20231119-wa00271475543898362312438.jpg 1024w, https:\/\/contextoanalisisperiodistico.com\/wp-content\/uploads\/2023\/11\/img-20231119-wa00271475543898362312438-300x159.jpg 300w, https:\/\/contextoanalisisperiodistico.com\/wp-content\/uploads\/2023\/11\/img-20231119-wa00271475543898362312438-768x407.jpg 768w\" sizes=\"(max-width: 1024px) 100vw, 1024px\" \/><\/figure>\n","protected":false},"excerpt":{"rendered":"<p>\u25cf El Gobierno de Oaxaca a trav\u00e9s de la SSPC present\u00f3 las acciones de profesionalizaci\u00f3n&#8230;<\/p>\n","protected":false},"author":4,"featured_media":21342,"comment_status":"","ping_status":"open","sticky":false,"template":"","format":"standard","meta":{"footnotes":""},"categories":[10],"tags":[],"jetpack_sharing_enabled":true,"featured_image_urls":{"full":["https:\/\/contextoanalisisperiodistico.com\/wp-content\/uploads\/2023\/11\/IMG-20231119-WA0026.jpg",1024,576,false],"thumbnail":["https:\/\/contextoanalisisperiodistico.com\/wp-content\/uploads\/2023\/11\/IMG-20231119-WA0026-150x150.jpg",150,150,true],"medium":["https:\/\/contextoanalisisperiodistico.com\/wp-content\/uploads\/2023\/11\/IMG-20231119-WA0026-300x169.jpg",300,169,true],"medium_large":["https:\/\/contextoanalisisperiodistico.com\/wp-content\/uploads\/2023\/11\/IMG-20231119-WA0026-768x432.jpg",640,360,true],"large":["https:\/\/contextoanalisisperiodistico.com\/wp-content\/uploads\/2023\/11\/IMG-20231119-WA0026.jpg",640,360,false],"1536x1536":["https:\/\/contextoanalisisperiodistico.com\/wp-content\/uploads\/2023\/11\/IMG-20231119-WA0026.jpg",1024,576,false],"2048x2048":["https:\/\/contextoanalisisperiodistico.com\/wp-content\/uploads\/2023\/11\/IMG-20231119-WA0026.jpg",1024,576,false],"covernews-slider-full":["https:\/\/contextoanalisisperiodistico.com\/wp-content\/uploads\/2023\/11\/IMG-20231119-WA0026.jpg",1024,576,false],"covernews-slider-center":["https:\/\/contextoanalisisperiodistico.com\/wp-content\/uploads\/2023\/11\/IMG-20231119-WA0026-800x500.jpg",800,500,true],"covernews-featured":["https:\/\/contextoanalisisperiodistico.com\/wp-content\/uploads\/2023\/11\/IMG-20231119-WA0026.jpg",1024,576,false],"covernews-medium":["https:\/\/contextoanalisisperiodistico.com\/wp-content\/uploads\/2023\/11\/IMG-20231119-WA0026-540x340.jpg",540,340,true],"covernews-medium-square":["https:\/\/contextoanalisisperiodistico.com\/wp-content\/uploads\/2023\/11\/IMG-20231119-WA0026-400x250.jpg",400,250,true]},"author_info":{"display_name":"Mario Gir\u00f3n","author_link":"https:\/\/contextoanalisisperiodistico.com\/index.php\/author\/director\/"},"category_info":"<a href=\"https:\/\/contextoanalisisperiodistico.com\/index.php\/category\/seguridad\/\" rel=\"category tag\">Seguridad<\/a>","tag_info":"Seguridad","comment_count":"0","jetpack_featured_media_url":"https:\/\/contextoanalisisperiodistico.com\/wp-content\/uploads\/2023\/11\/IMG-20231119-WA0026.jpg","_links":{"self":[{"href":"https:\/\/contextoanalisisperiodistico.com\/index.php\/wp-json\/wp\/v2\/posts\/21344"}],"collection":[{"href":"https:\/\/contextoanalisisperiodistico.com\/index.php\/wp-json\/wp\/v2\/posts"}],"about":[{"href":"https:\/\/contextoanalisisperiodistico.com\/index.php\/wp-json\/wp\/v2\/types\/post"}],"author":[{"embeddable":true,"href":"https:\/\/contextoanalisisperiodistico.com\/index.php\/wp-json\/wp\/v2\/users\/4"}],"replies":[{"embeddable":true,"href":"https:\/\/contextoanalisisperiodistico.com\/index.php\/wp-json\/wp\/v2\/comments?post=21344"}],"version-history":[{"count":0,"href":"https:\/\/contextoanalisisperiodistico.com\/index.php\/wp-json\/wp\/v2\/posts\/21344\/revisions"}],"wp:featuredmedia":[{"embeddable":true,"href":"https:\/\/contextoanalisisperiodistico.com\/index.php\/wp-json\/wp\/v2\/media\/21342"}],"wp:attachment":[{"href":"https:\/\/contextoanalisisperiodistico.com\/index.php\/wp-json\/wp\/v2\/media?parent=21344"}],"wp:term":[{"taxonomy":"category","embeddable":true,"href":"https:\/\/contextoanalisisperiodistico.com\/index.php\/wp-json\/wp\/v2\/categories?post=21344"},{"taxonomy":"post_tag","embeddable":true,"href":"https:\/\/contextoanalisisperiodistico.com\/index.php\/wp-json\/wp\/v2\/tags?post=21344"}],"curies":[{"name":"wp","href":"https:\/\/api.w.org\/{rel}","templated":true}]}}