{"id":21327,"date":"2023-11-19T08:24:44","date_gmt":"2023-11-19T14:24:44","guid":{"rendered":"https:\/\/contextoanalisisperiodistico.com\/index.php\/2023\/11\/19\/martinez-neri-inaugura-en-pueblo-nuevo-nuevo-espacio-para-salud-y-deporte\/"},"modified":"2023-11-19T08:24:44","modified_gmt":"2023-11-19T14:24:44","slug":"martinez-neri-inaugura-en-pueblo-nuevo-nuevo-espacio-para-salud-y-deporte","status":"publish","type":"post","link":"https:\/\/contextoanalisisperiodistico.com\/index.php\/2023\/11\/19\/martinez-neri-inaugura-en-pueblo-nuevo-nuevo-espacio-para-salud-y-deporte\/","title":{"rendered":"Mart\u00ednez Neri, inaugura en Pueblo Nuevo nuevo espacio para salud y deporte"},"content":{"rendered":"<div id=\"fb-root\"><\/div>\n\n<p>Oaxaca de Ju\u00e1rez, Oax., a 18 de noviembre de 2023.- Con gran alegr\u00eda, vecinas y vecinos de la Agencia Municipal de Pueblo Nuevo acompa\u00f1aron al presidente municipal, Francisco Mart\u00ednez Neri, en la inauguraci\u00f3n de una cancha de b\u00e1squetbol en el \u00e1rea deportiva de la Colonia La Joya. Este proyecto, respaldado por el programa Banco de Materiales, marca un hito en el fomento del deporte y la recreaci\u00f3n para la juventud de la comunidad.<\/p>\n\n\n\n<p>Esta nueva \u00e1rea tambi\u00e9n alberga el Centro de Iniciaci\u00f3n y Ense\u00f1anza Deportiva de b\u00e1squetbol, as\u00ed como sesiones de zumba dirigidas por un entrenador municipal para el disfrute de las vecinas y vecinos.<\/p>\n\n\n\n<p>El programa, desarrollado en estrecha colaboraci\u00f3n con el Instituto Municipal del Deporte, se materializ\u00f3 con \u00e9xito, revitalizando una zona que antes se encontraba desaprovechada. Esta cancha, ahora renovada con pavimentaci\u00f3n de concreto hidr\u00e1ulico, iluminaci\u00f3n adecuada y \u00e1reas de recreaci\u00f3n, se ha convertido en un activo vital para el bienestar f\u00edsico y social de la colonia La Joya.<\/p>\n\n\n\n<p>El compromiso del gobierno, encabezado por el presidente Francisco Mart\u00ednez Neri, con el deporte, la salud y el desarrollo integral de la juventud, ha sido fundamental. Esta nueva cancha no solo representa un espacio f\u00edsico renovado, sino tambi\u00e9n una plataforma que busca fomentar la convivencia, la actividad f\u00edsica y la formaci\u00f3n de la juventud en un entorno sano y propicio para su crecimiento.<\/p>\n\n\n\n<p>La inauguraci\u00f3n de esta cancha deportiva es un testimonio del esfuerzo conjunto entre autoridades y vecinos en pro del bienestar y la promoci\u00f3n del deporte entre la juventud oaxaque\u00f1a.<\/p>\n\n\n\n<figure class=\"wp-block-image size-large\"><img fetchpriority=\"high\" decoding=\"async\" width=\"1024\" height=\"684\" src=\"https:\/\/contextoanalisisperiodistico.com\/wp-content\/uploads\/2023\/11\/img-20231119-wa00054875247190212872713-1024x684.jpg\" alt=\"\" class=\"wp-image-21323\" srcset=\"https:\/\/contextoanalisisperiodistico.com\/wp-content\/uploads\/2023\/11\/img-20231119-wa00054875247190212872713-1024x684.jpg 1024w, https:\/\/contextoanalisisperiodistico.com\/wp-content\/uploads\/2023\/11\/img-20231119-wa00054875247190212872713-300x200.jpg 300w, https:\/\/contextoanalisisperiodistico.com\/wp-content\/uploads\/2023\/11\/img-20231119-wa00054875247190212872713-768x513.jpg 768w, https:\/\/contextoanalisisperiodistico.com\/wp-content\/uploads\/2023\/11\/img-20231119-wa00054875247190212872713-1536x1026.jpg 1536w, https:\/\/contextoanalisisperiodistico.com\/wp-content\/uploads\/2023\/11\/img-20231119-wa00054875247190212872713.jpg 1600w\" sizes=\"(max-width: 1024px) 100vw, 1024px\" \/><\/figure>\n\n\n\n<figure class=\"wp-block-image\"><img decoding=\"async\" width=\"1024\" height=\"684\" src=\"https:\/\/contextoanalisisperiodistico.com\/wp-content\/uploads\/2023\/11\/img-20231119-wa00094997503459381585933-1024x684.jpg\" alt=\"\" class=\"wp-image-21325\" srcset=\"https:\/\/contextoanalisisperiodistico.com\/wp-content\/uploads\/2023\/11\/img-20231119-wa00094997503459381585933-1024x684.jpg 1024w, https:\/\/contextoanalisisperiodistico.com\/wp-content\/uploads\/2023\/11\/img-20231119-wa00094997503459381585933-300x200.jpg 300w, https:\/\/contextoanalisisperiodistico.com\/wp-content\/uploads\/2023\/11\/img-20231119-wa00094997503459381585933-768x513.jpg 768w, https:\/\/contextoanalisisperiodistico.com\/wp-content\/uploads\/2023\/11\/img-20231119-wa00094997503459381585933-1536x1026.jpg 1536w, https:\/\/contextoanalisisperiodistico.com\/wp-content\/uploads\/2023\/11\/img-20231119-wa00094997503459381585933.jpg 1600w\" sizes=\"(max-width: 1024px) 100vw, 1024px\" \/><\/figure>\n\n\n\n<figure class=\"wp-block-image\"><img decoding=\"async\" width=\"1024\" height=\"684\" src=\"https:\/\/contextoanalisisperiodistico.com\/wp-content\/uploads\/2023\/11\/img-20231119-wa00102617954320628851142-1024x684.jpg\" alt=\"\" class=\"wp-image-21324\" srcset=\"https:\/\/contextoanalisisperiodistico.com\/wp-content\/uploads\/2023\/11\/img-20231119-wa00102617954320628851142-1024x684.jpg 1024w, https:\/\/contextoanalisisperiodistico.com\/wp-content\/uploads\/2023\/11\/img-20231119-wa00102617954320628851142-300x200.jpg 300w, https:\/\/contextoanalisisperiodistico.com\/wp-content\/uploads\/2023\/11\/img-20231119-wa00102617954320628851142-768x513.jpg 768w, https:\/\/contextoanalisisperiodistico.com\/wp-content\/uploads\/2023\/11\/img-20231119-wa00102617954320628851142-1536x1026.jpg 1536w, https:\/\/contextoanalisisperiodistico.com\/wp-content\/uploads\/2023\/11\/img-20231119-wa00102617954320628851142.jpg 1600w\" sizes=\"(max-width: 1024px) 100vw, 1024px\" \/><\/figure>\n\n\n\n<figure class=\"wp-block-image\"><img loading=\"lazy\" decoding=\"async\" width=\"1024\" height=\"684\" src=\"https:\/\/contextoanalisisperiodistico.com\/wp-content\/uploads\/2023\/11\/img-20231119-wa00085139314551498160300-1024x684.jpg\" alt=\"\" class=\"wp-image-21326\" srcset=\"https:\/\/contextoanalisisperiodistico.com\/wp-content\/uploads\/2023\/11\/img-20231119-wa00085139314551498160300-1024x684.jpg 1024w, https:\/\/contextoanalisisperiodistico.com\/wp-content\/uploads\/2023\/11\/img-20231119-wa00085139314551498160300-300x200.jpg 300w, https:\/\/contextoanalisisperiodistico.com\/wp-content\/uploads\/2023\/11\/img-20231119-wa00085139314551498160300-768x513.jpg 768w, https:\/\/contextoanalisisperiodistico.com\/wp-content\/uploads\/2023\/11\/img-20231119-wa00085139314551498160300-1536x1026.jpg 1536w, https:\/\/contextoanalisisperiodistico.com\/wp-content\/uploads\/2023\/11\/img-20231119-wa00085139314551498160300.jpg 1600w\" sizes=\"(max-width: 1024px) 100vw, 1024px\" \/><\/figure>\n","protected":false},"excerpt":{"rendered":"<p>Oaxaca de Ju\u00e1rez, Oax., a 18 de noviembre de 2023.- Con gran alegr\u00eda, vecinas y&#8230;<\/p>\n","protected":false},"author":4,"featured_media":21322,"comment_status":"","ping_status":"open","sticky":false,"template":"","format":"standard","meta":{"footnotes":""},"categories":[9],"tags":[],"jetpack_sharing_enabled":true,"featured_image_urls":{"full":["https:\/\/contextoanalisisperiodistico.com\/wp-content\/uploads\/2023\/11\/IMG-20231119-WA0007.jpg",1600,1069,false],"thumbnail":["https:\/\/contextoanalisisperiodistico.com\/wp-content\/uploads\/2023\/11\/IMG-20231119-WA0007-150x150.jpg",150,150,true],"medium":["https:\/\/contextoanalisisperiodistico.com\/wp-content\/uploads\/2023\/11\/IMG-20231119-WA0007-300x200.jpg",300,200,true],"medium_large":["https:\/\/contextoanalisisperiodistico.com\/wp-content\/uploads\/2023\/11\/IMG-20231119-WA0007-768x513.jpg",640,428,true],"large":["https:\/\/contextoanalisisperiodistico.com\/wp-content\/uploads\/2023\/11\/IMG-20231119-WA0007-1024x684.jpg",640,428,true],"1536x1536":["https:\/\/contextoanalisisperiodistico.com\/wp-content\/uploads\/2023\/11\/IMG-20231119-WA0007-1536x1026.jpg",1536,1026,true],"2048x2048":["https:\/\/contextoanalisisperiodistico.com\/wp-content\/uploads\/2023\/11\/IMG-20231119-WA0007.jpg",1600,1069,false],"covernews-slider-full":["https:\/\/contextoanalisisperiodistico.com\/wp-content\/uploads\/2023\/11\/IMG-20231119-WA0007-1115x715.jpg",1115,715,true],"covernews-slider-center":["https:\/\/contextoanalisisperiodistico.com\/wp-content\/uploads\/2023\/11\/IMG-20231119-WA0007-800x500.jpg",800,500,true],"covernews-featured":["https:\/\/contextoanalisisperiodistico.com\/wp-content\/uploads\/2023\/11\/IMG-20231119-WA0007-1024x684.jpg",1024,684,true],"covernews-medium":["https:\/\/contextoanalisisperiodistico.com\/wp-content\/uploads\/2023\/11\/IMG-20231119-WA0007-540x340.jpg",540,340,true],"covernews-medium-square":["https:\/\/contextoanalisisperiodistico.com\/wp-content\/uploads\/2023\/11\/IMG-20231119-WA0007-400x250.jpg",400,250,true]},"author_info":{"display_name":"Mario Gir\u00f3n","author_link":"https:\/\/contextoanalisisperiodistico.com\/index.php\/author\/director\/"},"category_info":"<a href=\"https:\/\/contextoanalisisperiodistico.com\/index.php\/category\/politica\/\" rel=\"category tag\">Pol\u00edtica<\/a>","tag_info":"Pol\u00edtica","comment_count":"0","jetpack_featured_media_url":"https:\/\/contextoanalisisperiodistico.com\/wp-content\/uploads\/2023\/11\/IMG-20231119-WA0007.jpg","_links":{"self":[{"href":"https:\/\/contextoanalisisperiodistico.com\/index.php\/wp-json\/wp\/v2\/posts\/21327"}],"collection":[{"href":"https:\/\/contextoanalisisperiodistico.com\/index.php\/wp-json\/wp\/v2\/posts"}],"about":[{"href":"https:\/\/contextoanalisisperiodistico.com\/index.php\/wp-json\/wp\/v2\/types\/post"}],"author":[{"embeddable":true,"href":"https:\/\/contextoanalisisperiodistico.com\/index.php\/wp-json\/wp\/v2\/users\/4"}],"replies":[{"embeddable":true,"href":"https:\/\/contextoanalisisperiodistico.com\/index.php\/wp-json\/wp\/v2\/comments?post=21327"}],"version-history":[{"count":0,"href":"https:\/\/contextoanalisisperiodistico.com\/index.php\/wp-json\/wp\/v2\/posts\/21327\/revisions"}],"wp:featuredmedia":[{"embeddable":true,"href":"https:\/\/contextoanalisisperiodistico.com\/index.php\/wp-json\/wp\/v2\/media\/21322"}],"wp:attachment":[{"href":"https:\/\/contextoanalisisperiodistico.com\/index.php\/wp-json\/wp\/v2\/media?parent=21327"}],"wp:term":[{"taxonomy":"category","embeddable":true,"href":"https:\/\/contextoanalisisperiodistico.com\/index.php\/wp-json\/wp\/v2\/categories?post=21327"},{"taxonomy":"post_tag","embeddable":true,"href":"https:\/\/contextoanalisisperiodistico.com\/index.php\/wp-json\/wp\/v2\/tags?post=21327"}],"curies":[{"name":"wp","href":"https:\/\/api.w.org\/{rel}","templated":true}]}}