{"id":21321,"date":"2023-11-19T08:07:29","date_gmt":"2023-11-19T14:07:29","guid":{"rendered":"https:\/\/contextoanalisisperiodistico.com\/index.php\/2023\/11\/19\/el-partido-accion-nacional-puso-en-marcha-la-coordinacion-de-adultos-en-plenitud\/"},"modified":"2023-11-19T08:07:29","modified_gmt":"2023-11-19T14:07:29","slug":"el-partido-accion-nacional-puso-en-marcha-la-coordinacion-de-adultos-en-plenitud","status":"publish","type":"post","link":"https:\/\/contextoanalisisperiodistico.com\/index.php\/2023\/11\/19\/el-partido-accion-nacional-puso-en-marcha-la-coordinacion-de-adultos-en-plenitud\/","title":{"rendered":"El Partido Acci\u00f3n Nacional puso en marcha la coordinaci\u00f3n de Adultos en Plenitud"},"content":{"rendered":"<div id=\"fb-root\"><\/div>\n\n<p>El Comit\u00e9 Directivo Estatal del PAN puso en marcha la Coordinaci\u00f3n Estatal de Adultos en Plenitud, con el prop\u00f3sito de brindar orientaci\u00f3n y espacio que promueve los derechos de la poblaci\u00f3n de los adultos mayores.<\/p>\n\n\n\n<p>El coordinador estatal de estas acciones, V\u00edctor \u00c1guilar puntualiz\u00f3 que es una poblaci\u00f3n que requiere mejores y m\u00e1s pol\u00edticas p\u00fablicas a favor de este segmento de la poblaci\u00f3n tomando en cuenta que hay en promedio 18 millones de adultos de 60 a\u00f1os y m\u00e1s en el pa\u00eds.<\/p>\n\n\n\n<p>Se\u00f1al\u00f3 que Mexico es el pa\u00eds que ha reducido la edad de vida de su poblaci\u00f3n y despu\u00e9s de la pandemia disminuy\u00f3 a 71 a\u00f1os de vida en promedio.<\/p>\n\n\n\n<p>Dijo que se desarrollar\u00e1n diversas actividades a favor de esta poblaci\u00f3n como clases que coadyuven a su desarrollo emocional y f\u00edsico como nutrici\u00f3n y salud.<\/p>\n\n\n\n<p>En representaci\u00f3n de la dirigente estatal del PAN, Perla Woolrich Fern\u00e1ndez, Luis Zarate Arag\u00f3n resalt\u00f3 la importancia de brindar el respaldo e impulsar acciones a favor de esta poblaci\u00f3n sumando esfuerzos con la sociedad civil.<\/p>\n\n\n\n<p>El secretario nacional de Adultos en Plenitud Carlos Madrazo Lim\u00f3n en un video llamada expres\u00f3 sus felicitaciones por el arranque de estas actividades luego de ratificar su compromiso para respaldar todas estas acciones en Oaxaca.<\/p>\n\n\n\n<p>En el evento se tom\u00f3 protesta a los coordinadores municipales de Oaxaca de Ju\u00e1rez Mar\u00eda Eugenia Manuel Rios y Jonathan Uriel Salvador de Zimatl\u00e1n de \u00c1lvarez.<\/p>\n\n\n\n<figure class=\"wp-block-image size-large\"><img fetchpriority=\"high\" decoding=\"async\" width=\"1024\" height=\"700\" src=\"https:\/\/contextoanalisisperiodistico.com\/wp-content\/uploads\/2023\/11\/img-20231118-wa00783299027237793527492.jpg\" alt=\"\" class=\"wp-image-21320\" srcset=\"https:\/\/contextoanalisisperiodistico.com\/wp-content\/uploads\/2023\/11\/img-20231118-wa00783299027237793527492.jpg 1024w, https:\/\/contextoanalisisperiodistico.com\/wp-content\/uploads\/2023\/11\/img-20231118-wa00783299027237793527492-300x205.jpg 300w, https:\/\/contextoanalisisperiodistico.com\/wp-content\/uploads\/2023\/11\/img-20231118-wa00783299027237793527492-768x525.jpg 768w\" sizes=\"(max-width: 1024px) 100vw, 1024px\" \/><\/figure>\n\n\n\n<figure class=\"wp-block-image\"><img decoding=\"async\" width=\"300\" height=\"200\" src=\"https:\/\/contextoanalisisperiodistico.com\/wp-content\/uploads\/2023\/11\/img-20231118-wa00827973764574450627719-300x200.jpg\" alt=\"\" class=\"wp-image-21318\" srcset=\"https:\/\/contextoanalisisperiodistico.com\/wp-content\/uploads\/2023\/11\/img-20231118-wa00827973764574450627719-300x200.jpg 300w, https:\/\/contextoanalisisperiodistico.com\/wp-content\/uploads\/2023\/11\/img-20231118-wa00827973764574450627719-768x512.jpg 768w, https:\/\/contextoanalisisperiodistico.com\/wp-content\/uploads\/2023\/11\/img-20231118-wa00827973764574450627719.jpg 1024w\" sizes=\"(max-width: 300px) 100vw, 300px\" \/><\/figure>\n\n\n\n<figure class=\"wp-block-image\"><img decoding=\"async\" width=\"300\" height=\"200\" src=\"https:\/\/contextoanalisisperiodistico.com\/wp-content\/uploads\/2023\/11\/img-20231118-wa00819012950430840596060-300x200.jpg\" alt=\"\" class=\"wp-image-21319\" srcset=\"https:\/\/contextoanalisisperiodistico.com\/wp-content\/uploads\/2023\/11\/img-20231118-wa00819012950430840596060-300x200.jpg 300w, https:\/\/contextoanalisisperiodistico.com\/wp-content\/uploads\/2023\/11\/img-20231118-wa00819012950430840596060-768x513.jpg 768w, https:\/\/contextoanalisisperiodistico.com\/wp-content\/uploads\/2023\/11\/img-20231118-wa00819012950430840596060.jpg 1024w\" sizes=\"(max-width: 300px) 100vw, 300px\" \/><\/figure>\n","protected":false},"excerpt":{"rendered":"<p>El Comit\u00e9 Directivo Estatal del PAN puso en marcha la Coordinaci\u00f3n Estatal de Adultos en&#8230;<\/p>\n","protected":false},"author":4,"featured_media":21317,"comment_status":"","ping_status":"open","sticky":false,"template":"","format":"standard","meta":{"footnotes":""},"categories":[9],"tags":[],"jetpack_sharing_enabled":true,"featured_image_urls":{"full":["https:\/\/contextoanalisisperiodistico.com\/wp-content\/uploads\/2023\/11\/IMG-20231118-WA0080.jpg",1024,768,false],"thumbnail":["https:\/\/contextoanalisisperiodistico.com\/wp-content\/uploads\/2023\/11\/IMG-20231118-WA0080-150x150.jpg",150,150,true],"medium":["https:\/\/contextoanalisisperiodistico.com\/wp-content\/uploads\/2023\/11\/IMG-20231118-WA0080-300x225.jpg",300,225,true],"medium_large":["https:\/\/contextoanalisisperiodistico.com\/wp-content\/uploads\/2023\/11\/IMG-20231118-WA0080-768x576.jpg",640,480,true],"large":["https:\/\/contextoanalisisperiodistico.com\/wp-content\/uploads\/2023\/11\/IMG-20231118-WA0080.jpg",640,480,false],"1536x1536":["https:\/\/contextoanalisisperiodistico.com\/wp-content\/uploads\/2023\/11\/IMG-20231118-WA0080.jpg",1024,768,false],"2048x2048":["https:\/\/contextoanalisisperiodistico.com\/wp-content\/uploads\/2023\/11\/IMG-20231118-WA0080.jpg",1024,768,false],"covernews-slider-full":["https:\/\/contextoanalisisperiodistico.com\/wp-content\/uploads\/2023\/11\/IMG-20231118-WA0080-1024x715.jpg",1024,715,true],"covernews-slider-center":["https:\/\/contextoanalisisperiodistico.com\/wp-content\/uploads\/2023\/11\/IMG-20231118-WA0080-800x500.jpg",800,500,true],"covernews-featured":["https:\/\/contextoanalisisperiodistico.com\/wp-content\/uploads\/2023\/11\/IMG-20231118-WA0080.jpg",1024,768,false],"covernews-medium":["https:\/\/contextoanalisisperiodistico.com\/wp-content\/uploads\/2023\/11\/IMG-20231118-WA0080-540x340.jpg",540,340,true],"covernews-medium-square":["https:\/\/contextoanalisisperiodistico.com\/wp-content\/uploads\/2023\/11\/IMG-20231118-WA0080-400x250.jpg",400,250,true]},"author_info":{"display_name":"Mario Gir\u00f3n","author_link":"https:\/\/contextoanalisisperiodistico.com\/index.php\/author\/director\/"},"category_info":"<a href=\"https:\/\/contextoanalisisperiodistico.com\/index.php\/category\/politica\/\" rel=\"category tag\">Pol\u00edtica<\/a>","tag_info":"Pol\u00edtica","comment_count":"0","jetpack_featured_media_url":"https:\/\/contextoanalisisperiodistico.com\/wp-content\/uploads\/2023\/11\/IMG-20231118-WA0080.jpg","_links":{"self":[{"href":"https:\/\/contextoanalisisperiodistico.com\/index.php\/wp-json\/wp\/v2\/posts\/21321"}],"collection":[{"href":"https:\/\/contextoanalisisperiodistico.com\/index.php\/wp-json\/wp\/v2\/posts"}],"about":[{"href":"https:\/\/contextoanalisisperiodistico.com\/index.php\/wp-json\/wp\/v2\/types\/post"}],"author":[{"embeddable":true,"href":"https:\/\/contextoanalisisperiodistico.com\/index.php\/wp-json\/wp\/v2\/users\/4"}],"replies":[{"embeddable":true,"href":"https:\/\/contextoanalisisperiodistico.com\/index.php\/wp-json\/wp\/v2\/comments?post=21321"}],"version-history":[{"count":0,"href":"https:\/\/contextoanalisisperiodistico.com\/index.php\/wp-json\/wp\/v2\/posts\/21321\/revisions"}],"wp:featuredmedia":[{"embeddable":true,"href":"https:\/\/contextoanalisisperiodistico.com\/index.php\/wp-json\/wp\/v2\/media\/21317"}],"wp:attachment":[{"href":"https:\/\/contextoanalisisperiodistico.com\/index.php\/wp-json\/wp\/v2\/media?parent=21321"}],"wp:term":[{"taxonomy":"category","embeddable":true,"href":"https:\/\/contextoanalisisperiodistico.com\/index.php\/wp-json\/wp\/v2\/categories?post=21321"},{"taxonomy":"post_tag","embeddable":true,"href":"https:\/\/contextoanalisisperiodistico.com\/index.php\/wp-json\/wp\/v2\/tags?post=21321"}],"curies":[{"name":"wp","href":"https:\/\/api.w.org\/{rel}","templated":true}]}}