{"id":21260,"date":"2023-11-17T15:46:53","date_gmt":"2023-11-17T21:46:53","guid":{"rendered":"https:\/\/contextoanalisisperiodistico.com\/index.php\/2023\/11\/17\/obligacion-de-chamarra-invernal-negocio-de-maestros-en-secundaria-moises-saenz\/"},"modified":"2023-11-17T15:48:18","modified_gmt":"2023-11-17T21:48:18","slug":"obligacion-de-chamarra-invernal-negocio-de-maestros-en-secundaria-moises-saenz","status":"publish","type":"post","link":"https:\/\/contextoanalisisperiodistico.com\/index.php\/2023\/11\/17\/obligacion-de-chamarra-invernal-negocio-de-maestros-en-secundaria-moises-saenz\/","title":{"rendered":"Obligaci\u00f3n de chamarra invernal, negocio de maestros en secundaria \u00abMois\u00e9s S\u00e1enz\u00bb"},"content":{"rendered":"<div id=\"fb-root\"><\/div>\n\n<p>As\u00ed describen denuncia padres de familia ue sienten afectaci\u00f3n a una d\u00e9bil econom\u00eda familiar:<\/p>\n\n\n\n<p>\u00abAunque haga mucho fr\u00edo, no van a dejar entrar a los j\u00f3venes si no es con la chamarra que pide el Director, junto con la empresa Keyri \u00bfes negocio? <\/p>\n\n\n\n<p>Una desicion qu\u00e9 se tom\u00f3 sin consultarlo con los padres de familia y tampoco pensaron en que pueden da\u00f1ar la econom\u00eda de muchas familias que no tienen para comprar una prenda de $400 que, quiz\u00e1s, el a\u00f1o que viene ya ni le quedar\u00e1 a los ni\u00f1os. <\/p>\n\n\n\n<p>Con este nuevo Director vamos de mal en peor, afirman paterfamilias inconformes con la pol\u00edtica de imposici\u00f3n de, a fuerza, la chamarra invernal, de 400 pesos en tienda Keyri.<\/p>\n\n\n\n<figure class=\"wp-block-image size-large\"><img fetchpriority=\"high\" decoding=\"async\" width=\"766\" height=\"1024\" src=\"https:\/\/contextoanalisisperiodistico.com\/wp-content\/uploads\/2023\/11\/img-20231117-wa00516462625428968332366-766x1024.jpg\" alt=\"\" class=\"wp-image-21259\" srcset=\"https:\/\/contextoanalisisperiodistico.com\/wp-content\/uploads\/2023\/11\/img-20231117-wa00516462625428968332366-766x1024.jpg 766w, https:\/\/contextoanalisisperiodistico.com\/wp-content\/uploads\/2023\/11\/img-20231117-wa00516462625428968332366-224x300.jpg 224w, https:\/\/contextoanalisisperiodistico.com\/wp-content\/uploads\/2023\/11\/img-20231117-wa00516462625428968332366-768x1027.jpg 768w, https:\/\/contextoanalisisperiodistico.com\/wp-content\/uploads\/2023\/11\/img-20231117-wa00516462625428968332366-1149x1536.jpg 1149w, https:\/\/contextoanalisisperiodistico.com\/wp-content\/uploads\/2023\/11\/img-20231117-wa00516462625428968332366-1024x1369.jpg 1024w, https:\/\/contextoanalisisperiodistico.com\/wp-content\/uploads\/2023\/11\/img-20231117-wa00516462625428968332366.jpg 1197w\" sizes=\"(max-width: 766px) 100vw, 766px\" \/><\/figure>\n\n\n\n<figure class=\"wp-block-image\"><img decoding=\"async\" width=\"678\" height=\"1024\" src=\"https:\/\/contextoanalisisperiodistico.com\/wp-content\/uploads\/2023\/11\/img-20231117-wa00499217032237261470330-678x1024.jpg\" alt=\"\" class=\"wp-image-21256\" srcset=\"https:\/\/contextoanalisisperiodistico.com\/wp-content\/uploads\/2023\/11\/img-20231117-wa00499217032237261470330-678x1024.jpg 678w, https:\/\/contextoanalisisperiodistico.com\/wp-content\/uploads\/2023\/11\/img-20231117-wa00499217032237261470330-199x300.jpg 199w, https:\/\/contextoanalisisperiodistico.com\/wp-content\/uploads\/2023\/11\/img-20231117-wa00499217032237261470330-768x1159.jpg 768w, https:\/\/contextoanalisisperiodistico.com\/wp-content\/uploads\/2023\/11\/img-20231117-wa00499217032237261470330-1017x1536.jpg 1017w, https:\/\/contextoanalisisperiodistico.com\/wp-content\/uploads\/2023\/11\/img-20231117-wa00499217032237261470330-1024x1546.jpg 1024w, https:\/\/contextoanalisisperiodistico.com\/wp-content\/uploads\/2023\/11\/img-20231117-wa00499217032237261470330.jpg 1040w\" sizes=\"(max-width: 678px) 100vw, 678px\" \/><\/figure>\n\n\n\n<figure class=\"wp-block-image\"><img decoding=\"async\" width=\"768\" height=\"1024\" src=\"https:\/\/contextoanalisisperiodistico.com\/wp-content\/uploads\/2023\/11\/img-20231117-wa00483097478530348187642-768x1024.jpg\" alt=\"\" class=\"wp-image-21257\" srcset=\"https:\/\/contextoanalisisperiodistico.com\/wp-content\/uploads\/2023\/11\/img-20231117-wa00483097478530348187642-768x1023.jpg 768w, https:\/\/contextoanalisisperiodistico.com\/wp-content\/uploads\/2023\/11\/img-20231117-wa00483097478530348187642-225x300.jpg 225w, https:\/\/contextoanalisisperiodistico.com\/wp-content\/uploads\/2023\/11\/img-20231117-wa00483097478530348187642-1153x1536.jpg 1153w, https:\/\/contextoanalisisperiodistico.com\/wp-content\/uploads\/2023\/11\/img-20231117-wa00483097478530348187642-1024x1364.jpg 1024w, https:\/\/contextoanalisisperiodistico.com\/wp-content\/uploads\/2023\/11\/img-20231117-wa00483097478530348187642.jpg 1200w\" sizes=\"(max-width: 768px) 100vw, 768px\" \/><\/figure>\n\n\n\n<figure class=\"wp-block-image\"><img loading=\"lazy\" decoding=\"async\" width=\"766\" height=\"1024\" src=\"https:\/\/contextoanalisisperiodistico.com\/wp-content\/uploads\/2023\/11\/img-20231117-wa0046118443023924353422-766x1024.jpg\" alt=\"\" class=\"wp-image-21258\" srcset=\"https:\/\/contextoanalisisperiodistico.com\/wp-content\/uploads\/2023\/11\/img-20231117-wa0046118443023924353422-766x1024.jpg 766w, https:\/\/contextoanalisisperiodistico.com\/wp-content\/uploads\/2023\/11\/img-20231117-wa0046118443023924353422-224x300.jpg 224w, https:\/\/contextoanalisisperiodistico.com\/wp-content\/uploads\/2023\/11\/img-20231117-wa0046118443023924353422-768x1027.jpg 768w, https:\/\/contextoanalisisperiodistico.com\/wp-content\/uploads\/2023\/11\/img-20231117-wa0046118443023924353422-1149x1536.jpg 1149w, https:\/\/contextoanalisisperiodistico.com\/wp-content\/uploads\/2023\/11\/img-20231117-wa0046118443023924353422-1024x1369.jpg 1024w, https:\/\/contextoanalisisperiodistico.com\/wp-content\/uploads\/2023\/11\/img-20231117-wa0046118443023924353422.jpg 1197w\" sizes=\"(max-width: 766px) 100vw, 766px\" \/><\/figure>\n","protected":false},"excerpt":{"rendered":"<p>As\u00ed describen denuncia padres de familia ue sienten afectaci\u00f3n a una d\u00e9bil econom\u00eda familiar: \u00abAunque&#8230;<\/p>\n","protected":false},"author":4,"featured_media":21255,"comment_status":"closed","ping_status":"open","sticky":false,"template":"","format":"standard","meta":{"footnotes":""},"categories":[9],"tags":[],"jetpack_sharing_enabled":true,"featured_image_urls":{"full":["https:\/\/contextoanalisisperiodistico.com\/wp-content\/uploads\/2023\/11\/IMG-20231117-WA0050.jpg",1200,1599,false],"thumbnail":["https:\/\/contextoanalisisperiodistico.com\/wp-content\/uploads\/2023\/11\/IMG-20231117-WA0050-150x150.jpg",150,150,true],"medium":["https:\/\/contextoanalisisperiodistico.com\/wp-content\/uploads\/2023\/11\/IMG-20231117-WA0050-225x300.jpg",225,300,true],"medium_large":["https:\/\/contextoanalisisperiodistico.com\/wp-content\/uploads\/2023\/11\/IMG-20231117-WA0050-768x1023.jpg",640,853,true],"large":["https:\/\/contextoanalisisperiodistico.com\/wp-content\/uploads\/2023\/11\/IMG-20231117-WA0050-768x1024.jpg",640,853,true],"1536x1536":["https:\/\/contextoanalisisperiodistico.com\/wp-content\/uploads\/2023\/11\/IMG-20231117-WA0050-1153x1536.jpg",1153,1536,true],"2048x2048":["https:\/\/contextoanalisisperiodistico.com\/wp-content\/uploads\/2023\/11\/IMG-20231117-WA0050.jpg",1200,1599,false],"covernews-slider-full":["https:\/\/contextoanalisisperiodistico.com\/wp-content\/uploads\/2023\/11\/IMG-20231117-WA0050-1115x715.jpg",1115,715,true],"covernews-slider-center":["https:\/\/contextoanalisisperiodistico.com\/wp-content\/uploads\/2023\/11\/IMG-20231117-WA0050-800x500.jpg",800,500,true],"covernews-featured":["https:\/\/contextoanalisisperiodistico.com\/wp-content\/uploads\/2023\/11\/IMG-20231117-WA0050-1024x1364.jpg",1024,1364,true],"covernews-medium":["https:\/\/contextoanalisisperiodistico.com\/wp-content\/uploads\/2023\/11\/IMG-20231117-WA0050-540x340.jpg",540,340,true],"covernews-medium-square":["https:\/\/contextoanalisisperiodistico.com\/wp-content\/uploads\/2023\/11\/IMG-20231117-WA0050-400x250.jpg",400,250,true]},"author_info":{"display_name":"Mario Gir\u00f3n","author_link":"https:\/\/contextoanalisisperiodistico.com\/index.php\/author\/director\/"},"category_info":"<a href=\"https:\/\/contextoanalisisperiodistico.com\/index.php\/category\/politica\/\" rel=\"category tag\">Pol\u00edtica<\/a>","tag_info":"Pol\u00edtica","comment_count":"0","jetpack_featured_media_url":"https:\/\/contextoanalisisperiodistico.com\/wp-content\/uploads\/2023\/11\/IMG-20231117-WA0050.jpg","_links":{"self":[{"href":"https:\/\/contextoanalisisperiodistico.com\/index.php\/wp-json\/wp\/v2\/posts\/21260"}],"collection":[{"href":"https:\/\/contextoanalisisperiodistico.com\/index.php\/wp-json\/wp\/v2\/posts"}],"about":[{"href":"https:\/\/contextoanalisisperiodistico.com\/index.php\/wp-json\/wp\/v2\/types\/post"}],"author":[{"embeddable":true,"href":"https:\/\/contextoanalisisperiodistico.com\/index.php\/wp-json\/wp\/v2\/users\/4"}],"replies":[{"embeddable":true,"href":"https:\/\/contextoanalisisperiodistico.com\/index.php\/wp-json\/wp\/v2\/comments?post=21260"}],"version-history":[{"count":1,"href":"https:\/\/contextoanalisisperiodistico.com\/index.php\/wp-json\/wp\/v2\/posts\/21260\/revisions"}],"predecessor-version":[{"id":21261,"href":"https:\/\/contextoanalisisperiodistico.com\/index.php\/wp-json\/wp\/v2\/posts\/21260\/revisions\/21261"}],"wp:featuredmedia":[{"embeddable":true,"href":"https:\/\/contextoanalisisperiodistico.com\/index.php\/wp-json\/wp\/v2\/media\/21255"}],"wp:attachment":[{"href":"https:\/\/contextoanalisisperiodistico.com\/index.php\/wp-json\/wp\/v2\/media?parent=21260"}],"wp:term":[{"taxonomy":"category","embeddable":true,"href":"https:\/\/contextoanalisisperiodistico.com\/index.php\/wp-json\/wp\/v2\/categories?post=21260"},{"taxonomy":"post_tag","embeddable":true,"href":"https:\/\/contextoanalisisperiodistico.com\/index.php\/wp-json\/wp\/v2\/tags?post=21260"}],"curies":[{"name":"wp","href":"https:\/\/api.w.org\/{rel}","templated":true}]}}