{"id":21244,"date":"2023-11-16T18:35:20","date_gmt":"2023-11-17T00:35:20","guid":{"rendered":"https:\/\/contextoanalisisperiodistico.com\/index.php\/2023\/11\/16\/municipio-capitalino-presenta-cartelera-de-16-dias-de-activismo-contra-la-violencia-de-genero\/"},"modified":"2023-11-16T18:37:54","modified_gmt":"2023-11-17T00:37:54","slug":"municipio-capitalino-presenta-cartelera-de-16-dias-de-activismo-contra-la-violencia-de-genero","status":"publish","type":"post","link":"https:\/\/contextoanalisisperiodistico.com\/index.php\/2023\/11\/16\/municipio-capitalino-presenta-cartelera-de-16-dias-de-activismo-contra-la-violencia-de-genero\/","title":{"rendered":"Municipio capitalino presenta cartelera de activismo contra violencia de g\u00e9nero"},"content":{"rendered":"<div id=\"fb-root\"><\/div>\n\n<p>*Iniciar\u00e1n el 24 de noviembre y culminar\u00e1n el 10 de diciembre.<\/p>\n\n\n\n<figure class=\"wp-block-image size-large\"><img fetchpriority=\"high\" decoding=\"async\" width=\"1024\" height=\"1024\" src=\"https:\/\/contextoanalisisperiodistico.com\/wp-content\/uploads\/2023\/11\/img-20231116-wa00701925636562975615515-1024x1024.jpg\" alt=\"\" class=\"wp-image-21240\" srcset=\"https:\/\/contextoanalisisperiodistico.com\/wp-content\/uploads\/2023\/11\/img-20231116-wa00701925636562975615515-1024x1024.jpg 1024w, https:\/\/contextoanalisisperiodistico.com\/wp-content\/uploads\/2023\/11\/img-20231116-wa00701925636562975615515-300x300.jpg 300w, https:\/\/contextoanalisisperiodistico.com\/wp-content\/uploads\/2023\/11\/img-20231116-wa00701925636562975615515-150x150.jpg 150w, https:\/\/contextoanalisisperiodistico.com\/wp-content\/uploads\/2023\/11\/img-20231116-wa00701925636562975615515-768x768.jpg 768w, https:\/\/contextoanalisisperiodistico.com\/wp-content\/uploads\/2023\/11\/img-20231116-wa00701925636562975615515-1536x1536.jpg 1536w, https:\/\/contextoanalisisperiodistico.com\/wp-content\/uploads\/2023\/11\/img-20231116-wa00701925636562975615515-2048x2048.jpg 2048w\" sizes=\"(max-width: 1024px) 100vw, 1024px\" \/><\/figure>\n\n\n\n<figure class=\"wp-block-image\"><img decoding=\"async\" width=\"1024\" height=\"1024\" src=\"https:\/\/contextoanalisisperiodistico.com\/wp-content\/uploads\/2023\/11\/img-20231116-wa00692617730793764211772-1024x1024.jpg\" alt=\"\" class=\"wp-image-21242\" srcset=\"https:\/\/contextoanalisisperiodistico.com\/wp-content\/uploads\/2023\/11\/img-20231116-wa00692617730793764211772-1024x1024.jpg 1024w, https:\/\/contextoanalisisperiodistico.com\/wp-content\/uploads\/2023\/11\/img-20231116-wa00692617730793764211772-300x300.jpg 300w, https:\/\/contextoanalisisperiodistico.com\/wp-content\/uploads\/2023\/11\/img-20231116-wa00692617730793764211772-150x150.jpg 150w, https:\/\/contextoanalisisperiodistico.com\/wp-content\/uploads\/2023\/11\/img-20231116-wa00692617730793764211772-768x768.jpg 768w, https:\/\/contextoanalisisperiodistico.com\/wp-content\/uploads\/2023\/11\/img-20231116-wa00692617730793764211772-1536x1536.jpg 1536w, https:\/\/contextoanalisisperiodistico.com\/wp-content\/uploads\/2023\/11\/img-20231116-wa00692617730793764211772-2048x2048.jpg 2048w\" sizes=\"(max-width: 1024px) 100vw, 1024px\" \/><\/figure>\n\n\n\n<figure class=\"wp-block-image\"><img decoding=\"async\" width=\"1024\" height=\"1024\" src=\"https:\/\/contextoanalisisperiodistico.com\/wp-content\/uploads\/2023\/11\/img-20231116-wa0067223912349390587540-1024x1024.jpg\" alt=\"\" class=\"wp-image-21241\" srcset=\"https:\/\/contextoanalisisperiodistico.com\/wp-content\/uploads\/2023\/11\/img-20231116-wa0067223912349390587540-1024x1024.jpg 1024w, https:\/\/contextoanalisisperiodistico.com\/wp-content\/uploads\/2023\/11\/img-20231116-wa0067223912349390587540-300x300.jpg 300w, https:\/\/contextoanalisisperiodistico.com\/wp-content\/uploads\/2023\/11\/img-20231116-wa0067223912349390587540-150x150.jpg 150w, https:\/\/contextoanalisisperiodistico.com\/wp-content\/uploads\/2023\/11\/img-20231116-wa0067223912349390587540-768x768.jpg 768w, https:\/\/contextoanalisisperiodistico.com\/wp-content\/uploads\/2023\/11\/img-20231116-wa0067223912349390587540-1536x1536.jpg 1536w, https:\/\/contextoanalisisperiodistico.com\/wp-content\/uploads\/2023\/11\/img-20231116-wa0067223912349390587540-2048x2048.jpg 2048w\" sizes=\"(max-width: 1024px) 100vw, 1024px\" \/><\/figure>\n\n\n\n<figure class=\"wp-block-image\"><img loading=\"lazy\" decoding=\"async\" width=\"1024\" height=\"682\" src=\"https:\/\/contextoanalisisperiodistico.com\/wp-content\/uploads\/2023\/11\/img-20231116-wa0064454605791542532375-1024x682.jpg\" alt=\"\" class=\"wp-image-21238\" srcset=\"https:\/\/contextoanalisisperiodistico.com\/wp-content\/uploads\/2023\/11\/img-20231116-wa0064454605791542532375-1024x682.jpg 1024w, https:\/\/contextoanalisisperiodistico.com\/wp-content\/uploads\/2023\/11\/img-20231116-wa0064454605791542532375-300x200.jpg 300w, https:\/\/contextoanalisisperiodistico.com\/wp-content\/uploads\/2023\/11\/img-20231116-wa0064454605791542532375-768x512.jpg 768w, https:\/\/contextoanalisisperiodistico.com\/wp-content\/uploads\/2023\/11\/img-20231116-wa0064454605791542532375-1536x1023.jpg 1536w, https:\/\/contextoanalisisperiodistico.com\/wp-content\/uploads\/2023\/11\/img-20231116-wa0064454605791542532375.jpg 1600w\" sizes=\"(max-width: 1024px) 100vw, 1024px\" \/><\/figure>\n\n\n\n<figure class=\"wp-block-image\"><img loading=\"lazy\" decoding=\"async\" width=\"1024\" height=\"682\" src=\"https:\/\/contextoanalisisperiodistico.com\/wp-content\/uploads\/2023\/11\/img-20231116-wa00663887643905925533549-1024x682.jpg\" alt=\"\" class=\"wp-image-21239\" srcset=\"https:\/\/contextoanalisisperiodistico.com\/wp-content\/uploads\/2023\/11\/img-20231116-wa00663887643905925533549-1024x682.jpg 1024w, https:\/\/contextoanalisisperiodistico.com\/wp-content\/uploads\/2023\/11\/img-20231116-wa00663887643905925533549-300x200.jpg 300w, https:\/\/contextoanalisisperiodistico.com\/wp-content\/uploads\/2023\/11\/img-20231116-wa00663887643905925533549-768x512.jpg 768w, https:\/\/contextoanalisisperiodistico.com\/wp-content\/uploads\/2023\/11\/img-20231116-wa00663887643905925533549-1536x1023.jpg 1536w, https:\/\/contextoanalisisperiodistico.com\/wp-content\/uploads\/2023\/11\/img-20231116-wa00663887643905925533549.jpg 1600w\" sizes=\"(max-width: 1024px) 100vw, 1024px\" \/><\/figure>\n\n\n\n<figure class=\"wp-block-image\"><img loading=\"lazy\" decoding=\"async\" width=\"1024\" height=\"683\" src=\"https:\/\/contextoanalisisperiodistico.com\/wp-content\/uploads\/2023\/11\/img-20231116-wa0065797271882908037426-1024x683.jpg\" alt=\"\" class=\"wp-image-21243\" srcset=\"https:\/\/contextoanalisisperiodistico.com\/wp-content\/uploads\/2023\/11\/img-20231116-wa0065797271882908037426-1024x683.jpg 1024w, https:\/\/contextoanalisisperiodistico.com\/wp-content\/uploads\/2023\/11\/img-20231116-wa0065797271882908037426-300x200.jpg 300w, https:\/\/contextoanalisisperiodistico.com\/wp-content\/uploads\/2023\/11\/img-20231116-wa0065797271882908037426-768x512.jpg 768w, https:\/\/contextoanalisisperiodistico.com\/wp-content\/uploads\/2023\/11\/img-20231116-wa0065797271882908037426.jpg 1500w\" sizes=\"(max-width: 1024px) 100vw, 1024px\" \/><\/figure>\n\n\n\n<p>Oaxaca de Ju\u00e1rez, Oax., a 16 de noviembre de 2023. Como parte de los mecanismos internacionales para erradicar la violencia de g\u00e9nero contra las mujeres, y en apego a la estrategia establecida por las Naciones Unidas, que contempla 16 d\u00edas de activismo para conmemorar el D\u00eda Internacional de la Eliminaci\u00f3n de la Violencia contra la Mujer 2023, el municipio de Oaxaca de Ju\u00e1rez a trav\u00e9s del Instituto Municipal de la Mujer, present\u00f3 su cartelera de actividades.<\/p>\n\n\n\n<p>Entre las actividades de activismo se incluyen encuentros literarios, funci\u00f3n de cine, exposiciones art\u00edsticas, taller de defensa personal para mujeres, develaci\u00f3n de un mural, actividades para la autonom\u00eda econ\u00f3mica de las mujeres, convivencias deportivas, paneles y pl\u00e1ticas, as\u00ed como un magno concierto.<\/p>\n\n\n\n<p>La titular del IMMUJER de Oaxaca de Ju\u00e1rez, Brenda Elizabeth Dom\u00ednguez Enciso, destac\u00f3 la importancia de visibilizar los diferentes tipos de violencia que enfrentan las mueres d\u00eda con d\u00eda, para poder implementar acciones espec\u00edficas que contribuyan a erradicarla y garantizar as\u00ed su derecho a vivir una vida libre de violencia, por lo que convoc\u00f3 a la ciudadan\u00eda en general a formar parte de este llamado internacional, participando en las diferentes actividades institucionales.<\/p>\n\n\n\n<p>Por otro lado, comparti\u00f3 que, adem\u00e1s de esta cartelera, el instituto realiza diversas acciones orientadas a promover el respeto a los derechos humanos de las mujeres, entre las que destacan procesos de capacitaci\u00f3n a comunidades escolares, a funcionariado p\u00fablico y ciudadan\u00eda en general; cursos para el empleo y el autoempleo de las mujeres; pl\u00e1ticas y conferencias sobre temas estrat\u00e9gicos; asi como atenci\u00f3n psicol\u00f3gica y orientaci\u00f3n jur\u00eddica a mujeres en situaci\u00f3n de violencia de g\u00e9nero.<\/p>\n\n\n\n<p>Este programa refuerza el compromiso del IMMUJER y la administraci\u00f3n que encabeza el presidente municipal, Francisco Mart\u00ednez Neri, de trabajar colectivamente para combatir la violencia de g\u00e9nero y enfocar esfuerzos sociales en las ni\u00f1as, adolescentes y j\u00f3venes, para que se desarrollen en condiciones igualitarias y tengan garantizado el ejercicio pleno de sus derechos humanos.<\/p>\n","protected":false},"excerpt":{"rendered":"<p>*Iniciar\u00e1n el 24 de noviembre y culminar\u00e1n el 10 de diciembre. Oaxaca de Ju\u00e1rez, Oax.,&#8230;<\/p>\n","protected":false},"author":4,"featured_media":21237,"comment_status":"closed","ping_status":"open","sticky":false,"template":"","format":"standard","meta":{"footnotes":""},"categories":[9],"tags":[],"jetpack_sharing_enabled":true,"featured_image_urls":{"full":["https:\/\/contextoanalisisperiodistico.com\/wp-content\/uploads\/2023\/11\/IMG-20231116-WA0068.jpg",2560,2560,false],"thumbnail":["https:\/\/contextoanalisisperiodistico.com\/wp-content\/uploads\/2023\/11\/IMG-20231116-WA0068-150x150.jpg",150,150,true],"medium":["https:\/\/contextoanalisisperiodistico.com\/wp-content\/uploads\/2023\/11\/IMG-20231116-WA0068-300x300.jpg",300,300,true],"medium_large":["https:\/\/contextoanalisisperiodistico.com\/wp-content\/uploads\/2023\/11\/IMG-20231116-WA0068-768x768.jpg",640,640,true],"large":["https:\/\/contextoanalisisperiodistico.com\/wp-content\/uploads\/2023\/11\/IMG-20231116-WA0068-1024x1024.jpg",640,640,true],"1536x1536":["https:\/\/contextoanalisisperiodistico.com\/wp-content\/uploads\/2023\/11\/IMG-20231116-WA0068-1536x1536.jpg",1536,1536,true],"2048x2048":["https:\/\/contextoanalisisperiodistico.com\/wp-content\/uploads\/2023\/11\/IMG-20231116-WA0068-2048x2048.jpg",2048,2048,true],"covernews-slider-full":["https:\/\/contextoanalisisperiodistico.com\/wp-content\/uploads\/2023\/11\/IMG-20231116-WA0068-1115x715.jpg",1115,715,true],"covernews-slider-center":["https:\/\/contextoanalisisperiodistico.com\/wp-content\/uploads\/2023\/11\/IMG-20231116-WA0068-800x500.jpg",800,500,true],"covernews-featured":["https:\/\/contextoanalisisperiodistico.com\/wp-content\/uploads\/2023\/11\/IMG-20231116-WA0068-1024x1024.jpg",1024,1024,true],"covernews-medium":["https:\/\/contextoanalisisperiodistico.com\/wp-content\/uploads\/2023\/11\/IMG-20231116-WA0068-540x340.jpg",540,340,true],"covernews-medium-square":["https:\/\/contextoanalisisperiodistico.com\/wp-content\/uploads\/2023\/11\/IMG-20231116-WA0068-400x250.jpg",400,250,true]},"author_info":{"display_name":"Mario Gir\u00f3n","author_link":"https:\/\/contextoanalisisperiodistico.com\/index.php\/author\/director\/"},"category_info":"<a href=\"https:\/\/contextoanalisisperiodistico.com\/index.php\/category\/politica\/\" rel=\"category tag\">Pol\u00edtica<\/a>","tag_info":"Pol\u00edtica","comment_count":"0","jetpack_featured_media_url":"https:\/\/contextoanalisisperiodistico.com\/wp-content\/uploads\/2023\/11\/IMG-20231116-WA0068.jpg","_links":{"self":[{"href":"https:\/\/contextoanalisisperiodistico.com\/index.php\/wp-json\/wp\/v2\/posts\/21244"}],"collection":[{"href":"https:\/\/contextoanalisisperiodistico.com\/index.php\/wp-json\/wp\/v2\/posts"}],"about":[{"href":"https:\/\/contextoanalisisperiodistico.com\/index.php\/wp-json\/wp\/v2\/types\/post"}],"author":[{"embeddable":true,"href":"https:\/\/contextoanalisisperiodistico.com\/index.php\/wp-json\/wp\/v2\/users\/4"}],"replies":[{"embeddable":true,"href":"https:\/\/contextoanalisisperiodistico.com\/index.php\/wp-json\/wp\/v2\/comments?post=21244"}],"version-history":[{"count":2,"href":"https:\/\/contextoanalisisperiodistico.com\/index.php\/wp-json\/wp\/v2\/posts\/21244\/revisions"}],"predecessor-version":[{"id":21246,"href":"https:\/\/contextoanalisisperiodistico.com\/index.php\/wp-json\/wp\/v2\/posts\/21244\/revisions\/21246"}],"wp:featuredmedia":[{"embeddable":true,"href":"https:\/\/contextoanalisisperiodistico.com\/index.php\/wp-json\/wp\/v2\/media\/21237"}],"wp:attachment":[{"href":"https:\/\/contextoanalisisperiodistico.com\/index.php\/wp-json\/wp\/v2\/media?parent=21244"}],"wp:term":[{"taxonomy":"category","embeddable":true,"href":"https:\/\/contextoanalisisperiodistico.com\/index.php\/wp-json\/wp\/v2\/categories?post=21244"},{"taxonomy":"post_tag","embeddable":true,"href":"https:\/\/contextoanalisisperiodistico.com\/index.php\/wp-json\/wp\/v2\/tags?post=21244"}],"curies":[{"name":"wp","href":"https:\/\/api.w.org\/{rel}","templated":true}]}}