{"id":21222,"date":"2023-11-15T20:33:13","date_gmt":"2023-11-16T02:33:13","guid":{"rendered":"https:\/\/contextoanalisisperiodistico.com\/index.php\/2023\/11\/15\/oaxaca-crece-y-transforma-a-un-ano-de-gobierno-del-ing-salomon-jara-reconoce-nino-morales-toledo\/"},"modified":"2023-11-15T20:33:13","modified_gmt":"2023-11-16T02:33:13","slug":"oaxaca-crece-y-transforma-a-un-ano-de-gobierno-del-ing-salomon-jara-reconoce-nino-morales-toledo","status":"publish","type":"post","link":"https:\/\/contextoanalisisperiodistico.com\/index.php\/2023\/11\/15\/oaxaca-crece-y-transforma-a-un-ano-de-gobierno-del-ing-salomon-jara-reconoce-nino-morales-toledo\/","title":{"rendered":"Oaxaca crece y transforma a un a\u00f1o de gobierno del Ing. Salom\u00f3n Jara, reconoce Nino Morales Toledo"},"content":{"rendered":"<div id=\"fb-root\"><\/div>\n\n<p>Redacci\u00f3n; <\/p>\n\n\n\n<figure class=\"wp-block-image size-large\"><img fetchpriority=\"high\" decoding=\"async\" width=\"1024\" height=\"683\" src=\"https:\/\/contextoanalisisperiodistico.com\/wp-content\/uploads\/2023\/11\/img-20231115-wa00958133608911542992080.jpg\" alt=\"\" class=\"wp-image-21221\" srcset=\"https:\/\/contextoanalisisperiodistico.com\/wp-content\/uploads\/2023\/11\/img-20231115-wa00958133608911542992080.jpg 1024w, https:\/\/contextoanalisisperiodistico.com\/wp-content\/uploads\/2023\/11\/img-20231115-wa00958133608911542992080-300x200.jpg 300w, https:\/\/contextoanalisisperiodistico.com\/wp-content\/uploads\/2023\/11\/img-20231115-wa00958133608911542992080-768x512.jpg 768w\" sizes=\"(max-width: 1024px) 100vw, 1024px\" \/><\/figure>\n\n\n\n<p>Oaxaca de Ju\u00e1rez, Oax.,a 15 de noviembre de 2023.- El Gobernador Salom\u00f3n Jara Cruz, impulsa el desarrollo y bienestar de las ocho regiones del estado, asever\u00f3 Antonino Morales Toledo referente estatal de la 4T, al.apluadir los resultados del primer informe de resultados y destacar que a un a\u00f1o de distancia hay una nueva relaci\u00f3n con los pueblos y comunidades de Oaxaca.<\/p>\n\n\n\n<p>Luego de escuchar atento el primer Informe de Resultados, el joven pol\u00edtico del Istmo, destac\u00f3 que tan solo en este primer a\u00f1o de gobierno, adem\u00e1s de sentarse las bases de un proceso de transformaci\u00f3n para un mejor Oaxaca, tambi\u00e9n hay resultados palpables en los pueblos y comunidades de la entidad, toda vez que el gobierno de la Primavera Oaxaque\u00f1a se enfoca en resolver las causas.<\/p>\n\n\n\n<p>Nino Morales, se\u00f1al\u00f3 que a un a\u00f1o de distancia, y a partir de la Ley de Austeridad, entre otras estrategias como 100 Municipios Territorios Bienestar y Trabajo que Transforma tu Municipio, los pueblos de Oaxaca, fueron escuchados y atendidos de manera directa como nunca antes por el propio mandatario, acompa\u00f1ado del Gabinete Legal y Ampliado,<\/p>\n\n\n\n<p>\u00abLa Primavera Oaxaque\u00f1a florece en todo el estado, hay resultados en todos los \u00e1mbitos, los privilegios quedaron atr\u00e1s, hoy las comunidades de Oaxaca son protagonistas de la transformaci\u00f3n\u00bb, sostuvo, Morales Toledo.<\/p>\n\n\n\n<p>Antonino Morales Toledo, reconoci\u00f3 en el mandatario Salom\u00f3n Jara Cruz un hombre comprometido con Oaxaca, que conoce el estado y que tambi\u00e9n seguir\u00e1 recorriendo la entidad, para conocer de cerca sus necesidades, pero sobre todo para resolverlos y as\u00ed, seguir transformando la historia de la entidad.<\/p>\n","protected":false},"excerpt":{"rendered":"<p>Redacci\u00f3n; Oaxaca de Ju\u00e1rez, Oax.,a 15 de noviembre de 2023.- El Gobernador Salom\u00f3n Jara Cruz,&#8230;<\/p>\n","protected":false},"author":4,"featured_media":21220,"comment_status":"","ping_status":"open","sticky":false,"template":"","format":"standard","meta":{"footnotes":""},"categories":[9],"tags":[],"jetpack_sharing_enabled":true,"featured_image_urls":{"full":["https:\/\/contextoanalisisperiodistico.com\/wp-content\/uploads\/2023\/11\/IMG-20231115-WA0095.jpg",1024,683,false],"thumbnail":["https:\/\/contextoanalisisperiodistico.com\/wp-content\/uploads\/2023\/11\/IMG-20231115-WA0095-150x150.jpg",150,150,true],"medium":["https:\/\/contextoanalisisperiodistico.com\/wp-content\/uploads\/2023\/11\/IMG-20231115-WA0095-300x200.jpg",300,200,true],"medium_large":["https:\/\/contextoanalisisperiodistico.com\/wp-content\/uploads\/2023\/11\/IMG-20231115-WA0095-768x512.jpg",640,427,true],"large":["https:\/\/contextoanalisisperiodistico.com\/wp-content\/uploads\/2023\/11\/IMG-20231115-WA0095.jpg",640,427,false],"1536x1536":["https:\/\/contextoanalisisperiodistico.com\/wp-content\/uploads\/2023\/11\/IMG-20231115-WA0095.jpg",1024,683,false],"2048x2048":["https:\/\/contextoanalisisperiodistico.com\/wp-content\/uploads\/2023\/11\/IMG-20231115-WA0095.jpg",1024,683,false],"covernews-slider-full":["https:\/\/contextoanalisisperiodistico.com\/wp-content\/uploads\/2023\/11\/IMG-20231115-WA0095.jpg",1024,683,false],"covernews-slider-center":["https:\/\/contextoanalisisperiodistico.com\/wp-content\/uploads\/2023\/11\/IMG-20231115-WA0095-800x500.jpg",800,500,true],"covernews-featured":["https:\/\/contextoanalisisperiodistico.com\/wp-content\/uploads\/2023\/11\/IMG-20231115-WA0095.jpg",1024,683,false],"covernews-medium":["https:\/\/contextoanalisisperiodistico.com\/wp-content\/uploads\/2023\/11\/IMG-20231115-WA0095-540x340.jpg",540,340,true],"covernews-medium-square":["https:\/\/contextoanalisisperiodistico.com\/wp-content\/uploads\/2023\/11\/IMG-20231115-WA0095-400x250.jpg",400,250,true]},"author_info":{"display_name":"Mario Gir\u00f3n","author_link":"https:\/\/contextoanalisisperiodistico.com\/index.php\/author\/director\/"},"category_info":"<a href=\"https:\/\/contextoanalisisperiodistico.com\/index.php\/category\/politica\/\" rel=\"category tag\">Pol\u00edtica<\/a>","tag_info":"Pol\u00edtica","comment_count":"0","jetpack_featured_media_url":"https:\/\/contextoanalisisperiodistico.com\/wp-content\/uploads\/2023\/11\/IMG-20231115-WA0095.jpg","_links":{"self":[{"href":"https:\/\/contextoanalisisperiodistico.com\/index.php\/wp-json\/wp\/v2\/posts\/21222"}],"collection":[{"href":"https:\/\/contextoanalisisperiodistico.com\/index.php\/wp-json\/wp\/v2\/posts"}],"about":[{"href":"https:\/\/contextoanalisisperiodistico.com\/index.php\/wp-json\/wp\/v2\/types\/post"}],"author":[{"embeddable":true,"href":"https:\/\/contextoanalisisperiodistico.com\/index.php\/wp-json\/wp\/v2\/users\/4"}],"replies":[{"embeddable":true,"href":"https:\/\/contextoanalisisperiodistico.com\/index.php\/wp-json\/wp\/v2\/comments?post=21222"}],"version-history":[{"count":0,"href":"https:\/\/contextoanalisisperiodistico.com\/index.php\/wp-json\/wp\/v2\/posts\/21222\/revisions"}],"wp:featuredmedia":[{"embeddable":true,"href":"https:\/\/contextoanalisisperiodistico.com\/index.php\/wp-json\/wp\/v2\/media\/21220"}],"wp:attachment":[{"href":"https:\/\/contextoanalisisperiodistico.com\/index.php\/wp-json\/wp\/v2\/media?parent=21222"}],"wp:term":[{"taxonomy":"category","embeddable":true,"href":"https:\/\/contextoanalisisperiodistico.com\/index.php\/wp-json\/wp\/v2\/categories?post=21222"},{"taxonomy":"post_tag","embeddable":true,"href":"https:\/\/contextoanalisisperiodistico.com\/index.php\/wp-json\/wp\/v2\/tags?post=21222"}],"curies":[{"name":"wp","href":"https:\/\/api.w.org\/{rel}","templated":true}]}}