{"id":21200,"date":"2023-11-15T07:48:50","date_gmt":"2023-11-15T13:48:50","guid":{"rendered":"https:\/\/contextoanalisisperiodistico.com\/index.php\/2023\/11\/15\/pleno-del-ogaipo-aprueba-suspension-de-plazos-a-sujetos-obligados\/"},"modified":"2023-11-15T07:48:50","modified_gmt":"2023-11-15T13:48:50","slug":"pleno-del-ogaipo-aprueba-suspension-de-plazos-a-sujetos-obligados","status":"publish","type":"post","link":"https:\/\/contextoanalisisperiodistico.com\/index.php\/2023\/11\/15\/pleno-del-ogaipo-aprueba-suspension-de-plazos-a-sujetos-obligados\/","title":{"rendered":"Pleno del OGAIPO aprueba suspensi\u00f3n de plazos a sujetos obligados"},"content":{"rendered":"<div id=\"fb-root\"><\/div>\n\n<p>Oaxaca de Ju\u00e1rez, Oaxaca, a 14 de noviembre de 2023.- Con fundamento en la Constituci\u00f3n Pol\u00edtica de los Estados Unidos Mexicanos, en la Constituci\u00f3n Pol\u00edtica del Estado Libre y Soberano de Oaxaca, en la Ley de Transparencia, Acceso a la Informaci\u00f3n P\u00fablica y Buen Gobierno del Estado de Oaxaca y del Reglamento Interno del \u00d3rgano Garante de Acceso a la Informaci\u00f3n P\u00fablica, Transparencia, Protecci\u00f3n de Datos Personales y Buen Gobierno del Estado de Oaxaca (OGAIPO), el Pleno del \u00d3rgano Local de Transparencia celebr\u00f3 su D\u00e9cima Novena Sesi\u00f3n Extraordinaria 2023.<\/p>\n\n\n\n<p>&nbsp;<\/p>\n\n\n\n<p>En esta Sesi\u00f3n, el Consejo General del OGAIPO&nbsp;aprob\u00f3 un acuerdo por unanimidad de votos, &nbsp;respecto a la suspensi\u00f3n de plazos legales para la sustanciaci\u00f3n en los procedimientos para la tramitaci\u00f3n de solicitudes de acceso a la informaci\u00f3n y\/o protecci\u00f3n de datos personales, recursos de revisi\u00f3n, quejas y denuncias, as\u00ed como, la publicaci\u00f3n y\/o actualizaci\u00f3n de las obligaciones de transparencia y la solventaci\u00f3n de las mismas para el Sujeto obligado denominado Tribunal Superior de Justicia del Estado. Conforme al informe presentado por el Sujeto obligado, a partir del 6 de noviembre se reanudaron actividades laborales y administrativas siendo procedente, por consiguiente, prosiguieron los plazos correspondientes a partir de esa fecha.<\/p>\n\n\n\n<p>&nbsp;<\/p>\n\n\n\n<p>En el mismo sentido, el Pleno del OGAIPO aprob\u00f3 un acuerdo relativo al inicio de la suspensi\u00f3n de plazos legales en los mismos procedimientos antes mencionados, para la Secretar\u00eda de Finanzas, a partir del d\u00eda seis de octubre del a\u00f1o en curso, hasta en tanto el referido Sujeto obligado, se encuentre en condiciones de dar cumplimiento a las obligaciones de transparencia que establecen las leyes en materia de transparencia y protecci\u00f3n de datos personales.&nbsp;<\/p>\n\n\n\n<p>&nbsp;<\/p>\n\n\n\n<p>Finalmente, se aprob\u00f3 acuerdo sobre el inicio de la suspensi\u00f3n de plazos legales en los procedimientos anteriormente se\u00f1alados, para la Universidad Tecnol\u00f3gica de los Valles Centrales del Estado de Oaxaca, a partir del 6 de noviembre reanudaron actividades, por consiguiente, desde esta fecha se reiniciaron los plazos relativos.<\/p>\n","protected":false},"excerpt":{"rendered":"<p>Oaxaca de Ju\u00e1rez, Oaxaca, a 14 de noviembre de 2023.- Con fundamento en la Constituci\u00f3n&#8230;<\/p>\n","protected":false},"author":4,"featured_media":21199,"comment_status":"","ping_status":"open","sticky":false,"template":"","format":"standard","meta":{"footnotes":""},"categories":[9],"tags":[],"jetpack_sharing_enabled":true,"featured_image_urls":{"full":["https:\/\/contextoanalisisperiodistico.com\/wp-content\/uploads\/2023\/11\/XIXSesiC3B3nExtraordinaria.jpeg",1600,960,false],"thumbnail":["https:\/\/contextoanalisisperiodistico.com\/wp-content\/uploads\/2023\/11\/XIXSesiC3B3nExtraordinaria-150x150.jpeg",150,150,true],"medium":["https:\/\/contextoanalisisperiodistico.com\/wp-content\/uploads\/2023\/11\/XIXSesiC3B3nExtraordinaria-300x180.jpeg",300,180,true],"medium_large":["https:\/\/contextoanalisisperiodistico.com\/wp-content\/uploads\/2023\/11\/XIXSesiC3B3nExtraordinaria-768x461.jpeg",640,384,true],"large":["https:\/\/contextoanalisisperiodistico.com\/wp-content\/uploads\/2023\/11\/XIXSesiC3B3nExtraordinaria-1024x614.jpeg",640,384,true],"1536x1536":["https:\/\/contextoanalisisperiodistico.com\/wp-content\/uploads\/2023\/11\/XIXSesiC3B3nExtraordinaria-1536x922.jpeg",1536,922,true],"2048x2048":["https:\/\/contextoanalisisperiodistico.com\/wp-content\/uploads\/2023\/11\/XIXSesiC3B3nExtraordinaria.jpeg",1600,960,false],"covernews-slider-full":["https:\/\/contextoanalisisperiodistico.com\/wp-content\/uploads\/2023\/11\/XIXSesiC3B3nExtraordinaria-1115x715.jpeg",1115,715,true],"covernews-slider-center":["https:\/\/contextoanalisisperiodistico.com\/wp-content\/uploads\/2023\/11\/XIXSesiC3B3nExtraordinaria-800x500.jpeg",800,500,true],"covernews-featured":["https:\/\/contextoanalisisperiodistico.com\/wp-content\/uploads\/2023\/11\/XIXSesiC3B3nExtraordinaria-1024x614.jpeg",1024,614,true],"covernews-medium":["https:\/\/contextoanalisisperiodistico.com\/wp-content\/uploads\/2023\/11\/XIXSesiC3B3nExtraordinaria-540x340.jpeg",540,340,true],"covernews-medium-square":["https:\/\/contextoanalisisperiodistico.com\/wp-content\/uploads\/2023\/11\/XIXSesiC3B3nExtraordinaria-400x250.jpeg",400,250,true]},"author_info":{"display_name":"Mario Gir\u00f3n","author_link":"https:\/\/contextoanalisisperiodistico.com\/index.php\/author\/director\/"},"category_info":"<a href=\"https:\/\/contextoanalisisperiodistico.com\/index.php\/category\/politica\/\" rel=\"category tag\">Pol\u00edtica<\/a>","tag_info":"Pol\u00edtica","comment_count":"0","jetpack_featured_media_url":"https:\/\/contextoanalisisperiodistico.com\/wp-content\/uploads\/2023\/11\/XIXSesiC3B3nExtraordinaria.jpeg","_links":{"self":[{"href":"https:\/\/contextoanalisisperiodistico.com\/index.php\/wp-json\/wp\/v2\/posts\/21200"}],"collection":[{"href":"https:\/\/contextoanalisisperiodistico.com\/index.php\/wp-json\/wp\/v2\/posts"}],"about":[{"href":"https:\/\/contextoanalisisperiodistico.com\/index.php\/wp-json\/wp\/v2\/types\/post"}],"author":[{"embeddable":true,"href":"https:\/\/contextoanalisisperiodistico.com\/index.php\/wp-json\/wp\/v2\/users\/4"}],"replies":[{"embeddable":true,"href":"https:\/\/contextoanalisisperiodistico.com\/index.php\/wp-json\/wp\/v2\/comments?post=21200"}],"version-history":[{"count":0,"href":"https:\/\/contextoanalisisperiodistico.com\/index.php\/wp-json\/wp\/v2\/posts\/21200\/revisions"}],"wp:featuredmedia":[{"embeddable":true,"href":"https:\/\/contextoanalisisperiodistico.com\/index.php\/wp-json\/wp\/v2\/media\/21199"}],"wp:attachment":[{"href":"https:\/\/contextoanalisisperiodistico.com\/index.php\/wp-json\/wp\/v2\/media?parent=21200"}],"wp:term":[{"taxonomy":"category","embeddable":true,"href":"https:\/\/contextoanalisisperiodistico.com\/index.php\/wp-json\/wp\/v2\/categories?post=21200"},{"taxonomy":"post_tag","embeddable":true,"href":"https:\/\/contextoanalisisperiodistico.com\/index.php\/wp-json\/wp\/v2\/tags?post=21200"}],"curies":[{"name":"wp","href":"https:\/\/api.w.org\/{rel}","templated":true}]}}