{"id":21186,"date":"2023-11-14T15:56:13","date_gmt":"2023-11-14T21:56:13","guid":{"rendered":"https:\/\/contextoanalisisperiodistico.com\/index.php\/2023\/11\/14\/parques-primavera-para-ninez-y-familias-reaniman-vida-comunitaria-y-vecinal\/"},"modified":"2023-11-14T15:56:13","modified_gmt":"2023-11-14T21:56:13","slug":"parques-primavera-para-ninez-y-familias-reaniman-vida-comunitaria-y-vecinal","status":"publish","type":"post","link":"https:\/\/contextoanalisisperiodistico.com\/index.php\/2023\/11\/14\/parques-primavera-para-ninez-y-familias-reaniman-vida-comunitaria-y-vecinal\/","title":{"rendered":"<em>Parques Primavera para  ni\u00f1ez y familias reaniman <\/em><em>vida comunitaria y vecinal<\/em>"},"content":{"rendered":"<div id=\"fb-root\"><\/div>\n\n<p>\u2022 El Gobernador Salom\u00f3n Jara y la Presidenta Honoraria del DIF Oaxaca Irma Bola\u00f1os Quijano inauguraron y entregaron tres de los ocho parques Primavera para que la ni\u00f1ez y las familias cuenten con espacios dignos para la recreaci\u00f3n y el deporte<\/p>\n\n\n\n<p>Oaxaca de Ju\u00e1rez, Oax. 14 de noviembre de 2023.- Apenas cortado el list\u00f3n de inauguraci\u00f3n, se escucharon las risas de las ni\u00f1as y ni\u00f1os que se subieron a los juegos nuevecitos y de brillantes colores para disfrutar de los parques Primavera, felices de tener cerca de sus casas lugares donde poder jugar con seguridad.<\/p>\n\n\n\n<p>Los ocho parques Primavera son espacios completamente renovados para el esparcimiento de las familias en el municipio capitalino, luego de que estuvieron abandonados por a\u00f1os y se hab\u00edan convertido en sitios vandalizados, sucios, descuidados y peligrosos para quienes habitan en las cercan\u00edas, se\u00f1alaron vecinas y vecinos e integrantes de los Comit\u00e9s de Vida Vecinal (Comvive).<\/p>\n\n\n\n<p>Hoy, los ocho parques Primavera con juegos infantiles nuevos, son \u00e1reas de convivencia y esparcimiento seguro, limpios, bien iluminados y modernos, para el disfrute de la ni\u00f1ez y de las familias, con lo que se reconstruye el tejido social en importantes zonas populares de la capital del estado.<\/p>\n\n\n\n<p>As\u00ed se deja atr\u00e1s la etapa cuando fueron sitios en los que se hab\u00eda asentado la delincuencia, de acuerdo con los testimonios de las personas que habitan las zonas cercanas.<\/p>\n\n\n\n<p>El Gobernador Salom\u00f3n Jara Cruz y la Presidenta Honoraria del Sistema para el Desarrollo Integral de la Familia (DIF) Oaxaca, Irma Bola\u00f1os Quijano, inauguraron y entregaron a las y los vecinos del fraccionamiento Independencia, de la zona del M\u00f3dulo Azul del Infonavit y de la calle R\u00edo Sena del fraccionamiento Sauces en Santa Rosa Panzacola, tres de los ocho parques Primavera para el disfrute de la ni\u00f1ez, el esparcimiento y convivencia de las familias.<\/p>\n\n\n\n<p>Personas integrantes de los comit\u00e9s de Vida Vecinal de los tres asentamientos destacaron que estos lugares hab\u00edan sido olvidados por a\u00f1os, carec\u00edan de iluminaci\u00f3n y eran \u00e1reas vandalizadas y peligrosas porque operaban delincuentes, lo que alejaba a las familias.<\/p>\n\n\n\n<p>La presidenta del Comvive de la colonia Independencia Marcela Cuevas, la vecina de la colonia Postal, Mar\u00eda Teresa Hern\u00e1ndez; integrantes de la familia Arce, la presidenta del Comvive del Fovissste, Tomasa Le\u00f3n Tapia; las vecinas del M\u00f3dulo Azul de El Infonavit, Araceli Padilla y Ruth Ramos Garc\u00eda, entre otras, se mostraron satisfechas y agradecieron la rehabilitaci\u00f3n completa de estos espacios que beneficiar\u00e1n a miles de familias.<br \/>El Gobernador Salom\u00f3n Jara Cruz destac\u00f3 que estos ocho parques Primavera se realizaron en 30 d\u00edas y que el pr\u00f3ximo a\u00f1o se rehabilitar\u00e1n completamente la totalidad de los parques p\u00fablicos de la capital, para su recuperaci\u00f3n y disfrute, desarrollo l\u00fadico y esparcimiento de las ni\u00f1as y ni\u00f1os, las adolescencias y las familias.<\/p>\n\n\n\n<p>Destac\u00f3 que, en lo que fue la f\u00e1brica de Triplay, se construye uno de los parques m\u00e1s importantes y grandes para las y los oaxaque\u00f1os de la capital y municipios conurbados, en un \u00e1rea de 12 hect\u00e1reas, lo que contribuir\u00e1 a la formaci\u00f3n y recreaci\u00f3n de la ni\u00f1ez, la promoci\u00f3n del deporte en las juventudes para frenar el avance de las adicciones y para apoyar la vida sana de las personas adultas mayores.<\/p>\n\n\n\n<p>El Gobernador dio instrucciones para que se hagan adecuaciones como el cercado para la protecci\u00f3n de los parques, siempre en coordinaci\u00f3n con las y los vecinos.<\/p>\n\n\n\n<p>Los parques familiares llevan nombres de flores de la primavera, como Palo de Rosa en el M\u00f3dulo Azul del Infonavit y Guayac\u00e1n Amarillo en el Fraccionamiento Independencia.<\/p>\n\n\n\n<p>Los trabajos se realizaron en coordinaci\u00f3n y con la participaci\u00f3n de las personas que habitan en las zonas, quienes hicieron suyos los proyectos que coadyuvan a la cohesi\u00f3n social.<\/p>\n\n\n\n<p>En los actos de inauguraci\u00f3n, el secretario de las Infraestructuras y Comunicaciones Netzahualc\u00f3yotl Salvatierra destac\u00f3 que estos espacios fueron una iniciativa de la Presidenta Honoraria del DIF, y contribuyen a fortalecer la seguridad, el deporte y la recreaci\u00f3n.<br \/>-0-<\/p>\n\n\n\n<figure class=\"wp-block-image size-large\"><img fetchpriority=\"high\" decoding=\"async\" width=\"1024\" height=\"682\" src=\"https:\/\/contextoanalisisperiodistico.com\/wp-content\/uploads\/2023\/11\/img-20231114-wa00427855797361934673870-1024x682.jpg\" alt=\"\" class=\"wp-image-21181\" srcset=\"https:\/\/contextoanalisisperiodistico.com\/wp-content\/uploads\/2023\/11\/img-20231114-wa00427855797361934673870-1024x682.jpg 1024w, https:\/\/contextoanalisisperiodistico.com\/wp-content\/uploads\/2023\/11\/img-20231114-wa00427855797361934673870-300x200.jpg 300w, https:\/\/contextoanalisisperiodistico.com\/wp-content\/uploads\/2023\/11\/img-20231114-wa00427855797361934673870-768x512.jpg 768w, https:\/\/contextoanalisisperiodistico.com\/wp-content\/uploads\/2023\/11\/img-20231114-wa00427855797361934673870-1536x1023.jpg 1536w, https:\/\/contextoanalisisperiodistico.com\/wp-content\/uploads\/2023\/11\/img-20231114-wa00427855797361934673870.jpg 1600w\" sizes=\"(max-width: 1024px) 100vw, 1024px\" \/><\/figure>\n\n\n\n<figure class=\"wp-block-image\"><img decoding=\"async\" width=\"1024\" height=\"682\" src=\"https:\/\/contextoanalisisperiodistico.com\/wp-content\/uploads\/2023\/11\/img-20231114-wa00497447871757994506307-1024x682.jpg\" alt=\"\" class=\"wp-image-21184\" srcset=\"https:\/\/contextoanalisisperiodistico.com\/wp-content\/uploads\/2023\/11\/img-20231114-wa00497447871757994506307-1024x682.jpg 1024w, https:\/\/contextoanalisisperiodistico.com\/wp-content\/uploads\/2023\/11\/img-20231114-wa00497447871757994506307-300x200.jpg 300w, https:\/\/contextoanalisisperiodistico.com\/wp-content\/uploads\/2023\/11\/img-20231114-wa00497447871757994506307-768x512.jpg 768w, https:\/\/contextoanalisisperiodistico.com\/wp-content\/uploads\/2023\/11\/img-20231114-wa00497447871757994506307-1536x1023.jpg 1536w, https:\/\/contextoanalisisperiodistico.com\/wp-content\/uploads\/2023\/11\/img-20231114-wa00497447871757994506307.jpg 1600w\" sizes=\"(max-width: 1024px) 100vw, 1024px\" \/><\/figure>\n\n\n\n<figure class=\"wp-block-image\"><img decoding=\"async\" width=\"1024\" height=\"682\" src=\"https:\/\/contextoanalisisperiodistico.com\/wp-content\/uploads\/2023\/11\/img-20231114-wa00504451232045405962781-1024x682.jpg\" alt=\"\" class=\"wp-image-21182\" srcset=\"https:\/\/contextoanalisisperiodistico.com\/wp-content\/uploads\/2023\/11\/img-20231114-wa00504451232045405962781-1024x682.jpg 1024w, https:\/\/contextoanalisisperiodistico.com\/wp-content\/uploads\/2023\/11\/img-20231114-wa00504451232045405962781-300x200.jpg 300w, https:\/\/contextoanalisisperiodistico.com\/wp-content\/uploads\/2023\/11\/img-20231114-wa00504451232045405962781-768x512.jpg 768w, https:\/\/contextoanalisisperiodistico.com\/wp-content\/uploads\/2023\/11\/img-20231114-wa00504451232045405962781-1536x1023.jpg 1536w, https:\/\/contextoanalisisperiodistico.com\/wp-content\/uploads\/2023\/11\/img-20231114-wa00504451232045405962781.jpg 1600w\" sizes=\"(max-width: 1024px) 100vw, 1024px\" \/><\/figure>\n\n\n\n<figure class=\"wp-block-image\"><img loading=\"lazy\" decoding=\"async\" width=\"1024\" height=\"682\" src=\"https:\/\/contextoanalisisperiodistico.com\/wp-content\/uploads\/2023\/11\/img-20231114-wa00475363501338900206373-1024x682.jpg\" alt=\"\" class=\"wp-image-21183\" srcset=\"https:\/\/contextoanalisisperiodistico.com\/wp-content\/uploads\/2023\/11\/img-20231114-wa00475363501338900206373-1024x682.jpg 1024w, https:\/\/contextoanalisisperiodistico.com\/wp-content\/uploads\/2023\/11\/img-20231114-wa00475363501338900206373-300x200.jpg 300w, https:\/\/contextoanalisisperiodistico.com\/wp-content\/uploads\/2023\/11\/img-20231114-wa00475363501338900206373-768x512.jpg 768w, https:\/\/contextoanalisisperiodistico.com\/wp-content\/uploads\/2023\/11\/img-20231114-wa00475363501338900206373.jpg 1457w\" sizes=\"(max-width: 1024px) 100vw, 1024px\" \/><\/figure>\n\n\n\n<figure class=\"wp-block-image\"><img loading=\"lazy\" decoding=\"async\" width=\"1024\" height=\"682\" src=\"https:\/\/contextoanalisisperiodistico.com\/wp-content\/uploads\/2023\/11\/img-20231114-wa00463263118923753101814-1024x682.jpg\" alt=\"\" class=\"wp-image-21180\" srcset=\"https:\/\/contextoanalisisperiodistico.com\/wp-content\/uploads\/2023\/11\/img-20231114-wa00463263118923753101814-1024x682.jpg 1024w, https:\/\/contextoanalisisperiodistico.com\/wp-content\/uploads\/2023\/11\/img-20231114-wa00463263118923753101814-300x200.jpg 300w, https:\/\/contextoanalisisperiodistico.com\/wp-content\/uploads\/2023\/11\/img-20231114-wa00463263118923753101814-768x512.jpg 768w, https:\/\/contextoanalisisperiodistico.com\/wp-content\/uploads\/2023\/11\/img-20231114-wa00463263118923753101814-1536x1023.jpg 1536w, https:\/\/contextoanalisisperiodistico.com\/wp-content\/uploads\/2023\/11\/img-20231114-wa00463263118923753101814.jpg 1600w\" sizes=\"(max-width: 1024px) 100vw, 1024px\" \/><\/figure>\n\n\n\n<figure class=\"wp-block-image\"><img loading=\"lazy\" decoding=\"async\" width=\"1024\" height=\"682\" src=\"https:\/\/contextoanalisisperiodistico.com\/wp-content\/uploads\/2023\/11\/img-20231114-wa00443202946795570739986-1024x682.jpg\" alt=\"\" class=\"wp-image-21185\" srcset=\"https:\/\/contextoanalisisperiodistico.com\/wp-content\/uploads\/2023\/11\/img-20231114-wa00443202946795570739986-1024x682.jpg 1024w, https:\/\/contextoanalisisperiodistico.com\/wp-content\/uploads\/2023\/11\/img-20231114-wa00443202946795570739986-300x200.jpg 300w, https:\/\/contextoanalisisperiodistico.com\/wp-content\/uploads\/2023\/11\/img-20231114-wa00443202946795570739986-768x512.jpg 768w, https:\/\/contextoanalisisperiodistico.com\/wp-content\/uploads\/2023\/11\/img-20231114-wa00443202946795570739986-1536x1023.jpg 1536w, https:\/\/contextoanalisisperiodistico.com\/wp-content\/uploads\/2023\/11\/img-20231114-wa00443202946795570739986.jpg 1600w\" sizes=\"(max-width: 1024px) 100vw, 1024px\" \/><\/figure>\n","protected":false},"excerpt":{"rendered":"<p>\u2022 El Gobernador Salom\u00f3n Jara y la Presidenta Honoraria del DIF Oaxaca Irma Bola\u00f1os Quijano&#8230;<\/p>\n","protected":false},"author":4,"featured_media":21179,"comment_status":"","ping_status":"open","sticky":false,"template":"","format":"standard","meta":{"footnotes":""},"categories":[9],"tags":[],"jetpack_sharing_enabled":true,"featured_image_urls":{"full":["https:\/\/contextoanalisisperiodistico.com\/wp-content\/uploads\/2023\/11\/IMG-20231114-WA0048.jpg",1600,1066,false],"thumbnail":["https:\/\/contextoanalisisperiodistico.com\/wp-content\/uploads\/2023\/11\/IMG-20231114-WA0048-150x150.jpg",150,150,true],"medium":["https:\/\/contextoanalisisperiodistico.com\/wp-content\/uploads\/2023\/11\/IMG-20231114-WA0048-300x200.jpg",300,200,true],"medium_large":["https:\/\/contextoanalisisperiodistico.com\/wp-content\/uploads\/2023\/11\/IMG-20231114-WA0048-768x512.jpg",640,427,true],"large":["https:\/\/contextoanalisisperiodistico.com\/wp-content\/uploads\/2023\/11\/IMG-20231114-WA0048-1024x682.jpg",640,426,true],"1536x1536":["https:\/\/contextoanalisisperiodistico.com\/wp-content\/uploads\/2023\/11\/IMG-20231114-WA0048-1536x1023.jpg",1536,1023,true],"2048x2048":["https:\/\/contextoanalisisperiodistico.com\/wp-content\/uploads\/2023\/11\/IMG-20231114-WA0048.jpg",1600,1066,false],"covernews-slider-full":["https:\/\/contextoanalisisperiodistico.com\/wp-content\/uploads\/2023\/11\/IMG-20231114-WA0048-1115x715.jpg",1115,715,true],"covernews-slider-center":["https:\/\/contextoanalisisperiodistico.com\/wp-content\/uploads\/2023\/11\/IMG-20231114-WA0048-800x500.jpg",800,500,true],"covernews-featured":["https:\/\/contextoanalisisperiodistico.com\/wp-content\/uploads\/2023\/11\/IMG-20231114-WA0048-1024x682.jpg",1024,682,true],"covernews-medium":["https:\/\/contextoanalisisperiodistico.com\/wp-content\/uploads\/2023\/11\/IMG-20231114-WA0048-540x340.jpg",540,340,true],"covernews-medium-square":["https:\/\/contextoanalisisperiodistico.com\/wp-content\/uploads\/2023\/11\/IMG-20231114-WA0048-400x250.jpg",400,250,true]},"author_info":{"display_name":"Mario Gir\u00f3n","author_link":"https:\/\/contextoanalisisperiodistico.com\/index.php\/author\/director\/"},"category_info":"<a href=\"https:\/\/contextoanalisisperiodistico.com\/index.php\/category\/politica\/\" rel=\"category tag\">Pol\u00edtica<\/a>","tag_info":"Pol\u00edtica","comment_count":"0","jetpack_featured_media_url":"https:\/\/contextoanalisisperiodistico.com\/wp-content\/uploads\/2023\/11\/IMG-20231114-WA0048.jpg","_links":{"self":[{"href":"https:\/\/contextoanalisisperiodistico.com\/index.php\/wp-json\/wp\/v2\/posts\/21186"}],"collection":[{"href":"https:\/\/contextoanalisisperiodistico.com\/index.php\/wp-json\/wp\/v2\/posts"}],"about":[{"href":"https:\/\/contextoanalisisperiodistico.com\/index.php\/wp-json\/wp\/v2\/types\/post"}],"author":[{"embeddable":true,"href":"https:\/\/contextoanalisisperiodistico.com\/index.php\/wp-json\/wp\/v2\/users\/4"}],"replies":[{"embeddable":true,"href":"https:\/\/contextoanalisisperiodistico.com\/index.php\/wp-json\/wp\/v2\/comments?post=21186"}],"version-history":[{"count":0,"href":"https:\/\/contextoanalisisperiodistico.com\/index.php\/wp-json\/wp\/v2\/posts\/21186\/revisions"}],"wp:featuredmedia":[{"embeddable":true,"href":"https:\/\/contextoanalisisperiodistico.com\/index.php\/wp-json\/wp\/v2\/media\/21179"}],"wp:attachment":[{"href":"https:\/\/contextoanalisisperiodistico.com\/index.php\/wp-json\/wp\/v2\/media?parent=21186"}],"wp:term":[{"taxonomy":"category","embeddable":true,"href":"https:\/\/contextoanalisisperiodistico.com\/index.php\/wp-json\/wp\/v2\/categories?post=21186"},{"taxonomy":"post_tag","embeddable":true,"href":"https:\/\/contextoanalisisperiodistico.com\/index.php\/wp-json\/wp\/v2\/tags?post=21186"}],"curies":[{"name":"wp","href":"https:\/\/api.w.org\/{rel}","templated":true}]}}