{"id":21178,"date":"2023-11-14T12:51:15","date_gmt":"2023-11-14T18:51:15","guid":{"rendered":"https:\/\/contextoanalisisperiodistico.com\/index.php\/2023\/11\/14\/hacen-sonar-tambores-de-huelga-violaciones-al-cct-del-conalep\/"},"modified":"2023-11-14T12:51:15","modified_gmt":"2023-11-14T18:51:15","slug":"hacen-sonar-tambores-de-huelga-violaciones-al-cct-del-conalep","status":"publish","type":"post","link":"https:\/\/contextoanalisisperiodistico.com\/index.php\/2023\/11\/14\/hacen-sonar-tambores-de-huelga-violaciones-al-cct-del-conalep\/","title":{"rendered":"Hacen sonar tambores de huelga violaciones al CCT del CONALEP"},"content":{"rendered":"<div id=\"fb-root\"><\/div>\n\n<p>27 de noviembre estallar\u00eda movimiento de trabajadores cerrando puertas de escuelas y oficinas <\/p>\n\n\n\n<p><\/p>\n\n\n\n<p>MTRA. MA. ELIZABETH MOR\u00c1N GUZM\u00c1N<\/p>\n\n\n\n<p>SECRETARIA DE PRENSA Y PROPAGANDA DEL SUTDCEO, INFORMA: <\/p>\n\n\n\n<figure class=\"wp-block-image size-large\"><img fetchpriority=\"high\" decoding=\"async\" width=\"360\" height=\"190\" src=\"https:\/\/contextoanalisisperiodistico.com\/wp-content\/uploads\/2023\/11\/img-20231114-wa00201135222258938525734.jpg\" alt=\"\" class=\"wp-image-21177\" srcset=\"https:\/\/contextoanalisisperiodistico.com\/wp-content\/uploads\/2023\/11\/img-20231114-wa00201135222258938525734.jpg 360w, https:\/\/contextoanalisisperiodistico.com\/wp-content\/uploads\/2023\/11\/img-20231114-wa00201135222258938525734-300x158.jpg 300w\" sizes=\"(max-width: 360px) 100vw, 360px\" \/><\/figure>\n\n\n\n<p>Al Gobierno Federal<\/p>\n\n\n\n<p>A las autoridades de CONALEP<\/p>\n\n\n\n<p>Al Gobierno del Estado de Oaxaca<\/p>\n\n\n\n<p>A la representaci\u00f3n del CONALEP en el Estado de Oaxaca<\/p>\n\n\n\n<p>A los medios de comunicaci\u00f3n<\/p>\n\n\n\n<p>A los padres de familia<\/p>\n\n\n\n<p>Al alumnado<\/p>\n\n\n\n<p>Al p\u00fablico en general<code> COMUNICADO<\/code><\/p>\n\n\n\n<p>Por este medio, los trabajadores afiliados al Sindicato \u00danico de Trabajadores Docentes del Colegio Nacional de Educaci\u00f3n Profesional T\u00e9cnica del Estado de Oaxaca (SUTDCEO), queremos informarles la situaci\u00f3n cr\u00edtica que atravesamos debido a la FALTA DE COMPROMISO POR PARTE DE LAS AUTORIDADES DEL CONALEP EN RELACI\u00d3N CON NUESTRAS DEMANDAS LABORALES PRESENTADAS ANTE LAS AUTORIDADES CORRESPONDIENTES.<\/p>\n\n\n\n<p>Es del conocimiento p\u00fablico que desde hace algunos a\u00f1os hemos estado luchando porque se respeten los acuerdos y lo plasmado en nuestro Contrato Colectivo de Trabajo vigente (CCT), por lo que consideramos irresponsable que hoy se nos diga que la instituci\u00f3n no cuenta con los fondos necesarios para cubrirlas, siendo que ellos han estado de acuerdo y han firmado, cabe mencionar que estos incumplimientos son espec\u00edficamente el pago de algunas de nuestras prestaciones, por lo que es injusto e indigno lo que ahora hacen con nosotros.<\/p>\n\n\n\n<p>Esta falta de disposici\u00f3n y la negativa a proporcionar los recursos necesarios representan un riesgo inminente para la calidad educativa de nuestros estudiantes.<\/p>\n\n\n\n<p>Exhortamos a los directivos a reconsiderar su posici\u00f3n y a trabajar en conjunto para encontrar soluciones que garanticen un entorno educativo \u00f3ptimo.<\/p>\n\n\n\n<p>POR LO ANTERIOR HEMOS TOMADO LA DECISI\u00d3N DE IRNOS A HUELGA A PARTIR DEL D\u00cdA 27 DE NOVIEMBRE DEL 2023.<\/p>\n\n\n\n<p>Agradecemos la solidaridad y apoyo de padres de familia, alumnos y p\u00fablico en general en este momento crucial para salvaguardar la calidad educativa en el Conalep.<\/p>\n\n\n\n<p>\u00a1RESPETO AL CONTRATO COLECTIVO DE TRABAJO<\/p>\n\n\n\n<p>\u201cPOR LA DIGNIFICACI\u00d2N DEL TRABAJADOR DOCENTE\u201d<\/p>\n","protected":false},"excerpt":{"rendered":"<p>27 de noviembre estallar\u00eda movimiento de trabajadores cerrando puertas de escuelas y oficinas MTRA. MA&#8230;.<\/p>\n","protected":false},"author":4,"featured_media":21176,"comment_status":"","ping_status":"open","sticky":false,"template":"","format":"standard","meta":{"footnotes":""},"categories":[9],"tags":[],"jetpack_sharing_enabled":true,"featured_image_urls":{"full":["https:\/\/contextoanalisisperiodistico.com\/wp-content\/uploads\/2023\/11\/IMG-20231114-WA0019.jpg",960,960,false],"thumbnail":["https:\/\/contextoanalisisperiodistico.com\/wp-content\/uploads\/2023\/11\/IMG-20231114-WA0019-150x150.jpg",150,150,true],"medium":["https:\/\/contextoanalisisperiodistico.com\/wp-content\/uploads\/2023\/11\/IMG-20231114-WA0019-300x300.jpg",300,300,true],"medium_large":["https:\/\/contextoanalisisperiodistico.com\/wp-content\/uploads\/2023\/11\/IMG-20231114-WA0019-768x768.jpg",640,640,true],"large":["https:\/\/contextoanalisisperiodistico.com\/wp-content\/uploads\/2023\/11\/IMG-20231114-WA0019.jpg",640,640,false],"1536x1536":["https:\/\/contextoanalisisperiodistico.com\/wp-content\/uploads\/2023\/11\/IMG-20231114-WA0019.jpg",960,960,false],"2048x2048":["https:\/\/contextoanalisisperiodistico.com\/wp-content\/uploads\/2023\/11\/IMG-20231114-WA0019.jpg",960,960,false],"covernews-slider-full":["https:\/\/contextoanalisisperiodistico.com\/wp-content\/uploads\/2023\/11\/IMG-20231114-WA0019-960x715.jpg",960,715,true],"covernews-slider-center":["https:\/\/contextoanalisisperiodistico.com\/wp-content\/uploads\/2023\/11\/IMG-20231114-WA0019-800x500.jpg",800,500,true],"covernews-featured":["https:\/\/contextoanalisisperiodistico.com\/wp-content\/uploads\/2023\/11\/IMG-20231114-WA0019.jpg",960,960,false],"covernews-medium":["https:\/\/contextoanalisisperiodistico.com\/wp-content\/uploads\/2023\/11\/IMG-20231114-WA0019-540x340.jpg",540,340,true],"covernews-medium-square":["https:\/\/contextoanalisisperiodistico.com\/wp-content\/uploads\/2023\/11\/IMG-20231114-WA0019-400x250.jpg",400,250,true]},"author_info":{"display_name":"Mario Gir\u00f3n","author_link":"https:\/\/contextoanalisisperiodistico.com\/index.php\/author\/director\/"},"category_info":"<a href=\"https:\/\/contextoanalisisperiodistico.com\/index.php\/category\/politica\/\" rel=\"category tag\">Pol\u00edtica<\/a>","tag_info":"Pol\u00edtica","comment_count":"0","jetpack_featured_media_url":"https:\/\/contextoanalisisperiodistico.com\/wp-content\/uploads\/2023\/11\/IMG-20231114-WA0019.jpg","_links":{"self":[{"href":"https:\/\/contextoanalisisperiodistico.com\/index.php\/wp-json\/wp\/v2\/posts\/21178"}],"collection":[{"href":"https:\/\/contextoanalisisperiodistico.com\/index.php\/wp-json\/wp\/v2\/posts"}],"about":[{"href":"https:\/\/contextoanalisisperiodistico.com\/index.php\/wp-json\/wp\/v2\/types\/post"}],"author":[{"embeddable":true,"href":"https:\/\/contextoanalisisperiodistico.com\/index.php\/wp-json\/wp\/v2\/users\/4"}],"replies":[{"embeddable":true,"href":"https:\/\/contextoanalisisperiodistico.com\/index.php\/wp-json\/wp\/v2\/comments?post=21178"}],"version-history":[{"count":0,"href":"https:\/\/contextoanalisisperiodistico.com\/index.php\/wp-json\/wp\/v2\/posts\/21178\/revisions"}],"wp:featuredmedia":[{"embeddable":true,"href":"https:\/\/contextoanalisisperiodistico.com\/index.php\/wp-json\/wp\/v2\/media\/21176"}],"wp:attachment":[{"href":"https:\/\/contextoanalisisperiodistico.com\/index.php\/wp-json\/wp\/v2\/media?parent=21178"}],"wp:term":[{"taxonomy":"category","embeddable":true,"href":"https:\/\/contextoanalisisperiodistico.com\/index.php\/wp-json\/wp\/v2\/categories?post=21178"},{"taxonomy":"post_tag","embeddable":true,"href":"https:\/\/contextoanalisisperiodistico.com\/index.php\/wp-json\/wp\/v2\/tags?post=21178"}],"curies":[{"name":"wp","href":"https:\/\/api.w.org\/{rel}","templated":true}]}}