{"id":21175,"date":"2023-11-13T21:09:20","date_gmt":"2023-11-14T03:09:20","guid":{"rendered":"https:\/\/contextoanalisisperiodistico.com\/index.php\/2023\/11\/13\/impulsa-gobierno-bienestar-de-familias-oaxaquenas-con-inauguracion-de-parque-dif\/"},"modified":"2023-11-13T21:09:20","modified_gmt":"2023-11-14T03:09:20","slug":"impulsa-gobierno-bienestar-de-familias-oaxaquenas-con-inauguracion-de-parque-dif","status":"publish","type":"post","link":"https:\/\/contextoanalisisperiodistico.com\/index.php\/2023\/11\/13\/impulsa-gobierno-bienestar-de-familias-oaxaquenas-con-inauguracion-de-parque-dif\/","title":{"rendered":"<em>Impulsa Gobierno bienestar de familias oaxaque\u00f1as con inauguraci\u00f3n de Parque DIF<\/em>"},"content":{"rendered":"<div id=\"fb-root\"><\/div>\n\n<p>\u2022 El Gobernador Salom\u00f3n Jara Cruz inform\u00f3 que en pr\u00f3ximos d\u00edas se estar\u00e1n anunciando m\u00e1s parques y obras p\u00fablicas que impulsen la convivencia social en armon\u00eda con el medio ambiente<\/p>\n\n\n\n<p><br>Oaxaca de Ju\u00e1rez, Oax. 13 de noviembre de 2023.- El Gobernador Salom\u00f3n Jara Cruz y la Presidenta Honoraria del Sistema DIF Oaxaca Irma Bola\u00f1os Quijano, inauguraron el Parque DIF ubicado en la colonia Miguel Alem\u00e1n Valdez, una de las primeras obras de esta naturaleza que se llevan a cabo para el disfrute de ni\u00f1as, ni\u00f1os y j\u00f3venes.<\/p>\n\n\n\n<figure class=\"wp-block-image size-large\"><img fetchpriority=\"high\" decoding=\"async\" width=\"1024\" height=\"682\" src=\"https:\/\/contextoanalisisperiodistico.com\/wp-content\/uploads\/2023\/11\/img-20231113-wa0107610906105071313291-1024x682.jpg\" alt=\"\" class=\"wp-image-21171\" srcset=\"https:\/\/contextoanalisisperiodistico.com\/wp-content\/uploads\/2023\/11\/img-20231113-wa0107610906105071313291-1024x682.jpg 1024w, https:\/\/contextoanalisisperiodistico.com\/wp-content\/uploads\/2023\/11\/img-20231113-wa0107610906105071313291-300x200.jpg 300w, https:\/\/contextoanalisisperiodistico.com\/wp-content\/uploads\/2023\/11\/img-20231113-wa0107610906105071313291-768x512.jpg 768w, https:\/\/contextoanalisisperiodistico.com\/wp-content\/uploads\/2023\/11\/img-20231113-wa0107610906105071313291-1536x1023.jpg 1536w, https:\/\/contextoanalisisperiodistico.com\/wp-content\/uploads\/2023\/11\/img-20231113-wa0107610906105071313291.jpg 1600w\" sizes=\"(max-width: 1024px) 100vw, 1024px\" \/><\/figure>\n\n\n\n<figure class=\"wp-block-image\"><img decoding=\"async\" width=\"1024\" height=\"682\" src=\"https:\/\/contextoanalisisperiodistico.com\/wp-content\/uploads\/2023\/11\/img-20231113-wa01086911722913234724152-1024x682.jpg\" alt=\"\" class=\"wp-image-21172\" srcset=\"https:\/\/contextoanalisisperiodistico.com\/wp-content\/uploads\/2023\/11\/img-20231113-wa01086911722913234724152-1024x682.jpg 1024w, https:\/\/contextoanalisisperiodistico.com\/wp-content\/uploads\/2023\/11\/img-20231113-wa01086911722913234724152-300x200.jpg 300w, https:\/\/contextoanalisisperiodistico.com\/wp-content\/uploads\/2023\/11\/img-20231113-wa01086911722913234724152-768x512.jpg 768w, https:\/\/contextoanalisisperiodistico.com\/wp-content\/uploads\/2023\/11\/img-20231113-wa01086911722913234724152.jpg 1100w\" sizes=\"(max-width: 1024px) 100vw, 1024px\" \/><\/figure>\n\n\n\n<figure class=\"wp-block-image\"><img decoding=\"async\" width=\"1024\" height=\"682\" src=\"https:\/\/contextoanalisisperiodistico.com\/wp-content\/uploads\/2023\/11\/img-20231113-wa010638878450306743554-1024x682.jpg\" alt=\"\" class=\"wp-image-21174\" srcset=\"https:\/\/contextoanalisisperiodistico.com\/wp-content\/uploads\/2023\/11\/img-20231113-wa010638878450306743554-1024x682.jpg 1024w, https:\/\/contextoanalisisperiodistico.com\/wp-content\/uploads\/2023\/11\/img-20231113-wa010638878450306743554-300x200.jpg 300w, https:\/\/contextoanalisisperiodistico.com\/wp-content\/uploads\/2023\/11\/img-20231113-wa010638878450306743554-768x512.jpg 768w, https:\/\/contextoanalisisperiodistico.com\/wp-content\/uploads\/2023\/11\/img-20231113-wa010638878450306743554-1536x1023.jpg 1536w, https:\/\/contextoanalisisperiodistico.com\/wp-content\/uploads\/2023\/11\/img-20231113-wa010638878450306743554.jpg 1600w\" sizes=\"(max-width: 1024px) 100vw, 1024px\" \/><\/figure>\n\n\n\n<figure class=\"wp-block-image\"><img loading=\"lazy\" decoding=\"async\" width=\"1024\" height=\"682\" src=\"https:\/\/contextoanalisisperiodistico.com\/wp-content\/uploads\/2023\/11\/img-20231113-wa01093134223753796049998-1024x682.jpg\" alt=\"\" class=\"wp-image-21173\" srcset=\"https:\/\/contextoanalisisperiodistico.com\/wp-content\/uploads\/2023\/11\/img-20231113-wa01093134223753796049998-1024x682.jpg 1024w, https:\/\/contextoanalisisperiodistico.com\/wp-content\/uploads\/2023\/11\/img-20231113-wa01093134223753796049998-300x200.jpg 300w, https:\/\/contextoanalisisperiodistico.com\/wp-content\/uploads\/2023\/11\/img-20231113-wa01093134223753796049998-768x512.jpg 768w, https:\/\/contextoanalisisperiodistico.com\/wp-content\/uploads\/2023\/11\/img-20231113-wa01093134223753796049998-1536x1023.jpg 1536w, https:\/\/contextoanalisisperiodistico.com\/wp-content\/uploads\/2023\/11\/img-20231113-wa01093134223753796049998.jpg 1600w\" sizes=\"(max-width: 1024px) 100vw, 1024px\" \/><\/figure>\n\n\n\n<p>Durante este acto, el Mandatario estatal enfatiz\u00f3 que esta obra integral y estrat\u00e9gica enlaza varios de los ejes de su administraci\u00f3n, al impulsar un estado de bienestar para las familias, con un gobierno honesto, cercano y transparente al servicio de Oaxaca, con seguridad y justicia para vivir en paz, con infraestructuras y servicios p\u00fablicos para el desarrollo de la entidad.<\/p>\n\n\n\n<p>\u201cHoy estamos aqu\u00ed para entregarle a las oaxaque\u00f1as y oaxaque\u00f1os los Parques Familiares Flores de la Primavera, en los cuales se resumen nuestros ideales y preceptos de trabajar por la reparaci\u00f3n hist\u00f3rica de nuestro pueblo, creando obras que transforman la entidad\u201d, manifest\u00f3.<\/p>\n\n\n\n<p>Jara Cruz se\u00f1al\u00f3 que en pr\u00f3ximos d\u00edas se anunciar\u00e1n m\u00e1s parques y obras p\u00fablicas que impulsen la convivencia social en armon\u00eda con el medio ambiente, para que nadie se quede atr\u00e1s y nadie se quede afuera.<\/p>\n\n\n\n<p>En su oportunidad, la directora del Sistema DIF Oaxaca Maribel Garc\u00eda inform\u00f3 que el organismo canaliz\u00f3 una inversi\u00f3n por 158 mil 258 pesos para la adquisici\u00f3n de material el\u00e9ctrico, pintura y mano de obra.<\/p>\n\n\n\n<p>Asimismo, reconoci\u00f3 el trabajo de la Presidenta Honoraria del organismo y la aportaci\u00f3n del personal del Sistema DIF Oaxaca quienes mediante el tequio transformaron el espacio que estuvo abandonado por a\u00f1os y a partir de ahora ser\u00e1 un \u00e1rea donde las infancias y adolescencias podr\u00e1n disfrutar de un parque de diversiones.<\/p>\n\n\n\n<p>En tanto, el titular de la Secretar\u00eda de las Infraestructuras y Comunicaciones (Sinfra) Netzahualc\u00f3yotl Salvatierra L\u00f3pez destac\u00f3 que este lugar tuvo una inversi\u00f3n de 2.19 millones de pesos y contar\u00e1 con bancas, \u00e1reas verdes, adem\u00e1s de juegos seguros como resbaladillas, toboganes, rampas trepadoras, entre otros.<\/p>\n\n\n\n<p>Apunt\u00f3 que este espacio pas\u00f3 de ser un lugar de la delincuencia a ser un parque para el disfrute de las familias, gracias al trabajo en equipo entre su dependencia, el Sistema DIF Oaxaca, el Gobierno Estatal y la sociedad.<\/p>\n\n\n\n<p>-0-<\/p>\n","protected":false},"excerpt":{"rendered":"<p>\u2022 El Gobernador Salom\u00f3n Jara Cruz inform\u00f3 que en pr\u00f3ximos d\u00edas se estar\u00e1n anunciando m\u00e1s&#8230;<\/p>\n","protected":false},"author":4,"featured_media":21170,"comment_status":"","ping_status":"open","sticky":false,"template":"","format":"standard","meta":{"footnotes":""},"categories":[9],"tags":[],"jetpack_sharing_enabled":true,"featured_image_urls":{"full":["https:\/\/contextoanalisisperiodistico.com\/wp-content\/uploads\/2023\/11\/IMG-20231113-WA0110.jpg",1600,1066,false],"thumbnail":["https:\/\/contextoanalisisperiodistico.com\/wp-content\/uploads\/2023\/11\/IMG-20231113-WA0110-150x150.jpg",150,150,true],"medium":["https:\/\/contextoanalisisperiodistico.com\/wp-content\/uploads\/2023\/11\/IMG-20231113-WA0110-300x200.jpg",300,200,true],"medium_large":["https:\/\/contextoanalisisperiodistico.com\/wp-content\/uploads\/2023\/11\/IMG-20231113-WA0110-768x512.jpg",640,427,true],"large":["https:\/\/contextoanalisisperiodistico.com\/wp-content\/uploads\/2023\/11\/IMG-20231113-WA0110-1024x682.jpg",640,426,true],"1536x1536":["https:\/\/contextoanalisisperiodistico.com\/wp-content\/uploads\/2023\/11\/IMG-20231113-WA0110-1536x1023.jpg",1536,1023,true],"2048x2048":["https:\/\/contextoanalisisperiodistico.com\/wp-content\/uploads\/2023\/11\/IMG-20231113-WA0110.jpg",1600,1066,false],"covernews-slider-full":["https:\/\/contextoanalisisperiodistico.com\/wp-content\/uploads\/2023\/11\/IMG-20231113-WA0110-1115x715.jpg",1115,715,true],"covernews-slider-center":["https:\/\/contextoanalisisperiodistico.com\/wp-content\/uploads\/2023\/11\/IMG-20231113-WA0110-800x500.jpg",800,500,true],"covernews-featured":["https:\/\/contextoanalisisperiodistico.com\/wp-content\/uploads\/2023\/11\/IMG-20231113-WA0110-1024x682.jpg",1024,682,true],"covernews-medium":["https:\/\/contextoanalisisperiodistico.com\/wp-content\/uploads\/2023\/11\/IMG-20231113-WA0110-540x340.jpg",540,340,true],"covernews-medium-square":["https:\/\/contextoanalisisperiodistico.com\/wp-content\/uploads\/2023\/11\/IMG-20231113-WA0110-400x250.jpg",400,250,true]},"author_info":{"display_name":"Mario Gir\u00f3n","author_link":"https:\/\/contextoanalisisperiodistico.com\/index.php\/author\/director\/"},"category_info":"<a href=\"https:\/\/contextoanalisisperiodistico.com\/index.php\/category\/politica\/\" rel=\"category tag\">Pol\u00edtica<\/a>","tag_info":"Pol\u00edtica","comment_count":"0","jetpack_featured_media_url":"https:\/\/contextoanalisisperiodistico.com\/wp-content\/uploads\/2023\/11\/IMG-20231113-WA0110.jpg","_links":{"self":[{"href":"https:\/\/contextoanalisisperiodistico.com\/index.php\/wp-json\/wp\/v2\/posts\/21175"}],"collection":[{"href":"https:\/\/contextoanalisisperiodistico.com\/index.php\/wp-json\/wp\/v2\/posts"}],"about":[{"href":"https:\/\/contextoanalisisperiodistico.com\/index.php\/wp-json\/wp\/v2\/types\/post"}],"author":[{"embeddable":true,"href":"https:\/\/contextoanalisisperiodistico.com\/index.php\/wp-json\/wp\/v2\/users\/4"}],"replies":[{"embeddable":true,"href":"https:\/\/contextoanalisisperiodistico.com\/index.php\/wp-json\/wp\/v2\/comments?post=21175"}],"version-history":[{"count":0,"href":"https:\/\/contextoanalisisperiodistico.com\/index.php\/wp-json\/wp\/v2\/posts\/21175\/revisions"}],"wp:featuredmedia":[{"embeddable":true,"href":"https:\/\/contextoanalisisperiodistico.com\/index.php\/wp-json\/wp\/v2\/media\/21170"}],"wp:attachment":[{"href":"https:\/\/contextoanalisisperiodistico.com\/index.php\/wp-json\/wp\/v2\/media?parent=21175"}],"wp:term":[{"taxonomy":"category","embeddable":true,"href":"https:\/\/contextoanalisisperiodistico.com\/index.php\/wp-json\/wp\/v2\/categories?post=21175"},{"taxonomy":"post_tag","embeddable":true,"href":"https:\/\/contextoanalisisperiodistico.com\/index.php\/wp-json\/wp\/v2\/tags?post=21175"}],"curies":[{"name":"wp","href":"https:\/\/api.w.org\/{rel}","templated":true}]}}