{"id":21163,"date":"2023-11-13T19:11:30","date_gmt":"2023-11-14T01:11:30","guid":{"rendered":"https:\/\/contextoanalisisperiodistico.com\/index.php\/2023\/11\/13\/para-resolver-de-fondo-el-problema-martinez-neri-encabeza-estudio-cientifico-sobre-rsu\/"},"modified":"2023-11-13T19:11:30","modified_gmt":"2023-11-14T01:11:30","slug":"para-resolver-de-fondo-el-problema-martinez-neri-encabeza-estudio-cientifico-sobre-rsu","status":"publish","type":"post","link":"https:\/\/contextoanalisisperiodistico.com\/index.php\/2023\/11\/13\/para-resolver-de-fondo-el-problema-martinez-neri-encabeza-estudio-cientifico-sobre-rsu\/","title":{"rendered":"Para resolver de fondo el problema, Mart\u00ednez Neri encabeza estudio cient\u00edfico sobre RSU."},"content":{"rendered":"<div id=\"fb-root\"><\/div>\n\n<p>\u2022Este estudio contribuir\u00e1 significativamente a comprender el origen y caracterizaci\u00f3n de los residuos s\u00f3lidos urbanos, as\u00ed como los h\u00e1bitos de consumo de la poblaci\u00f3n.<\/p>\n\n\n\n<figure class=\"wp-block-image size-large\"><img fetchpriority=\"high\" decoding=\"async\" width=\"1024\" height=\"682\" src=\"https:\/\/contextoanalisisperiodistico.com\/wp-content\/uploads\/2023\/11\/img-20231113-wa00732031943917454648306-1024x682.jpg\" alt=\"\" class=\"wp-image-21161\" srcset=\"https:\/\/contextoanalisisperiodistico.com\/wp-content\/uploads\/2023\/11\/img-20231113-wa00732031943917454648306-1024x682.jpg 1024w, https:\/\/contextoanalisisperiodistico.com\/wp-content\/uploads\/2023\/11\/img-20231113-wa00732031943917454648306-300x200.jpg 300w, https:\/\/contextoanalisisperiodistico.com\/wp-content\/uploads\/2023\/11\/img-20231113-wa00732031943917454648306-768x512.jpg 768w, https:\/\/contextoanalisisperiodistico.com\/wp-content\/uploads\/2023\/11\/img-20231113-wa00732031943917454648306.jpg 1280w\" sizes=\"(max-width: 1024px) 100vw, 1024px\" \/><\/figure>\n\n\n\n<figure class=\"wp-block-image\"><img decoding=\"async\" width=\"1024\" height=\"682\" src=\"https:\/\/contextoanalisisperiodistico.com\/wp-content\/uploads\/2023\/11\/img-20231113-wa00722485027160525684924-1024x682.jpg\" alt=\"\" class=\"wp-image-21160\" srcset=\"https:\/\/contextoanalisisperiodistico.com\/wp-content\/uploads\/2023\/11\/img-20231113-wa00722485027160525684924-1024x682.jpg 1024w, https:\/\/contextoanalisisperiodistico.com\/wp-content\/uploads\/2023\/11\/img-20231113-wa00722485027160525684924-300x200.jpg 300w, https:\/\/contextoanalisisperiodistico.com\/wp-content\/uploads\/2023\/11\/img-20231113-wa00722485027160525684924-768x512.jpg 768w, https:\/\/contextoanalisisperiodistico.com\/wp-content\/uploads\/2023\/11\/img-20231113-wa00722485027160525684924.jpg 1280w\" sizes=\"(max-width: 1024px) 100vw, 1024px\" \/><\/figure>\n\n\n\n<figure class=\"wp-block-image\"><img decoding=\"async\" width=\"300\" height=\"225\" src=\"https:\/\/contextoanalisisperiodistico.com\/wp-content\/uploads\/2023\/11\/img-20231113-wa00791375936131307177064-300x225.jpg\" alt=\"\" class=\"wp-image-21162\" srcset=\"https:\/\/contextoanalisisperiodistico.com\/wp-content\/uploads\/2023\/11\/img-20231113-wa00791375936131307177064-300x225.jpg 300w, https:\/\/contextoanalisisperiodistico.com\/wp-content\/uploads\/2023\/11\/img-20231113-wa00791375936131307177064-768x576.jpg 768w, https:\/\/contextoanalisisperiodistico.com\/wp-content\/uploads\/2023\/11\/img-20231113-wa00791375936131307177064.jpg 960w\" sizes=\"(max-width: 300px) 100vw, 300px\" \/><\/figure>\n\n\n\n<p>Oaxaca de Ju\u00e1rez, Oax., a 13 de noviembre de 2023.- El presidente municipal, Francisco Mart\u00ednez Neri, lidera la ejecuci\u00f3n de un estudio cient\u00edfico que permitir\u00e1 abordar el problema de los Residuos S\u00f3lidos Urbanos (RSU) en el municipio de Oaxaca de Ju\u00e1rez y construir una soluci\u00f3n de fondo.<\/p>\n\n\n\n<p>En colaboraci\u00f3n con un equipo de cient\u00edficos del Consejo Nacional de Humanidades, Ciencia y Tecnolog\u00eda (CONAHCYT), y como parte de la segunda fase del estudio de generaci\u00f3n y caracterizaci\u00f3n de los Residuos S\u00f3lidos Urbanos (RSU), se llevar\u00e1 a cabo una encuesta, casa por casa, del 13 al 26 de noviembre en Oaxaca de Ju\u00e1rez, as\u00ed como, Santa Cruz Xoxocotl\u00e1n, Santa Luc\u00eda del Camino, San Antonio de la Cal y San Sebasti\u00e1n Tutla.<\/p>\n\n\n\n<p>El objetivo principal de esta iniciativa es obtener informaci\u00f3n esencial sobre la cantidad, composici\u00f3n y calidad de los residuos generados en la zona conurbada.<\/p>\n\n\n\n<p>Las y los encuestadores se presentar\u00e1n debidamente identificados y explicando el prop\u00f3sito de la encuesta, la cual busca analizar h\u00e1bitos de consumo y actitudes hacia la gesti\u00f3n de los RSU.<br \/>Con este estudio, se busca afrontar los desaf\u00edos de los residuos s\u00f3lidos urbanos y liderar el camino hacia una gesti\u00f3n m\u00e1s eficiente y sostenible en Oaxaca, sin comprometer las finanzas municipales, dando un paso fundamental para cambiar la relaci\u00f3n de la ciudadan\u00eda con el medio ambiente.&nbsp;<\/p>\n\n\n\n<p>El problema de los RSU ha cobrado relevancia a nivel nacional e internacional debido al aumento constante de residuos, ligado al crecimiento poblacional, desarrollo industrial y el uso generalizado de pl\u00e1sticos desechables. De esta forma, este estudio contribuir\u00e1 significativamente a comprender la problem\u00e1tica y trabajar en soluciones efectivas.<\/p>\n\n\n\n<p>En este sentido, Mart\u00ednez Neri y su equipo de trabajo est\u00e1n decididos a generar soluciones concretas, sostenibles y a enfrentar los retos de los residuos s\u00f3lidos urbanos con determinaci\u00f3n y responsabilidad, en favor del bienestar de las familias oaxaque\u00f1as.<\/p>\n","protected":false},"excerpt":{"rendered":"<p>\u2022Este estudio contribuir\u00e1 significativamente a comprender el origen y caracterizaci\u00f3n de los residuos s\u00f3lidos urbanos,&#8230;<\/p>\n","protected":false},"author":4,"featured_media":21159,"comment_status":"","ping_status":"open","sticky":false,"template":"","format":"standard","meta":{"footnotes":""},"categories":[9],"tags":[],"jetpack_sharing_enabled":true,"featured_image_urls":{"full":["https:\/\/contextoanalisisperiodistico.com\/wp-content\/uploads\/2023\/11\/IMG-20231113-WA0071.jpg",1600,1066,false],"thumbnail":["https:\/\/contextoanalisisperiodistico.com\/wp-content\/uploads\/2023\/11\/IMG-20231113-WA0071-150x150.jpg",150,150,true],"medium":["https:\/\/contextoanalisisperiodistico.com\/wp-content\/uploads\/2023\/11\/IMG-20231113-WA0071-300x200.jpg",300,200,true],"medium_large":["https:\/\/contextoanalisisperiodistico.com\/wp-content\/uploads\/2023\/11\/IMG-20231113-WA0071-768x512.jpg",640,427,true],"large":["https:\/\/contextoanalisisperiodistico.com\/wp-content\/uploads\/2023\/11\/IMG-20231113-WA0071-1024x682.jpg",640,426,true],"1536x1536":["https:\/\/contextoanalisisperiodistico.com\/wp-content\/uploads\/2023\/11\/IMG-20231113-WA0071-1536x1023.jpg",1536,1023,true],"2048x2048":["https:\/\/contextoanalisisperiodistico.com\/wp-content\/uploads\/2023\/11\/IMG-20231113-WA0071.jpg",1600,1066,false],"covernews-slider-full":["https:\/\/contextoanalisisperiodistico.com\/wp-content\/uploads\/2023\/11\/IMG-20231113-WA0071-1115x715.jpg",1115,715,true],"covernews-slider-center":["https:\/\/contextoanalisisperiodistico.com\/wp-content\/uploads\/2023\/11\/IMG-20231113-WA0071-800x500.jpg",800,500,true],"covernews-featured":["https:\/\/contextoanalisisperiodistico.com\/wp-content\/uploads\/2023\/11\/IMG-20231113-WA0071-1024x682.jpg",1024,682,true],"covernews-medium":["https:\/\/contextoanalisisperiodistico.com\/wp-content\/uploads\/2023\/11\/IMG-20231113-WA0071-540x340.jpg",540,340,true],"covernews-medium-square":["https:\/\/contextoanalisisperiodistico.com\/wp-content\/uploads\/2023\/11\/IMG-20231113-WA0071-400x250.jpg",400,250,true]},"author_info":{"display_name":"Mario Gir\u00f3n","author_link":"https:\/\/contextoanalisisperiodistico.com\/index.php\/author\/director\/"},"category_info":"<a href=\"https:\/\/contextoanalisisperiodistico.com\/index.php\/category\/politica\/\" rel=\"category tag\">Pol\u00edtica<\/a>","tag_info":"Pol\u00edtica","comment_count":"0","jetpack_featured_media_url":"https:\/\/contextoanalisisperiodistico.com\/wp-content\/uploads\/2023\/11\/IMG-20231113-WA0071.jpg","_links":{"self":[{"href":"https:\/\/contextoanalisisperiodistico.com\/index.php\/wp-json\/wp\/v2\/posts\/21163"}],"collection":[{"href":"https:\/\/contextoanalisisperiodistico.com\/index.php\/wp-json\/wp\/v2\/posts"}],"about":[{"href":"https:\/\/contextoanalisisperiodistico.com\/index.php\/wp-json\/wp\/v2\/types\/post"}],"author":[{"embeddable":true,"href":"https:\/\/contextoanalisisperiodistico.com\/index.php\/wp-json\/wp\/v2\/users\/4"}],"replies":[{"embeddable":true,"href":"https:\/\/contextoanalisisperiodistico.com\/index.php\/wp-json\/wp\/v2\/comments?post=21163"}],"version-history":[{"count":0,"href":"https:\/\/contextoanalisisperiodistico.com\/index.php\/wp-json\/wp\/v2\/posts\/21163\/revisions"}],"wp:featuredmedia":[{"embeddable":true,"href":"https:\/\/contextoanalisisperiodistico.com\/index.php\/wp-json\/wp\/v2\/media\/21159"}],"wp:attachment":[{"href":"https:\/\/contextoanalisisperiodistico.com\/index.php\/wp-json\/wp\/v2\/media?parent=21163"}],"wp:term":[{"taxonomy":"category","embeddable":true,"href":"https:\/\/contextoanalisisperiodistico.com\/index.php\/wp-json\/wp\/v2\/categories?post=21163"},{"taxonomy":"post_tag","embeddable":true,"href":"https:\/\/contextoanalisisperiodistico.com\/index.php\/wp-json\/wp\/v2\/tags?post=21163"}],"curies":[{"name":"wp","href":"https:\/\/api.w.org\/{rel}","templated":true}]}}