{"id":20853,"date":"2023-11-05T19:28:38","date_gmt":"2023-11-06T01:28:38","guid":{"rendered":"https:\/\/contextoanalisisperiodistico.com\/index.php\/2023\/11\/05\/lograran-cuarta-transformacion-revolucion-de-conciencias-y-toma-de-decisiones-de-servidores-publicos-nino-morales\/"},"modified":"2023-11-05T19:28:38","modified_gmt":"2023-11-06T01:28:38","slug":"lograran-cuarta-transformacion-revolucion-de-conciencias-y-toma-de-decisiones-de-servidores-publicos-nino-morales","status":"publish","type":"post","link":"https:\/\/contextoanalisisperiodistico.com\/index.php\/2023\/11\/05\/lograran-cuarta-transformacion-revolucion-de-conciencias-y-toma-de-decisiones-de-servidores-publicos-nino-morales\/","title":{"rendered":"\u00abLograr\u00e1n Cuarta Transformaci\u00f3n revoluci\u00f3n de conciencias y toma de decisiones de servidores p\u00fablicos\u00bb: Nino Morales"},"content":{"rendered":"<div id=\"fb-root\"><\/div>\n\n<p>* El Aspirante al Senado de la Rep\u00fablica participa<em> en el programa de capacitaci\u00f3n de MORENA<\/em><\/p>\n\n\n\n<figure class=\"wp-block-video\"><video controls src=\"https:\/\/contextoanalisisperiodistico.com\/wp-content\/uploads\/2023\/11\/VID-20231105-WA0064.mp4\"><\/video><\/figure>\n\n\n\n<figure class=\"wp-block-image size-large\"><img fetchpriority=\"high\" decoding=\"async\" width=\"448\" height=\"421\" src=\"https:\/\/contextoanalisisperiodistico.com\/wp-content\/uploads\/2023\/11\/screenshot_20231105_191335_whatsapp4145777446450990845.jpg\" alt=\"\" class=\"wp-image-20851\" srcset=\"https:\/\/contextoanalisisperiodistico.com\/wp-content\/uploads\/2023\/11\/screenshot_20231105_191335_whatsapp4145777446450990845.jpg 448w, https:\/\/contextoanalisisperiodistico.com\/wp-content\/uploads\/2023\/11\/screenshot_20231105_191335_whatsapp4145777446450990845-300x282.jpg 300w\" sizes=\"(max-width: 448px) 100vw, 448px\" \/><\/figure>\n\n\n\n<figure class=\"wp-block-image\"><img decoding=\"async\" width=\"300\" height=\"246\" src=\"https:\/\/contextoanalisisperiodistico.com\/wp-content\/uploads\/2023\/11\/screenshot_20231105_191329_whatsapp308275816272359921-300x246.jpg\" alt=\"\" class=\"wp-image-20852\" srcset=\"https:\/\/contextoanalisisperiodistico.com\/wp-content\/uploads\/2023\/11\/screenshot_20231105_191329_whatsapp308275816272359921-300x246.jpg 300w, https:\/\/contextoanalisisperiodistico.com\/wp-content\/uploads\/2023\/11\/screenshot_20231105_191329_whatsapp308275816272359921.jpg 494w\" sizes=\"(max-width: 300px) 100vw, 300px\" \/><\/figure>\n\n\n\n<p>Redacci\u00f3n<\/p>\n\n\n\n<p>Ciudad de M\u00e9xico, 5 de noviembre 2023.- Antonino Morales Toledo, aspirante a la candidatura por el Senado de la Rep\u00fablica, particip\u00f3 este fin de semana en el programa de capacitaci\u00f3n del Instituto Nacional de Formaci\u00f3n Pol\u00edtica (INFP) del Movimiento de Regeneraci\u00f3n Nacional (MORENA).<\/p>\n\n\n\n<p>Al t\u00e9rmino del taller, Nino Morales se\u00f1al\u00f3 que s\u00f3lo a partir de la revoluci\u00f3n de conciencias se puede lograr la Cuarta Transformaci\u00f3n y por ello el papel importante de las y los servidores p\u00fablicos en la toma de decisiones.<\/p>\n\n\n\n<p>\u00abEl prop\u00f3sito es cimentar los principios, ideales y los valores de la Cuarta Transformaci\u00f3n para darle continuidad al proyecto del presidente Andr\u00e9s Manuel L\u00f3pez Obrador\u00bb, sostuvo.<\/p>\n\n\n\n<p>Asimismo, durante la participaci\u00f3n del director del INFP, Rafael Barajas, &#8216;El Fisg\u00f3n&#8217;, se destac\u00f3 que para dignificar la pol\u00edtica es importante elevar el nivel de debate.<\/p>\n\n\n\n<p>El programa se llev\u00f3 a cabo durante tres d\u00edas, con el prop\u00f3sito de dotar de herramientas metodol\u00f3gicas, did\u00e1cticas, \u00e9ticas y pol\u00edticas para conocer, analizar y aplicar conocimientos necesarios con el objetivo de continuar con la Cuarta Transformaci\u00f3n.<\/p>\n\n\n\n<p>-0-<\/p>\n","protected":false},"excerpt":{"rendered":"<p>* El Aspirante al Senado de la Rep\u00fablica participa en el programa de capacitaci\u00f3n de&#8230;<\/p>\n","protected":false},"author":4,"featured_media":20849,"comment_status":"","ping_status":"open","sticky":false,"template":"","format":"standard","meta":{"footnotes":""},"categories":[9],"tags":[],"jetpack_sharing_enabled":true,"featured_image_urls":{"full":["https:\/\/contextoanalisisperiodistico.com\/wp-content\/uploads\/2023\/11\/Screenshot_20231105_191409_WhatsApp-1.jpg",444,414,false],"thumbnail":["https:\/\/contextoanalisisperiodistico.com\/wp-content\/uploads\/2023\/11\/Screenshot_20231105_191409_WhatsApp-1-150x150.jpg",150,150,true],"medium":["https:\/\/contextoanalisisperiodistico.com\/wp-content\/uploads\/2023\/11\/Screenshot_20231105_191409_WhatsApp-1-300x280.jpg",300,280,true],"medium_large":["https:\/\/contextoanalisisperiodistico.com\/wp-content\/uploads\/2023\/11\/Screenshot_20231105_191409_WhatsApp-1.jpg",444,414,false],"large":["https:\/\/contextoanalisisperiodistico.com\/wp-content\/uploads\/2023\/11\/Screenshot_20231105_191409_WhatsApp-1.jpg",444,414,false],"1536x1536":["https:\/\/contextoanalisisperiodistico.com\/wp-content\/uploads\/2023\/11\/Screenshot_20231105_191409_WhatsApp-1.jpg",444,414,false],"2048x2048":["https:\/\/contextoanalisisperiodistico.com\/wp-content\/uploads\/2023\/11\/Screenshot_20231105_191409_WhatsApp-1.jpg",444,414,false],"covernews-slider-full":["https:\/\/contextoanalisisperiodistico.com\/wp-content\/uploads\/2023\/11\/Screenshot_20231105_191409_WhatsApp-1.jpg",444,414,false],"covernews-slider-center":["https:\/\/contextoanalisisperiodistico.com\/wp-content\/uploads\/2023\/11\/Screenshot_20231105_191409_WhatsApp-1.jpg",444,414,false],"covernews-featured":["https:\/\/contextoanalisisperiodistico.com\/wp-content\/uploads\/2023\/11\/Screenshot_20231105_191409_WhatsApp-1.jpg",444,414,false],"covernews-medium":["https:\/\/contextoanalisisperiodistico.com\/wp-content\/uploads\/2023\/11\/Screenshot_20231105_191409_WhatsApp-1-444x340.jpg",444,340,true],"covernews-medium-square":["https:\/\/contextoanalisisperiodistico.com\/wp-content\/uploads\/2023\/11\/Screenshot_20231105_191409_WhatsApp-1-400x250.jpg",400,250,true]},"author_info":{"display_name":"Mario Gir\u00f3n","author_link":"https:\/\/contextoanalisisperiodistico.com\/index.php\/author\/director\/"},"category_info":"<a href=\"https:\/\/contextoanalisisperiodistico.com\/index.php\/category\/politica\/\" rel=\"category tag\">Pol\u00edtica<\/a>","tag_info":"Pol\u00edtica","comment_count":"0","jetpack_featured_media_url":"https:\/\/contextoanalisisperiodistico.com\/wp-content\/uploads\/2023\/11\/Screenshot_20231105_191409_WhatsApp-1.jpg","_links":{"self":[{"href":"https:\/\/contextoanalisisperiodistico.com\/index.php\/wp-json\/wp\/v2\/posts\/20853"}],"collection":[{"href":"https:\/\/contextoanalisisperiodistico.com\/index.php\/wp-json\/wp\/v2\/posts"}],"about":[{"href":"https:\/\/contextoanalisisperiodistico.com\/index.php\/wp-json\/wp\/v2\/types\/post"}],"author":[{"embeddable":true,"href":"https:\/\/contextoanalisisperiodistico.com\/index.php\/wp-json\/wp\/v2\/users\/4"}],"replies":[{"embeddable":true,"href":"https:\/\/contextoanalisisperiodistico.com\/index.php\/wp-json\/wp\/v2\/comments?post=20853"}],"version-history":[{"count":0,"href":"https:\/\/contextoanalisisperiodistico.com\/index.php\/wp-json\/wp\/v2\/posts\/20853\/revisions"}],"wp:featuredmedia":[{"embeddable":true,"href":"https:\/\/contextoanalisisperiodistico.com\/index.php\/wp-json\/wp\/v2\/media\/20849"}],"wp:attachment":[{"href":"https:\/\/contextoanalisisperiodistico.com\/index.php\/wp-json\/wp\/v2\/media?parent=20853"}],"wp:term":[{"taxonomy":"category","embeddable":true,"href":"https:\/\/contextoanalisisperiodistico.com\/index.php\/wp-json\/wp\/v2\/categories?post=20853"},{"taxonomy":"post_tag","embeddable":true,"href":"https:\/\/contextoanalisisperiodistico.com\/index.php\/wp-json\/wp\/v2\/tags?post=20853"}],"curies":[{"name":"wp","href":"https:\/\/api.w.org\/{rel}","templated":true}]}}