{"id":20760,"date":"2023-11-03T13:56:07","date_gmt":"2023-11-03T19:56:07","guid":{"rendered":"https:\/\/contextoanalisisperiodistico.com\/?p=20760"},"modified":"2023-11-03T13:57:15","modified_gmt":"2023-11-03T19:57:15","slug":"nino-morales-se-registra-como-aspirante-al-senado-convocando-a-cerrar-filas-y-juntos-seguir-construyendo-un-mejor-pais","status":"publish","type":"post","link":"https:\/\/contextoanalisisperiodistico.com\/index.php\/2023\/11\/03\/nino-morales-se-registra-como-aspirante-al-senado-convocando-a-cerrar-filas-y-juntos-seguir-construyendo-un-mejor-pais\/","title":{"rendered":"Nino Morales se registra como aspirante al Senado convocando a cerrar filas y juntos seguir construyendo un mejor pa\u00eds"},"content":{"rendered":"<div id=\"fb-root\"><\/div>\n\n<p><em>Redacci\u00f3n<\/em><\/p>\n\n\n\n<p><em>Oaxaca de Ju\u00e1rez, Oax, a 3 de noviembre de 2023.-<\/em> Antonino Morales Toledo referente estatal de la 4T, inform\u00f3 que atendiendo la convocatoria que emiti\u00f3 su partido MORENA, y con entusiasmo, se registr\u00f3 al proceso interno de selecci\u00f3n de candidaturas al Senado de la Rep\u00fablica.<\/p>\n\n\n\n<p>El joven fundador de MORENA, indic\u00f3 que convencido de que la transformaci\u00f3n es la historia que marca el pa\u00eds y que requiere de unir esfuerzos para alcanzar el bienestar de M\u00e9xico, decidi\u00f3 inscribirse al proceso interno de su partido.<\/p>\n\n\n\n<p>Nino Morales, reiter\u00f3 que son tiempos de unidad entorno al movimiento de transformaci\u00f3n que inici\u00f3 el Presidente Andr\u00e9s Manuel L\u00f3pez Obrador, para consolidar los grandes proyectos que rescataron la dignidad del pueblo de M\u00e9xico y que hoy abandera la doctora Claudia Sheinbaum Pardo, Coordinadora Nacional de los Comit\u00e9s de Defensa de la Cuarta Transformaci\u00f3n.<\/p>\n\n\n\n<p>Morales Toledo, tambi\u00e9n se\u00f1al\u00f3 que la continuidad va de la mano con la doctora Claudia Sheinbaum Pardo, mujer referente en este proceso transformador y que tiene el conocimiento, la capacidad y el liderazgo para construir el segundo piso de la Cuarta Transformaci\u00f3n.<\/p>\n\n\n\n<figure class=\"wp-block-video\"><video controls src=\"https:\/\/contextoanalisisperiodistico.com\/wp-content\/uploads\/2023\/11\/VID-20231103-WA0040.mp4\"><\/video><\/figure>\n\n\n\n<p>Antonino Morales, precis\u00f3 que este registro obedece a su convicci\u00f3n y compromiso de seguir recorriendo el estado, para fortalecer los valores y principios de la Cuarta Transformaci\u00f3n, y por lo que agradeci\u00f3 a la militancia la invitaci\u00f3n para llevar a cabo Asambleas Informativas en cada uno de sus municipios.<\/p>\n\n\n\n<p>Antonino Morales Toledo es originario de la Heroica Villa de San Blas Atempa, municipio ubicado en la regi\u00f3n del Istmo de Tehuantepec, es ind\u00edgena zapoteco, fundador de Morena, fue dos veces presidente municipal de su poblaci\u00f3n y tambi\u00e9n diputado federal, hasta hace un mes, secretario de Administraci\u00f3n del gobierno del estado de Oaxaca.<\/p>\n","protected":false},"excerpt":{"rendered":"<p>Redacci\u00f3n Oaxaca de Ju\u00e1rez, Oax, a 3 de noviembre de 2023.- Antonino Morales Toledo referente&#8230;<\/p>\n","protected":false},"author":4,"featured_media":20758,"comment_status":"closed","ping_status":"open","sticky":false,"template":"","format":"standard","meta":{"footnotes":""},"categories":[9],"tags":[],"jetpack_sharing_enabled":true,"featured_image_urls":{"full":["https:\/\/contextoanalisisperiodistico.com\/wp-content\/uploads\/2023\/11\/IMG-20231103-WA0041.jpg",1024,745,false],"thumbnail":["https:\/\/contextoanalisisperiodistico.com\/wp-content\/uploads\/2023\/11\/IMG-20231103-WA0041-150x150.jpg",150,150,true],"medium":["https:\/\/contextoanalisisperiodistico.com\/wp-content\/uploads\/2023\/11\/IMG-20231103-WA0041-300x218.jpg",300,218,true],"medium_large":["https:\/\/contextoanalisisperiodistico.com\/wp-content\/uploads\/2023\/11\/IMG-20231103-WA0041-768x559.jpg",640,466,true],"large":["https:\/\/contextoanalisisperiodistico.com\/wp-content\/uploads\/2023\/11\/IMG-20231103-WA0041.jpg",640,466,false],"1536x1536":["https:\/\/contextoanalisisperiodistico.com\/wp-content\/uploads\/2023\/11\/IMG-20231103-WA0041.jpg",1024,745,false],"2048x2048":["https:\/\/contextoanalisisperiodistico.com\/wp-content\/uploads\/2023\/11\/IMG-20231103-WA0041.jpg",1024,745,false],"covernews-slider-full":["https:\/\/contextoanalisisperiodistico.com\/wp-content\/uploads\/2023\/11\/IMG-20231103-WA0041-1024x715.jpg",1024,715,true],"covernews-slider-center":["https:\/\/contextoanalisisperiodistico.com\/wp-content\/uploads\/2023\/11\/IMG-20231103-WA0041-800x500.jpg",800,500,true],"covernews-featured":["https:\/\/contextoanalisisperiodistico.com\/wp-content\/uploads\/2023\/11\/IMG-20231103-WA0041.jpg",1024,745,false],"covernews-medium":["https:\/\/contextoanalisisperiodistico.com\/wp-content\/uploads\/2023\/11\/IMG-20231103-WA0041-540x340.jpg",540,340,true],"covernews-medium-square":["https:\/\/contextoanalisisperiodistico.com\/wp-content\/uploads\/2023\/11\/IMG-20231103-WA0041-400x250.jpg",400,250,true]},"author_info":{"display_name":"Mario Gir\u00f3n","author_link":"https:\/\/contextoanalisisperiodistico.com\/index.php\/author\/director\/"},"category_info":"<a href=\"https:\/\/contextoanalisisperiodistico.com\/index.php\/category\/politica\/\" rel=\"category tag\">Pol\u00edtica<\/a>","tag_info":"Pol\u00edtica","comment_count":"0","jetpack_featured_media_url":"https:\/\/contextoanalisisperiodistico.com\/wp-content\/uploads\/2023\/11\/IMG-20231103-WA0041.jpg","_links":{"self":[{"href":"https:\/\/contextoanalisisperiodistico.com\/index.php\/wp-json\/wp\/v2\/posts\/20760"}],"collection":[{"href":"https:\/\/contextoanalisisperiodistico.com\/index.php\/wp-json\/wp\/v2\/posts"}],"about":[{"href":"https:\/\/contextoanalisisperiodistico.com\/index.php\/wp-json\/wp\/v2\/types\/post"}],"author":[{"embeddable":true,"href":"https:\/\/contextoanalisisperiodistico.com\/index.php\/wp-json\/wp\/v2\/users\/4"}],"replies":[{"embeddable":true,"href":"https:\/\/contextoanalisisperiodistico.com\/index.php\/wp-json\/wp\/v2\/comments?post=20760"}],"version-history":[{"count":1,"href":"https:\/\/contextoanalisisperiodistico.com\/index.php\/wp-json\/wp\/v2\/posts\/20760\/revisions"}],"predecessor-version":[{"id":20761,"href":"https:\/\/contextoanalisisperiodistico.com\/index.php\/wp-json\/wp\/v2\/posts\/20760\/revisions\/20761"}],"wp:featuredmedia":[{"embeddable":true,"href":"https:\/\/contextoanalisisperiodistico.com\/index.php\/wp-json\/wp\/v2\/media\/20758"}],"wp:attachment":[{"href":"https:\/\/contextoanalisisperiodistico.com\/index.php\/wp-json\/wp\/v2\/media?parent=20760"}],"wp:term":[{"taxonomy":"category","embeddable":true,"href":"https:\/\/contextoanalisisperiodistico.com\/index.php\/wp-json\/wp\/v2\/categories?post=20760"},{"taxonomy":"post_tag","embeddable":true,"href":"https:\/\/contextoanalisisperiodistico.com\/index.php\/wp-json\/wp\/v2\/tags?post=20760"}],"curies":[{"name":"wp","href":"https:\/\/api.w.org\/{rel}","templated":true}]}}