{"id":20718,"date":"2023-11-01T20:48:32","date_gmt":"2023-11-02T02:48:32","guid":{"rendered":"https:\/\/contextoanalisisperiodistico.com\/index.php\/2023\/11\/01\/tarde-magica-orquesta-sinfonica-y-coro-de-la-central-de-abasto-con-esperanza-azteca-cautiva-al-publico\/"},"modified":"2023-11-01T20:48:32","modified_gmt":"2023-11-02T02:48:32","slug":"tarde-magica-orquesta-sinfonica-y-coro-de-la-central-de-abasto-con-esperanza-azteca-cautiva-al-publico","status":"publish","type":"post","link":"https:\/\/contextoanalisisperiodistico.com\/index.php\/2023\/11\/01\/tarde-magica-orquesta-sinfonica-y-coro-de-la-central-de-abasto-con-esperanza-azteca-cautiva-al-publico\/","title":{"rendered":"\u00a1Tarde m\u00e1gica! Orquesta Sinf\u00f3nica y Coro de la Central de Abasto con Esperanza Azteca cautiva al p\u00fablico"},"content":{"rendered":"<div id=\"fb-root\"><\/div>\n\n<ul>\n<li>Ni\u00f1as y ni\u00f1os deleitaron al p\u00fablico con cada pieza musical.<\/li>\n<\/ul>\n\n\n\n<p>Oaxaca de Ju\u00e1rez, Oax., a 01 de Noviembre de 2023.- La majestuosidad del cielo de Oaxaca fue testigo de una velada musical que emocion\u00f3 a cientos de espectadores, locales y visitantes por igual. La Orquesta Sinf\u00f3nica y Coro de la Central de Abasto con Esperanza Azteca, una joya art\u00edstica de la ciudad, se present\u00f3 en el Jard\u00edn \u201cEl Pa\u00f1uelito\u201d, ubicado en el coraz\u00f3n del centro hist\u00f3rico.<\/p>\n\n\n\n<p>La Orquesta Sinf\u00f3nica y Coro de la Central de Abasto con Esperanza Azteca, brind\u00f3 un espect\u00e1culo cargado de misterio y emoci\u00f3n como parte de las festividades de \u00abOaxaca siempre vive, nunca muere. D\u00edas de Muertos 2023\u00bb, un evento especial preparado por el DIF Municipal, que encabeza la presidenta Honoraria del Comit\u00e9 Municipal del Sistema DIF, Bernarda Gonz\u00e1lez Rivas.<\/p>\n\n\n\n<p>Bajo la h\u00e1bil direcci\u00f3n del maestro Pedro Cervantes Ojeda y el acompa\u00f1amiento de un grupo de 15 maestros altamente especializados, la orquesta seleccion\u00f3 cuidadosamente un repertorio especialmente dise\u00f1ado para capturar la esencia de las festividades. Cada pieza musical interpretada envolvi\u00f3 al p\u00fablico en un universo de emociones y melod\u00edas conmovedoras.<\/p>\n\n\n\n<p>Los casi 200 talentosos ni\u00f1os y ni\u00f1as, integrantes de la orquesta, deleitaron a la audiencia con interpretaciones magistrales que incluyeron piezas como \u00abO Fortuna\u00bb de Carl Orff, \u00abAmigos,\u00bb \u00abLa Bamba\u00bb de Richie Valens, \u00abCan Can\u00bb de Jacques Offenbach, \u00abTerranova\u00bb de Richard Meyer, \u00abTeleman\u00bb de George Philipp Teleman, \u00abOda a la Alegr\u00eda\u00bb de Ludwing van Beethoven, \u00abAbr\u00e1zame Muy Fuerte\u00bb y \u00abQuerida\u00bb de Alberto Aguilera Valadez, \u00abHallelujah\u00bb de George F. Handel, \u00abObertura Mexicana\u00bb de Merle J. Isaac y para culminar, una interpretaci\u00f3n emotiva de \u00abEl Dios Nunca Muere\u00bb de Macedonio Alcal\u00e1.<\/p>\n\n\n\n<p>Este evento musical reafirma el compromiso del Municipio de Oaxaca de Ju\u00e1rez con su papel como una ciudad educadora, donde la m\u00fasica florece y se celebra.<\/p>\n\n\n\n<p>La Orquesta Sinf\u00f3nica y Coro de la Central de Abasto con Esperanza Azteca es un claro ejemplo de lo que se puede lograr con dedicaci\u00f3n y pasi\u00f3n por la m\u00fasica, ofreciendo un brillante testimonio del poder transformador del arte en la ciudadan\u00eda.<\/p>\n\n\n\n<figure class=\"wp-block-image size-large\"><img fetchpriority=\"high\" decoding=\"async\" width=\"1024\" height=\"684\" src=\"https:\/\/contextoanalisisperiodistico.com\/wp-content\/uploads\/2023\/11\/img-20231101-wa00917981439625665470614-1024x684.jpg\" alt=\"\" class=\"wp-image-20713\" srcset=\"https:\/\/contextoanalisisperiodistico.com\/wp-content\/uploads\/2023\/11\/img-20231101-wa00917981439625665470614-1024x684.jpg 1024w, https:\/\/contextoanalisisperiodistico.com\/wp-content\/uploads\/2023\/11\/img-20231101-wa00917981439625665470614-300x200.jpg 300w, https:\/\/contextoanalisisperiodistico.com\/wp-content\/uploads\/2023\/11\/img-20231101-wa00917981439625665470614-768x513.jpg 768w, https:\/\/contextoanalisisperiodistico.com\/wp-content\/uploads\/2023\/11\/img-20231101-wa00917981439625665470614-1536x1026.jpg 1536w, https:\/\/contextoanalisisperiodistico.com\/wp-content\/uploads\/2023\/11\/img-20231101-wa00917981439625665470614.jpg 1600w\" sizes=\"(max-width: 1024px) 100vw, 1024px\" \/><\/figure>\n\n\n\n<figure class=\"wp-block-image\"><img decoding=\"async\" width=\"1024\" height=\"684\" src=\"https:\/\/contextoanalisisperiodistico.com\/wp-content\/uploads\/2023\/11\/img-20231101-wa00877940643369939707817-1024x684.jpg\" alt=\"\" class=\"wp-image-20716\" srcset=\"https:\/\/contextoanalisisperiodistico.com\/wp-content\/uploads\/2023\/11\/img-20231101-wa00877940643369939707817-1024x684.jpg 1024w, https:\/\/contextoanalisisperiodistico.com\/wp-content\/uploads\/2023\/11\/img-20231101-wa00877940643369939707817-300x200.jpg 300w, https:\/\/contextoanalisisperiodistico.com\/wp-content\/uploads\/2023\/11\/img-20231101-wa00877940643369939707817-768x513.jpg 768w, https:\/\/contextoanalisisperiodistico.com\/wp-content\/uploads\/2023\/11\/img-20231101-wa00877940643369939707817-1536x1026.jpg 1536w, https:\/\/contextoanalisisperiodistico.com\/wp-content\/uploads\/2023\/11\/img-20231101-wa00877940643369939707817.jpg 1600w\" sizes=\"(max-width: 1024px) 100vw, 1024px\" \/><\/figure>\n\n\n\n<figure class=\"wp-block-image\"><img decoding=\"async\" width=\"1024\" height=\"684\" src=\"https:\/\/contextoanalisisperiodistico.com\/wp-content\/uploads\/2023\/11\/img-20231101-wa00903724164352513878395-1024x684.jpg\" alt=\"\" class=\"wp-image-20715\" srcset=\"https:\/\/contextoanalisisperiodistico.com\/wp-content\/uploads\/2023\/11\/img-20231101-wa00903724164352513878395-1024x684.jpg 1024w, https:\/\/contextoanalisisperiodistico.com\/wp-content\/uploads\/2023\/11\/img-20231101-wa00903724164352513878395-300x200.jpg 300w, https:\/\/contextoanalisisperiodistico.com\/wp-content\/uploads\/2023\/11\/img-20231101-wa00903724164352513878395-768x513.jpg 768w, https:\/\/contextoanalisisperiodistico.com\/wp-content\/uploads\/2023\/11\/img-20231101-wa00903724164352513878395-1536x1026.jpg 1536w, https:\/\/contextoanalisisperiodistico.com\/wp-content\/uploads\/2023\/11\/img-20231101-wa00903724164352513878395.jpg 1600w\" sizes=\"(max-width: 1024px) 100vw, 1024px\" \/><\/figure>\n\n\n\n<figure class=\"wp-block-image\"><img loading=\"lazy\" decoding=\"async\" width=\"1024\" height=\"684\" src=\"https:\/\/contextoanalisisperiodistico.com\/wp-content\/uploads\/2023\/11\/img-20231101-wa00921588614460244195084-1024x684.jpg\" alt=\"\" class=\"wp-image-20714\" srcset=\"https:\/\/contextoanalisisperiodistico.com\/wp-content\/uploads\/2023\/11\/img-20231101-wa00921588614460244195084-1024x684.jpg 1024w, https:\/\/contextoanalisisperiodistico.com\/wp-content\/uploads\/2023\/11\/img-20231101-wa00921588614460244195084-300x200.jpg 300w, https:\/\/contextoanalisisperiodistico.com\/wp-content\/uploads\/2023\/11\/img-20231101-wa00921588614460244195084-768x513.jpg 768w, https:\/\/contextoanalisisperiodistico.com\/wp-content\/uploads\/2023\/11\/img-20231101-wa00921588614460244195084-1536x1026.jpg 1536w, https:\/\/contextoanalisisperiodistico.com\/wp-content\/uploads\/2023\/11\/img-20231101-wa00921588614460244195084.jpg 1600w\" sizes=\"(max-width: 1024px) 100vw, 1024px\" \/><\/figure>\n\n\n\n<figure class=\"wp-block-image\"><img loading=\"lazy\" decoding=\"async\" width=\"1024\" height=\"684\" src=\"https:\/\/contextoanalisisperiodistico.com\/wp-content\/uploads\/2023\/11\/img-20231101-wa00897998356098846918330-1024x684.jpg\" alt=\"\" class=\"wp-image-20717\" srcset=\"https:\/\/contextoanalisisperiodistico.com\/wp-content\/uploads\/2023\/11\/img-20231101-wa00897998356098846918330-1024x684.jpg 1024w, https:\/\/contextoanalisisperiodistico.com\/wp-content\/uploads\/2023\/11\/img-20231101-wa00897998356098846918330-300x200.jpg 300w, https:\/\/contextoanalisisperiodistico.com\/wp-content\/uploads\/2023\/11\/img-20231101-wa00897998356098846918330-768x513.jpg 768w, https:\/\/contextoanalisisperiodistico.com\/wp-content\/uploads\/2023\/11\/img-20231101-wa00897998356098846918330-1536x1026.jpg 1536w, https:\/\/contextoanalisisperiodistico.com\/wp-content\/uploads\/2023\/11\/img-20231101-wa00897998356098846918330.jpg 1600w\" sizes=\"(max-width: 1024px) 100vw, 1024px\" \/><\/figure>\n","protected":false},"excerpt":{"rendered":"<p>Oaxaca de Ju\u00e1rez, Oax., a 01 de Noviembre de 2023.- La majestuosidad del cielo de&#8230;<\/p>\n","protected":false},"author":4,"featured_media":20712,"comment_status":"","ping_status":"open","sticky":false,"template":"","format":"standard","meta":{"footnotes":""},"categories":[9],"tags":[],"jetpack_sharing_enabled":true,"featured_image_urls":{"full":["https:\/\/contextoanalisisperiodistico.com\/wp-content\/uploads\/2023\/11\/IMG-20231101-WA0086.jpg",1600,1069,false],"thumbnail":["https:\/\/contextoanalisisperiodistico.com\/wp-content\/uploads\/2023\/11\/IMG-20231101-WA0086-150x150.jpg",150,150,true],"medium":["https:\/\/contextoanalisisperiodistico.com\/wp-content\/uploads\/2023\/11\/IMG-20231101-WA0086-300x200.jpg",300,200,true],"medium_large":["https:\/\/contextoanalisisperiodistico.com\/wp-content\/uploads\/2023\/11\/IMG-20231101-WA0086-768x513.jpg",640,428,true],"large":["https:\/\/contextoanalisisperiodistico.com\/wp-content\/uploads\/2023\/11\/IMG-20231101-WA0086-1024x684.jpg",640,428,true],"1536x1536":["https:\/\/contextoanalisisperiodistico.com\/wp-content\/uploads\/2023\/11\/IMG-20231101-WA0086-1536x1026.jpg",1536,1026,true],"2048x2048":["https:\/\/contextoanalisisperiodistico.com\/wp-content\/uploads\/2023\/11\/IMG-20231101-WA0086.jpg",1600,1069,false],"covernews-slider-full":["https:\/\/contextoanalisisperiodistico.com\/wp-content\/uploads\/2023\/11\/IMG-20231101-WA0086-1115x715.jpg",1115,715,true],"covernews-slider-center":["https:\/\/contextoanalisisperiodistico.com\/wp-content\/uploads\/2023\/11\/IMG-20231101-WA0086-800x500.jpg",800,500,true],"covernews-featured":["https:\/\/contextoanalisisperiodistico.com\/wp-content\/uploads\/2023\/11\/IMG-20231101-WA0086-1024x684.jpg",1024,684,true],"covernews-medium":["https:\/\/contextoanalisisperiodistico.com\/wp-content\/uploads\/2023\/11\/IMG-20231101-WA0086-540x340.jpg",540,340,true],"covernews-medium-square":["https:\/\/contextoanalisisperiodistico.com\/wp-content\/uploads\/2023\/11\/IMG-20231101-WA0086-400x250.jpg",400,250,true]},"author_info":{"display_name":"Mario Gir\u00f3n","author_link":"https:\/\/contextoanalisisperiodistico.com\/index.php\/author\/director\/"},"category_info":"<a href=\"https:\/\/contextoanalisisperiodistico.com\/index.php\/category\/politica\/\" rel=\"category tag\">Pol\u00edtica<\/a>","tag_info":"Pol\u00edtica","comment_count":"0","jetpack_featured_media_url":"https:\/\/contextoanalisisperiodistico.com\/wp-content\/uploads\/2023\/11\/IMG-20231101-WA0086.jpg","_links":{"self":[{"href":"https:\/\/contextoanalisisperiodistico.com\/index.php\/wp-json\/wp\/v2\/posts\/20718"}],"collection":[{"href":"https:\/\/contextoanalisisperiodistico.com\/index.php\/wp-json\/wp\/v2\/posts"}],"about":[{"href":"https:\/\/contextoanalisisperiodistico.com\/index.php\/wp-json\/wp\/v2\/types\/post"}],"author":[{"embeddable":true,"href":"https:\/\/contextoanalisisperiodistico.com\/index.php\/wp-json\/wp\/v2\/users\/4"}],"replies":[{"embeddable":true,"href":"https:\/\/contextoanalisisperiodistico.com\/index.php\/wp-json\/wp\/v2\/comments?post=20718"}],"version-history":[{"count":0,"href":"https:\/\/contextoanalisisperiodistico.com\/index.php\/wp-json\/wp\/v2\/posts\/20718\/revisions"}],"wp:featuredmedia":[{"embeddable":true,"href":"https:\/\/contextoanalisisperiodistico.com\/index.php\/wp-json\/wp\/v2\/media\/20712"}],"wp:attachment":[{"href":"https:\/\/contextoanalisisperiodistico.com\/index.php\/wp-json\/wp\/v2\/media?parent=20718"}],"wp:term":[{"taxonomy":"category","embeddable":true,"href":"https:\/\/contextoanalisisperiodistico.com\/index.php\/wp-json\/wp\/v2\/categories?post=20718"},{"taxonomy":"post_tag","embeddable":true,"href":"https:\/\/contextoanalisisperiodistico.com\/index.php\/wp-json\/wp\/v2\/tags?post=20718"}],"curies":[{"name":"wp","href":"https:\/\/api.w.org\/{rel}","templated":true}]}}