{"id":20694,"date":"2023-11-01T15:57:47","date_gmt":"2023-11-01T21:57:47","guid":{"rendered":"https:\/\/contextoanalisisperiodistico.com\/index.php\/2023\/11\/01\/fortalece-gobierno-estatal-acciones-de-seguridad-publica-para-bienestar-ciudadano\/"},"modified":"2023-11-01T16:00:01","modified_gmt":"2023-11-01T22:00:01","slug":"fortalece-gobierno-estatal-acciones-de-seguridad-publica-para-bienestar-ciudadano","status":"publish","type":"post","link":"https:\/\/contextoanalisisperiodistico.com\/index.php\/2023\/11\/01\/fortalece-gobierno-estatal-acciones-de-seguridad-publica-para-bienestar-ciudadano\/","title":{"rendered":"<em>Fortalece Gobierno Estatal acciones de seguridad p\u00fablica para bienestar ciudadano<\/em>"},"content":{"rendered":"<div id=\"fb-root\"><\/div>\n\n<p>\u2022 El Gobernador Salom\u00f3n Jara Cruz entreg\u00f3 15 bicicletas el\u00e9ctricas a personal de la Polic\u00eda Vial Estatal del agrupamiento Guupa Yo\u2019o<\/p>\n\n\n\n<p>\u2022 Cada medio de transporte est\u00e1 equipado con un casco de seguridad, r\u00f3tulo de patrulla, luz trasera y delantera, bolsa de herramientas<\/p>\n\n\n\n<p>Oaxaca de Ju\u00e1rez, Oax. 1 de noviembre de 2023.- En seguimiento a las acciones primordiales para el fortalecimiento de la seguridad p\u00fablica y el bienestar de la sociedad oaxaque\u00f1a, as\u00ed como del turismo nacional y extranjero, el Gobernador Salom\u00f3n Jara Cruz entreg\u00f3 15 bicicletas el\u00e9ctricas marca Treck a elementos de la Polic\u00eda Vial Estatal del grupo Guupa Yo\u2019o.<\/p>\n\n\n\n<p>En este sentido, el titular del Poder Ejecutivo manifest\u00f3 que con estas acciones el Gobierno Estatal consolida las bases del Nuevo Pacto Social y ratifica su compromiso para seguir transformando Oaxaca con un ejercicio policial garante del bienestar y tranquilidad de las familias.<\/p>\n\n\n\n<p>En su oportunidad, la titular del SESESP Karina Bar\u00f3n Ortiz destac\u00f3 que este hecho permitir\u00e1 reforzar la proximidad de quienes integran la agrupaci\u00f3n -cuyo nombre significa \u201cel que cuida la casa\u201d- con la ciudadan\u00eda, al realizar su labor de manera eficiente, sensible y emp\u00e1tica.<\/p>\n\n\n\n<p>\u201cLa empat\u00eda permite la reconstrucci\u00f3n de la confianza entre las personas y sus autoridades. Por ello, nos enorgullece que este grupo se capacite constantemente para que pueda desempe\u00f1ar de manera eficaz la leg\u00edtima demanda ciudadana de contar con entornos m\u00e1s seguros y pac\u00edficos\u201d, sostuvo.<\/p>\n\n\n\n<p>En tanto, el director general de la Polic\u00eda Vial Estatal Toribio L\u00f3pez S\u00e1nchez dijo que este hecho permitir\u00e1 tener una mejor reacci\u00f3n y un mayor n\u00famero de recorridos de los elementos que a diario desempe\u00f1an su labor en las principales calles del Centro Hist\u00f3rico de Oaxaca, as\u00ed como en calles de la colonia Reforma.<\/p>\n\n\n\n<p>\u201cSu funci\u00f3n es realizar recorridos en estas calles y supervisar que las ciclov\u00edas est\u00e9n despejadas para las personas usuarias, cuidar que ning\u00fan veh\u00edculo obstruya el paso peatonal, alguna rampa para personas con discapacidad o se encuentre en doble fila; asimismo se encargan de auxiliar tanto a habitantes como al turismo nacional y extranjero\u201d, declar\u00f3.<\/p>\n\n\n\n<p>Cabe destacar que, para salvaguardar la seguridad del personal de la Polic\u00eda Vial Estatal, cada bicicleta est\u00e1 equipada con un casco de seguridad, r\u00f3tulo de patrulla, luz trasera y delantera, bolsa de herramientas.<\/p>\n\n\n\n<p>-0-<\/p>\n\n\n\n<figure class=\"wp-block-image size-large\"><img fetchpriority=\"high\" decoding=\"async\" width=\"1024\" height=\"682\" src=\"https:\/\/contextoanalisisperiodistico.com\/wp-content\/uploads\/2023\/11\/img-20231101-wa00421859338472935391575.jpg\" alt=\"\" class=\"wp-image-20692\" srcset=\"https:\/\/contextoanalisisperiodistico.com\/wp-content\/uploads\/2023\/11\/img-20231101-wa00421859338472935391575.jpg 1024w, https:\/\/contextoanalisisperiodistico.com\/wp-content\/uploads\/2023\/11\/img-20231101-wa00421859338472935391575-300x200.jpg 300w, https:\/\/contextoanalisisperiodistico.com\/wp-content\/uploads\/2023\/11\/img-20231101-wa00421859338472935391575-768x512.jpg 768w\" sizes=\"(max-width: 1024px) 100vw, 1024px\" \/><\/figure>\n\n\n\n<figure class=\"wp-block-image\"><img decoding=\"async\" width=\"300\" height=\"200\" src=\"https:\/\/contextoanalisisperiodistico.com\/wp-content\/uploads\/2023\/11\/img-20231101-wa00402684980373867741980-300x200.jpg\" alt=\"\" class=\"wp-image-20690\" srcset=\"https:\/\/contextoanalisisperiodistico.com\/wp-content\/uploads\/2023\/11\/img-20231101-wa00402684980373867741980-300x200.jpg 300w, https:\/\/contextoanalisisperiodistico.com\/wp-content\/uploads\/2023\/11\/img-20231101-wa00402684980373867741980-768x512.jpg 768w, https:\/\/contextoanalisisperiodistico.com\/wp-content\/uploads\/2023\/11\/img-20231101-wa00402684980373867741980.jpg 1024w\" sizes=\"(max-width: 300px) 100vw, 300px\" \/><\/figure>\n\n\n\n<figure class=\"wp-block-image\"><img decoding=\"async\" width=\"300\" height=\"200\" src=\"https:\/\/contextoanalisisperiodistico.com\/wp-content\/uploads\/2023\/11\/img-20231101-wa00433870993233887366403-300x200.jpg\" alt=\"\" class=\"wp-image-20691\" srcset=\"https:\/\/contextoanalisisperiodistico.com\/wp-content\/uploads\/2023\/11\/img-20231101-wa00433870993233887366403-300x200.jpg 300w, https:\/\/contextoanalisisperiodistico.com\/wp-content\/uploads\/2023\/11\/img-20231101-wa00433870993233887366403-768x512.jpg 768w, https:\/\/contextoanalisisperiodistico.com\/wp-content\/uploads\/2023\/11\/img-20231101-wa00433870993233887366403.jpg 1024w\" sizes=\"(max-width: 300px) 100vw, 300px\" \/><\/figure>\n\n\n\n<figure class=\"wp-block-image\"><img loading=\"lazy\" decoding=\"async\" width=\"300\" height=\"200\" src=\"https:\/\/contextoanalisisperiodistico.com\/wp-content\/uploads\/2023\/11\/img-20231101-wa00385756341170580772361-300x200.jpg\" alt=\"\" class=\"wp-image-20693\" srcset=\"https:\/\/contextoanalisisperiodistico.com\/wp-content\/uploads\/2023\/11\/img-20231101-wa00385756341170580772361-300x200.jpg 300w, https:\/\/contextoanalisisperiodistico.com\/wp-content\/uploads\/2023\/11\/img-20231101-wa00385756341170580772361-768x512.jpg 768w, https:\/\/contextoanalisisperiodistico.com\/wp-content\/uploads\/2023\/11\/img-20231101-wa00385756341170580772361.jpg 1024w\" sizes=\"(max-width: 300px) 100vw, 300px\" \/><\/figure>\n","protected":false},"excerpt":{"rendered":"<p>\u2022 El Gobernador Salom\u00f3n Jara Cruz entreg\u00f3 15 bicicletas el\u00e9ctricas a personal de la Polic\u00eda&#8230;<\/p>\n","protected":false},"author":4,"featured_media":20689,"comment_status":"closed","ping_status":"open","sticky":false,"template":"","format":"standard","meta":{"footnotes":""},"categories":[9],"tags":[],"jetpack_sharing_enabled":true,"featured_image_urls":{"full":["https:\/\/contextoanalisisperiodistico.com\/wp-content\/uploads\/2023\/11\/IMG-20231101-WA0044.jpg",1024,682,false],"thumbnail":["https:\/\/contextoanalisisperiodistico.com\/wp-content\/uploads\/2023\/11\/IMG-20231101-WA0044-150x150.jpg",150,150,true],"medium":["https:\/\/contextoanalisisperiodistico.com\/wp-content\/uploads\/2023\/11\/IMG-20231101-WA0044-300x200.jpg",300,200,true],"medium_large":["https:\/\/contextoanalisisperiodistico.com\/wp-content\/uploads\/2023\/11\/IMG-20231101-WA0044-768x512.jpg",640,427,true],"large":["https:\/\/contextoanalisisperiodistico.com\/wp-content\/uploads\/2023\/11\/IMG-20231101-WA0044.jpg",640,426,false],"1536x1536":["https:\/\/contextoanalisisperiodistico.com\/wp-content\/uploads\/2023\/11\/IMG-20231101-WA0044.jpg",1024,682,false],"2048x2048":["https:\/\/contextoanalisisperiodistico.com\/wp-content\/uploads\/2023\/11\/IMG-20231101-WA0044.jpg",1024,682,false],"covernews-slider-full":["https:\/\/contextoanalisisperiodistico.com\/wp-content\/uploads\/2023\/11\/IMG-20231101-WA0044.jpg",1024,682,false],"covernews-slider-center":["https:\/\/contextoanalisisperiodistico.com\/wp-content\/uploads\/2023\/11\/IMG-20231101-WA0044-800x500.jpg",800,500,true],"covernews-featured":["https:\/\/contextoanalisisperiodistico.com\/wp-content\/uploads\/2023\/11\/IMG-20231101-WA0044.jpg",1024,682,false],"covernews-medium":["https:\/\/contextoanalisisperiodistico.com\/wp-content\/uploads\/2023\/11\/IMG-20231101-WA0044-540x340.jpg",540,340,true],"covernews-medium-square":["https:\/\/contextoanalisisperiodistico.com\/wp-content\/uploads\/2023\/11\/IMG-20231101-WA0044-400x250.jpg",400,250,true]},"author_info":{"display_name":"Mario Gir\u00f3n","author_link":"https:\/\/contextoanalisisperiodistico.com\/index.php\/author\/director\/"},"category_info":"<a href=\"https:\/\/contextoanalisisperiodistico.com\/index.php\/category\/politica\/\" rel=\"category tag\">Pol\u00edtica<\/a>","tag_info":"Pol\u00edtica","comment_count":"0","jetpack_featured_media_url":"https:\/\/contextoanalisisperiodistico.com\/wp-content\/uploads\/2023\/11\/IMG-20231101-WA0044.jpg","_links":{"self":[{"href":"https:\/\/contextoanalisisperiodistico.com\/index.php\/wp-json\/wp\/v2\/posts\/20694"}],"collection":[{"href":"https:\/\/contextoanalisisperiodistico.com\/index.php\/wp-json\/wp\/v2\/posts"}],"about":[{"href":"https:\/\/contextoanalisisperiodistico.com\/index.php\/wp-json\/wp\/v2\/types\/post"}],"author":[{"embeddable":true,"href":"https:\/\/contextoanalisisperiodistico.com\/index.php\/wp-json\/wp\/v2\/users\/4"}],"replies":[{"embeddable":true,"href":"https:\/\/contextoanalisisperiodistico.com\/index.php\/wp-json\/wp\/v2\/comments?post=20694"}],"version-history":[{"count":1,"href":"https:\/\/contextoanalisisperiodistico.com\/index.php\/wp-json\/wp\/v2\/posts\/20694\/revisions"}],"predecessor-version":[{"id":20695,"href":"https:\/\/contextoanalisisperiodistico.com\/index.php\/wp-json\/wp\/v2\/posts\/20694\/revisions\/20695"}],"wp:featuredmedia":[{"embeddable":true,"href":"https:\/\/contextoanalisisperiodistico.com\/index.php\/wp-json\/wp\/v2\/media\/20689"}],"wp:attachment":[{"href":"https:\/\/contextoanalisisperiodistico.com\/index.php\/wp-json\/wp\/v2\/media?parent=20694"}],"wp:term":[{"taxonomy":"category","embeddable":true,"href":"https:\/\/contextoanalisisperiodistico.com\/index.php\/wp-json\/wp\/v2\/categories?post=20694"},{"taxonomy":"post_tag","embeddable":true,"href":"https:\/\/contextoanalisisperiodistico.com\/index.php\/wp-json\/wp\/v2\/tags?post=20694"}],"curies":[{"name":"wp","href":"https:\/\/api.w.org\/{rel}","templated":true}]}}