{"id":20688,"date":"2023-11-01T15:49:09","date_gmt":"2023-11-01T21:49:09","guid":{"rendered":"https:\/\/contextoanalisisperiodistico.com\/index.php\/2023\/11\/01\/impulsa-sego-jornada-sin-drogas-salvas-tu-vida-en-25-municipios-prioritarios-de-oaxaca\/"},"modified":"2023-11-01T15:49:09","modified_gmt":"2023-11-01T21:49:09","slug":"impulsa-sego-jornada-sin-drogas-salvas-tu-vida-en-25-municipios-prioritarios-de-oaxaca","status":"publish","type":"post","link":"https:\/\/contextoanalisisperiodistico.com\/index.php\/2023\/11\/01\/impulsa-sego-jornada-sin-drogas-salvas-tu-vida-en-25-municipios-prioritarios-de-oaxaca\/","title":{"rendered":"Impulsa Sego jornada Sin drogas, salvas t\u00fa vida, en 25 municipios prioritarios de Oaxaca"},"content":{"rendered":"<div id=\"fb-root\"><\/div>\n\n<p>\u2022 A trav\u00e9s de cuatro acciones permanentes se busca acercar a las juventudes al deporte, las artes y al \u00e1mbito laboral<\/p>\n\n\n\n<p><br>Oaxaca de Ju\u00e1rez, Oax. 1 de noviembre de 2023.- Toda vez que el cuidado de la salud mental es una prioridad para el Gobierno del Estado, a trav\u00e9s de la jornada Sin drogas salvas t\u00fa vida, se atender\u00e1n 25 municipios prioritarios del estado.<\/p>\n\n\n\n<figure class=\"wp-block-image size-large\"><img fetchpriority=\"high\" decoding=\"async\" width=\"682\" height=\"1024\" src=\"https:\/\/contextoanalisisperiodistico.com\/wp-content\/uploads\/2023\/11\/img-20231101-wa00543168194723198242278-682x1024.jpg\" alt=\"\" class=\"wp-image-20686\" srcset=\"https:\/\/contextoanalisisperiodistico.com\/wp-content\/uploads\/2023\/11\/img-20231101-wa00543168194723198242278-682x1024.jpg 682w, https:\/\/contextoanalisisperiodistico.com\/wp-content\/uploads\/2023\/11\/img-20231101-wa00543168194723198242278-200x300.jpg 200w, https:\/\/contextoanalisisperiodistico.com\/wp-content\/uploads\/2023\/11\/img-20231101-wa00543168194723198242278-768x1153.jpg 768w, https:\/\/contextoanalisisperiodistico.com\/wp-content\/uploads\/2023\/11\/img-20231101-wa00543168194723198242278-1023x1536.jpg 1023w, https:\/\/contextoanalisisperiodistico.com\/wp-content\/uploads\/2023\/11\/img-20231101-wa00543168194723198242278-1024x1537.jpg 1024w, https:\/\/contextoanalisisperiodistico.com\/wp-content\/uploads\/2023\/11\/img-20231101-wa00543168194723198242278.jpg 1066w\" sizes=\"(max-width: 682px) 100vw, 682px\" \/><\/figure>\n\n\n\n<figure class=\"wp-block-image\"><img decoding=\"async\" width=\"1024\" height=\"682\" src=\"https:\/\/contextoanalisisperiodistico.com\/wp-content\/uploads\/2023\/11\/img-20231101-wa0053353660786925874640-1024x682.jpg\" alt=\"\" class=\"wp-image-20687\" srcset=\"https:\/\/contextoanalisisperiodistico.com\/wp-content\/uploads\/2023\/11\/img-20231101-wa0053353660786925874640-1024x682.jpg 1024w, https:\/\/contextoanalisisperiodistico.com\/wp-content\/uploads\/2023\/11\/img-20231101-wa0053353660786925874640-300x200.jpg 300w, https:\/\/contextoanalisisperiodistico.com\/wp-content\/uploads\/2023\/11\/img-20231101-wa0053353660786925874640-768x512.jpg 768w, https:\/\/contextoanalisisperiodistico.com\/wp-content\/uploads\/2023\/11\/img-20231101-wa0053353660786925874640-1536x1023.jpg 1536w, https:\/\/contextoanalisisperiodistico.com\/wp-content\/uploads\/2023\/11\/img-20231101-wa0053353660786925874640.jpg 1600w\" sizes=\"(max-width: 1024px) 100vw, 1024px\" \/><\/figure>\n\n\n\n<p>As\u00ed lo dio a conocer el secretario de Gobierno, Jes\u00fas Romero L\u00f3pez, quien se\u00f1al\u00f3 que esta estrategia forma parte del Eje Atenci\u00f3n a las Causas, Bienestar y Paz Social del Programa para el Fortalecimiento de la Seguridad del Estado de Oaxaca que impulsa la dependencia que encabeza.<\/p>\n\n\n\n<p>Resalt\u00f3 que este es el primer programa de car\u00e1cter estatal enfocado en atender la problem\u00e1tica del consumo de drogas en j\u00f3venes de entre 15 y 25 a\u00f1os pertenecientes al nivel educativo medio superior y superior, teniendo en cuenta que en Oaxaca alrededor del 30 por ciento de la poblaci\u00f3n pertenece a este rango de edad.<\/p>\n\n\n\n<p>De esta manera, para alejar a la juventud de las drogas el Gobierno del Estado a trav\u00e9s de las dependencias involucradas trabajar\u00e1n en cuatro acciones sustanciales: El acercamiento a las artes y el deporte; El cuidado a la salud mental; La prevenci\u00f3n de la deserci\u00f3n escolar, y la presentaci\u00f3n de una oferta laboral denominada Mi primera chamba.<\/p>\n\n\n\n<p>Romero L\u00f3pez expres\u00f3 que todas estas acciones se desarrollar\u00e1n con talleres, eventos deportivos, capacitaciones, pl\u00e1ticas, ferias y m\u00f3dulos de atenci\u00f3n que se llevar\u00e1n a cabo de manera permanente en los 25 municipios de atenci\u00f3n prioritaria del estado.<\/p>\n\n\n\n<p>Los 25 municipios de atenci\u00f3n prioritaria donde se implementar\u00e1 la Jornada Sin Drogas Salvas T\u00fa Vida son: Oaxaca de Ju\u00e1rez, Santa Cruz Xoxocotl\u00e1n, Santa Luc\u00eda del Camino, Santa Mar\u00eda Atzompa, Villa de Etla, Huajuapan de Le\u00f3n, Heroica Ciuad de Tlaxiaco, Asunci\u00f3n Nochixtl\u00e1n y Santiago Juxtlahuaca.<\/p>\n\n\n\n<p>Tambi\u00e9n en Villa de Tamazulapan del Progreso, San Pedro Mixtepec, San Pedro Pochutla, Santa Mar\u00eda Huatulco, Santiago Pinotepa Nacional, Santa Mar\u00eda Colotepec, Heroica Ciudad de Juchit\u00e1n de Zaragoza, Salina Cruz, Santo Domingo Tehuantepec, Mat\u00edas Romero, Ciudad Ixtepec, San Juan Bautista Tuxtepec, Loma Bonita, Acatl\u00e1n de P\u00e9rez Figueroa, San Miguel Soyaltepec y San Juan Bautista Valle Nacional.<br \/>-0-<\/p>\n","protected":false},"excerpt":{"rendered":"<p>\u2022 A trav\u00e9s de cuatro acciones permanentes se busca acercar a las juventudes al deporte,&#8230;<\/p>\n","protected":false},"author":4,"featured_media":20685,"comment_status":"","ping_status":"open","sticky":false,"template":"","format":"standard","meta":{"footnotes":""},"categories":[9],"tags":[],"jetpack_sharing_enabled":true,"featured_image_urls":{"full":["https:\/\/contextoanalisisperiodistico.com\/wp-content\/uploads\/2023\/11\/IMG-20231101-WA0055.jpg",1600,1066,false],"thumbnail":["https:\/\/contextoanalisisperiodistico.com\/wp-content\/uploads\/2023\/11\/IMG-20231101-WA0055-150x150.jpg",150,150,true],"medium":["https:\/\/contextoanalisisperiodistico.com\/wp-content\/uploads\/2023\/11\/IMG-20231101-WA0055-300x200.jpg",300,200,true],"medium_large":["https:\/\/contextoanalisisperiodistico.com\/wp-content\/uploads\/2023\/11\/IMG-20231101-WA0055-768x512.jpg",640,427,true],"large":["https:\/\/contextoanalisisperiodistico.com\/wp-content\/uploads\/2023\/11\/IMG-20231101-WA0055-1024x682.jpg",640,426,true],"1536x1536":["https:\/\/contextoanalisisperiodistico.com\/wp-content\/uploads\/2023\/11\/IMG-20231101-WA0055-1536x1023.jpg",1536,1023,true],"2048x2048":["https:\/\/contextoanalisisperiodistico.com\/wp-content\/uploads\/2023\/11\/IMG-20231101-WA0055.jpg",1600,1066,false],"covernews-slider-full":["https:\/\/contextoanalisisperiodistico.com\/wp-content\/uploads\/2023\/11\/IMG-20231101-WA0055-1115x715.jpg",1115,715,true],"covernews-slider-center":["https:\/\/contextoanalisisperiodistico.com\/wp-content\/uploads\/2023\/11\/IMG-20231101-WA0055-800x500.jpg",800,500,true],"covernews-featured":["https:\/\/contextoanalisisperiodistico.com\/wp-content\/uploads\/2023\/11\/IMG-20231101-WA0055-1024x682.jpg",1024,682,true],"covernews-medium":["https:\/\/contextoanalisisperiodistico.com\/wp-content\/uploads\/2023\/11\/IMG-20231101-WA0055-540x340.jpg",540,340,true],"covernews-medium-square":["https:\/\/contextoanalisisperiodistico.com\/wp-content\/uploads\/2023\/11\/IMG-20231101-WA0055-400x250.jpg",400,250,true]},"author_info":{"display_name":"Mario Gir\u00f3n","author_link":"https:\/\/contextoanalisisperiodistico.com\/index.php\/author\/director\/"},"category_info":"<a href=\"https:\/\/contextoanalisisperiodistico.com\/index.php\/category\/politica\/\" rel=\"category tag\">Pol\u00edtica<\/a>","tag_info":"Pol\u00edtica","comment_count":"0","jetpack_featured_media_url":"https:\/\/contextoanalisisperiodistico.com\/wp-content\/uploads\/2023\/11\/IMG-20231101-WA0055.jpg","_links":{"self":[{"href":"https:\/\/contextoanalisisperiodistico.com\/index.php\/wp-json\/wp\/v2\/posts\/20688"}],"collection":[{"href":"https:\/\/contextoanalisisperiodistico.com\/index.php\/wp-json\/wp\/v2\/posts"}],"about":[{"href":"https:\/\/contextoanalisisperiodistico.com\/index.php\/wp-json\/wp\/v2\/types\/post"}],"author":[{"embeddable":true,"href":"https:\/\/contextoanalisisperiodistico.com\/index.php\/wp-json\/wp\/v2\/users\/4"}],"replies":[{"embeddable":true,"href":"https:\/\/contextoanalisisperiodistico.com\/index.php\/wp-json\/wp\/v2\/comments?post=20688"}],"version-history":[{"count":0,"href":"https:\/\/contextoanalisisperiodistico.com\/index.php\/wp-json\/wp\/v2\/posts\/20688\/revisions"}],"wp:featuredmedia":[{"embeddable":true,"href":"https:\/\/contextoanalisisperiodistico.com\/index.php\/wp-json\/wp\/v2\/media\/20685"}],"wp:attachment":[{"href":"https:\/\/contextoanalisisperiodistico.com\/index.php\/wp-json\/wp\/v2\/media?parent=20688"}],"wp:term":[{"taxonomy":"category","embeddable":true,"href":"https:\/\/contextoanalisisperiodistico.com\/index.php\/wp-json\/wp\/v2\/categories?post=20688"},{"taxonomy":"post_tag","embeddable":true,"href":"https:\/\/contextoanalisisperiodistico.com\/index.php\/wp-json\/wp\/v2\/tags?post=20688"}],"curies":[{"name":"wp","href":"https:\/\/api.w.org\/{rel}","templated":true}]}}