{"id":20684,"date":"2023-11-01T15:42:55","date_gmt":"2023-11-01T21:42:55","guid":{"rendered":"https:\/\/contextoanalisisperiodistico.com\/index.php\/2023\/11\/01\/motiva-salomon-jara-fomentar-lectura-entre-ninas-ninos-y-adolescentes\/"},"modified":"2023-11-01T15:42:55","modified_gmt":"2023-11-01T21:42:55","slug":"motiva-salomon-jara-fomentar-lectura-entre-ninas-ninos-y-adolescentes","status":"publish","type":"post","link":"https:\/\/contextoanalisisperiodistico.com\/index.php\/2023\/11\/01\/motiva-salomon-jara-fomentar-lectura-entre-ninas-ninos-y-adolescentes\/","title":{"rendered":"<em>Motiva Salom\u00f3n Jara  fomentar<\/em><em> lectura entre ni\u00f1as, ni\u00f1os y adolescentes<\/em>"},"content":{"rendered":"<div id=\"fb-root\"><\/div>\n\n<p>\u2022 El Mandatario oaxaque\u00f1o comparti\u00f3 el cuento El viaje a Mictl\u00e1n, edici\u00f3n triling\u00fce, a estudiantes de la Escuela Primaria Margarita Aguilar D\u00edaz, de la casa hogar Ciudad de las Ni\u00f1as y ni\u00f1ez de varias instituciones<\/p>\n\n\n\n<p>Oaxaca de Ju\u00e1rez, Oax. 1 de noviembre de 2023.- En el D\u00eda de Todos los Santos, el Gobernador del Estado Salom\u00f3n Jara Cruz sostuvo un c\u00edrculo de lectura con ni\u00f1as y ni\u00f1os que cursan su educaci\u00f3n b\u00e1sica, como parte del programa Fomento a la Lectura Un pueblo leyendo para transformar su historia.<\/p>\n\n\n\n<p>En el Primer Patio del Palacio de Gobierno, el Mandatario oaxaque\u00f1o comparti\u00f3 el cuento \u201cEl viaje a Mictl\u00e1n\u201d de V\u00edctor Jos\u00e9 Palacios, edici\u00f3n triling\u00fce, a estudiantes de la Escuela Primaria Margarita Aguilar D\u00edaz, ni\u00f1as de la casa hogar Ciudad de las Ni\u00f1as, ni\u00f1os de la casa hogar Cenzontle y ni\u00f1ez de diferentes instituciones y sectores de la poblaci\u00f3n.<\/p>\n\n\n\n<p>\u201cTodos los d\u00edas primero de cada mes estamos dando lectura a un libro para que m\u00e1s ni\u00f1as, ni\u00f1os y j\u00f3venes se motiven a realizar esta actividad porque para poder vivir hay que aprender\u201d, comparti\u00f3 Jara Cruz con la asistencia de madres, padres de familia y docentes.<\/p>\n\n\n\n<p>El titular del Ejecutivo a\u00f1adi\u00f3 que, con la lectura de \u201cEl viaje a Mictl\u00e1n\u201d, el cual est\u00e1 en espa\u00f1ol, ingl\u00e9s y n\u00e1huatl, se contabilizan un total de 11 productos bibliogr\u00e1ficos que han sido compartidos con las nuevas generaciones.<\/p>\n\n\n\n<p>\u201cAs\u00ed lo vamos a hacer cada mes para que no se les olvide que hay que leer, ya que una persona, una ni\u00f1a, ni\u00f1o o adolescente que lee aprender\u00e1 mucho de la vida, ya que leer es imaginar, so\u00f1ar y vivir tambi\u00e9n\u201d, comparti\u00f3 Salom\u00f3n Jara.<\/p>\n\n\n\n<p>Durante el encuentro literario, el Gobernador del Estado comparti\u00f3 la lectura con las ni\u00f1as y el ni\u00f1o, Amel\u00ed, Valentina y Rodrigo, quienes mostraron su habilidad de lectura ante quienes estuvieron presentes.<br \/>-0-<\/p>\n\n\n\n<figure class=\"wp-block-image size-large\"><img fetchpriority=\"high\" decoding=\"async\" width=\"907\" height=\"606\" src=\"https:\/\/contextoanalisisperiodistico.com\/wp-content\/uploads\/2023\/11\/img-20231101-wa00461166643357624791944.jpg\" alt=\"\" class=\"wp-image-20679\" srcset=\"https:\/\/contextoanalisisperiodistico.com\/wp-content\/uploads\/2023\/11\/img-20231101-wa00461166643357624791944.jpg 907w, https:\/\/contextoanalisisperiodistico.com\/wp-content\/uploads\/2023\/11\/img-20231101-wa00461166643357624791944-300x200.jpg 300w, https:\/\/contextoanalisisperiodistico.com\/wp-content\/uploads\/2023\/11\/img-20231101-wa00461166643357624791944-768x513.jpg 768w\" sizes=\"(max-width: 907px) 100vw, 907px\" \/><\/figure>\n\n\n\n<figure class=\"wp-block-image\"><img decoding=\"async\" width=\"300\" height=\"200\" src=\"https:\/\/contextoanalisisperiodistico.com\/wp-content\/uploads\/2023\/11\/img-20231101-wa00501970658029993079961-300x200.jpg\" alt=\"\" class=\"wp-image-20680\" srcset=\"https:\/\/contextoanalisisperiodistico.com\/wp-content\/uploads\/2023\/11\/img-20231101-wa00501970658029993079961-300x200.jpg 300w, https:\/\/contextoanalisisperiodistico.com\/wp-content\/uploads\/2023\/11\/img-20231101-wa00501970658029993079961-768x511.jpg 768w, https:\/\/contextoanalisisperiodistico.com\/wp-content\/uploads\/2023\/11\/img-20231101-wa00501970658029993079961.jpg 910w\" sizes=\"(max-width: 300px) 100vw, 300px\" \/><\/figure>\n\n\n\n<figure class=\"wp-block-image\"><img decoding=\"async\" width=\"300\" height=\"198\" src=\"https:\/\/contextoanalisisperiodistico.com\/wp-content\/uploads\/2023\/11\/img-20231101-wa00522744961804370720043-300x198.jpg\" alt=\"\" class=\"wp-image-20678\" srcset=\"https:\/\/contextoanalisisperiodistico.com\/wp-content\/uploads\/2023\/11\/img-20231101-wa00522744961804370720043-300x198.jpg 300w, https:\/\/contextoanalisisperiodistico.com\/wp-content\/uploads\/2023\/11\/img-20231101-wa00522744961804370720043-768x508.jpg 768w, https:\/\/contextoanalisisperiodistico.com\/wp-content\/uploads\/2023\/11\/img-20231101-wa00522744961804370720043.jpg 913w\" sizes=\"(max-width: 300px) 100vw, 300px\" \/><\/figure>\n\n\n\n<figure class=\"wp-block-image\"><img loading=\"lazy\" decoding=\"async\" width=\"300\" height=\"191\" src=\"https:\/\/contextoanalisisperiodistico.com\/wp-content\/uploads\/2023\/11\/img-20231101-wa00513218273593388955191-300x191.jpg\" alt=\"\" class=\"wp-image-20681\" srcset=\"https:\/\/contextoanalisisperiodistico.com\/wp-content\/uploads\/2023\/11\/img-20231101-wa00513218273593388955191-300x191.jpg 300w, https:\/\/contextoanalisisperiodistico.com\/wp-content\/uploads\/2023\/11\/img-20231101-wa00513218273593388955191-768x488.jpg 768w, https:\/\/contextoanalisisperiodistico.com\/wp-content\/uploads\/2023\/11\/img-20231101-wa00513218273593388955191.jpg 906w\" sizes=\"(max-width: 300px) 100vw, 300px\" \/><\/figure>\n\n\n\n<figure class=\"wp-block-image\"><img loading=\"lazy\" decoding=\"async\" width=\"300\" height=\"200\" src=\"https:\/\/contextoanalisisperiodistico.com\/wp-content\/uploads\/2023\/11\/img-20231101-wa00494770475477050573226-300x200.jpg\" alt=\"\" class=\"wp-image-20682\" srcset=\"https:\/\/contextoanalisisperiodistico.com\/wp-content\/uploads\/2023\/11\/img-20231101-wa00494770475477050573226-300x200.jpg 300w, https:\/\/contextoanalisisperiodistico.com\/wp-content\/uploads\/2023\/11\/img-20231101-wa00494770475477050573226-768x512.jpg 768w, https:\/\/contextoanalisisperiodistico.com\/wp-content\/uploads\/2023\/11\/img-20231101-wa00494770475477050573226.jpg 912w\" sizes=\"(max-width: 300px) 100vw, 300px\" \/><\/figure>\n\n\n\n<figure class=\"wp-block-image\"><img loading=\"lazy\" decoding=\"async\" width=\"300\" height=\"199\" src=\"https:\/\/contextoanalisisperiodistico.com\/wp-content\/uploads\/2023\/11\/img-20231101-wa00474764450143416602123-300x199.jpg\" alt=\"\" class=\"wp-image-20683\" srcset=\"https:\/\/contextoanalisisperiodistico.com\/wp-content\/uploads\/2023\/11\/img-20231101-wa00474764450143416602123-300x199.jpg 300w, https:\/\/contextoanalisisperiodistico.com\/wp-content\/uploads\/2023\/11\/img-20231101-wa00474764450143416602123-768x510.jpg 768w, https:\/\/contextoanalisisperiodistico.com\/wp-content\/uploads\/2023\/11\/img-20231101-wa00474764450143416602123.jpg 909w\" sizes=\"(max-width: 300px) 100vw, 300px\" \/><\/figure>\n","protected":false},"excerpt":{"rendered":"<p>\u2022 El Mandatario oaxaque\u00f1o comparti\u00f3 el cuento El viaje a Mictl\u00e1n, edici\u00f3n triling\u00fce, a estudiantes&#8230;<\/p>\n","protected":false},"author":4,"featured_media":20677,"comment_status":"","ping_status":"open","sticky":false,"template":"","format":"standard","meta":{"footnotes":""},"categories":[9],"tags":[],"jetpack_sharing_enabled":true,"featured_image_urls":{"full":["https:\/\/contextoanalisisperiodistico.com\/wp-content\/uploads\/2023\/11\/IMG-20231101-WA0045.jpg",909,607,false],"thumbnail":["https:\/\/contextoanalisisperiodistico.com\/wp-content\/uploads\/2023\/11\/IMG-20231101-WA0045-150x150.jpg",150,150,true],"medium":["https:\/\/contextoanalisisperiodistico.com\/wp-content\/uploads\/2023\/11\/IMG-20231101-WA0045-300x200.jpg",300,200,true],"medium_large":["https:\/\/contextoanalisisperiodistico.com\/wp-content\/uploads\/2023\/11\/IMG-20231101-WA0045-768x513.jpg",640,428,true],"large":["https:\/\/contextoanalisisperiodistico.com\/wp-content\/uploads\/2023\/11\/IMG-20231101-WA0045.jpg",640,427,false],"1536x1536":["https:\/\/contextoanalisisperiodistico.com\/wp-content\/uploads\/2023\/11\/IMG-20231101-WA0045.jpg",909,607,false],"2048x2048":["https:\/\/contextoanalisisperiodistico.com\/wp-content\/uploads\/2023\/11\/IMG-20231101-WA0045.jpg",909,607,false],"covernews-slider-full":["https:\/\/contextoanalisisperiodistico.com\/wp-content\/uploads\/2023\/11\/IMG-20231101-WA0045.jpg",909,607,false],"covernews-slider-center":["https:\/\/contextoanalisisperiodistico.com\/wp-content\/uploads\/2023\/11\/IMG-20231101-WA0045-800x500.jpg",800,500,true],"covernews-featured":["https:\/\/contextoanalisisperiodistico.com\/wp-content\/uploads\/2023\/11\/IMG-20231101-WA0045.jpg",909,607,false],"covernews-medium":["https:\/\/contextoanalisisperiodistico.com\/wp-content\/uploads\/2023\/11\/IMG-20231101-WA0045-540x340.jpg",540,340,true],"covernews-medium-square":["https:\/\/contextoanalisisperiodistico.com\/wp-content\/uploads\/2023\/11\/IMG-20231101-WA0045-400x250.jpg",400,250,true]},"author_info":{"display_name":"Mario Gir\u00f3n","author_link":"https:\/\/contextoanalisisperiodistico.com\/index.php\/author\/director\/"},"category_info":"<a href=\"https:\/\/contextoanalisisperiodistico.com\/index.php\/category\/politica\/\" rel=\"category tag\">Pol\u00edtica<\/a>","tag_info":"Pol\u00edtica","comment_count":"0","jetpack_featured_media_url":"https:\/\/contextoanalisisperiodistico.com\/wp-content\/uploads\/2023\/11\/IMG-20231101-WA0045.jpg","_links":{"self":[{"href":"https:\/\/contextoanalisisperiodistico.com\/index.php\/wp-json\/wp\/v2\/posts\/20684"}],"collection":[{"href":"https:\/\/contextoanalisisperiodistico.com\/index.php\/wp-json\/wp\/v2\/posts"}],"about":[{"href":"https:\/\/contextoanalisisperiodistico.com\/index.php\/wp-json\/wp\/v2\/types\/post"}],"author":[{"embeddable":true,"href":"https:\/\/contextoanalisisperiodistico.com\/index.php\/wp-json\/wp\/v2\/users\/4"}],"replies":[{"embeddable":true,"href":"https:\/\/contextoanalisisperiodistico.com\/index.php\/wp-json\/wp\/v2\/comments?post=20684"}],"version-history":[{"count":0,"href":"https:\/\/contextoanalisisperiodistico.com\/index.php\/wp-json\/wp\/v2\/posts\/20684\/revisions"}],"wp:featuredmedia":[{"embeddable":true,"href":"https:\/\/contextoanalisisperiodistico.com\/index.php\/wp-json\/wp\/v2\/media\/20677"}],"wp:attachment":[{"href":"https:\/\/contextoanalisisperiodistico.com\/index.php\/wp-json\/wp\/v2\/media?parent=20684"}],"wp:term":[{"taxonomy":"category","embeddable":true,"href":"https:\/\/contextoanalisisperiodistico.com\/index.php\/wp-json\/wp\/v2\/categories?post=20684"},{"taxonomy":"post_tag","embeddable":true,"href":"https:\/\/contextoanalisisperiodistico.com\/index.php\/wp-json\/wp\/v2\/tags?post=20684"}],"curies":[{"name":"wp","href":"https:\/\/api.w.org\/{rel}","templated":true}]}}