{"id":20673,"date":"2023-11-01T11:58:11","date_gmt":"2023-11-01T17:58:11","guid":{"rendered":"https:\/\/contextoanalisisperiodistico.com\/index.php\/2023\/11\/01\/dan-a-conocer-vias-alternas-por-comparsa-ciudadana-de-este-miercoles\/"},"modified":"2023-11-01T11:58:11","modified_gmt":"2023-11-01T17:58:11","slug":"dan-a-conocer-vias-alternas-por-comparsa-ciudadana-de-este-miercoles","status":"publish","type":"post","link":"https:\/\/contextoanalisisperiodistico.com\/index.php\/2023\/11\/01\/dan-a-conocer-vias-alternas-por-comparsa-ciudadana-de-este-miercoles\/","title":{"rendered":"Dan a conocer v\u00edas alternas por Comparsa Ciudadana de este mi\u00e9rcoles"},"content":{"rendered":"<div id=\"fb-root\"><\/div>\n\n<p>Oaxaca de Ju\u00e1rez, Oax. 1 de noviembre de 2023. El Gobierno del Estado a trav\u00e9s de la Secretar\u00eda de Seguridad y Protecci\u00f3n Ciudadana (SSPC) informa sobre el recorrido de la Comparsa M\u00e1s Viva de Todas que se llevar\u00e1 a cabo este mi\u00e9rcoles a partir de las 18: 00 horas, desde la Fuente de las Ocho Regiones a la Alameda de Le\u00f3n de la ciudad de Oaxaca.<\/p>\n\n\n\n<p>El recorrido iniciar\u00e1 en la Fuente de las Ocho Regiones, avanzar\u00e1 sobre Calzada Porfirio D\u00edaz, continuar\u00e1 sobre Avenida Ju\u00e1rez, girar\u00e1 sobre Avenida Jos\u00e9 Mar\u00eda Morelos hasta la calle Manuel Garc\u00eda Vigil para arribar a la Alameda de Le\u00f3n.<\/p>\n\n\n\n<p>La Polic\u00eda Vial Estatal realizar\u00e1 un dispositivo, por lo que se da a conocer las rutas alternas que se habilitar\u00e1n para transitar sin contratiempo durante la realizaci\u00f3n de esta actividad enmarcada en la celebraci\u00f3n del D\u00eda de Muertos, la fiesta m\u00e1s viva de todas.<\/p>\n\n\n\n<p>El corte a la circulaci\u00f3n ser\u00e1 a partir de las 15:00 horas, teniendo como v\u00edas alternas:<\/p>\n\n\n\n<p>1.- Calzada San Felipe del Agua-Avenida M\u00e9xico 68-Avenida Heroico Colegio Militar<br>2.- Pino Su\u00e1rez- Netzahualc\u00f3yotl-Doctor Mario P\u00e9rez-Calzada San Felipe del Agua<br>3.-Calzada San Felipe del Agua-Jos\u00e9 L\u00f3pez Alavez<br>4.- Calzada San Felipe del Agua-Avenida M\u00e9xico 68-Proletariado Mexicano- Geranios-Emilio Carranza.<\/p>\n\n\n\n<figure class=\"wp-block-image size-large\"><img fetchpriority=\"high\" decoding=\"async\" width=\"1024\" height=\"724\" src=\"https:\/\/contextoanalisisperiodistico.com\/wp-content\/uploads\/2023\/11\/img-20231101-wa00215116101271301243224-1024x724.jpg\" alt=\"\" class=\"wp-image-20672\" srcset=\"https:\/\/contextoanalisisperiodistico.com\/wp-content\/uploads\/2023\/11\/img-20231101-wa00215116101271301243224-1024x724.jpg 1024w, https:\/\/contextoanalisisperiodistico.com\/wp-content\/uploads\/2023\/11\/img-20231101-wa00215116101271301243224-300x212.jpg 300w, https:\/\/contextoanalisisperiodistico.com\/wp-content\/uploads\/2023\/11\/img-20231101-wa00215116101271301243224-768x543.jpg 768w, https:\/\/contextoanalisisperiodistico.com\/wp-content\/uploads\/2023\/11\/img-20231101-wa00215116101271301243224-1536x1086.jpg 1536w, https:\/\/contextoanalisisperiodistico.com\/wp-content\/uploads\/2023\/11\/img-20231101-wa00215116101271301243224.jpg 1600w\" sizes=\"(max-width: 1024px) 100vw, 1024px\" \/><\/figure>\n","protected":false},"excerpt":{"rendered":"<p>Oaxaca de Ju\u00e1rez, Oax. 1 de noviembre de 2023. El Gobierno del Estado a trav\u00e9s&#8230;<\/p>\n","protected":false},"author":4,"featured_media":20671,"comment_status":"","ping_status":"open","sticky":false,"template":"","format":"standard","meta":{"footnotes":""},"categories":[4],"tags":[],"jetpack_sharing_enabled":true,"featured_image_urls":{"full":["https:\/\/contextoanalisisperiodistico.com\/wp-content\/uploads\/2023\/11\/IMG-20231101-WA0020.jpg",1067,1600,false],"thumbnail":["https:\/\/contextoanalisisperiodistico.com\/wp-content\/uploads\/2023\/11\/IMG-20231101-WA0020-150x150.jpg",150,150,true],"medium":["https:\/\/contextoanalisisperiodistico.com\/wp-content\/uploads\/2023\/11\/IMG-20231101-WA0020-200x300.jpg",200,300,true],"medium_large":["https:\/\/contextoanalisisperiodistico.com\/wp-content\/uploads\/2023\/11\/IMG-20231101-WA0020-768x1152.jpg",640,960,true],"large":["https:\/\/contextoanalisisperiodistico.com\/wp-content\/uploads\/2023\/11\/IMG-20231101-WA0020-683x1024.jpg",640,960,true],"1536x1536":["https:\/\/contextoanalisisperiodistico.com\/wp-content\/uploads\/2023\/11\/IMG-20231101-WA0020-1024x1536.jpg",1024,1536,true],"2048x2048":["https:\/\/contextoanalisisperiodistico.com\/wp-content\/uploads\/2023\/11\/IMG-20231101-WA0020.jpg",1067,1600,false],"covernews-slider-full":["https:\/\/contextoanalisisperiodistico.com\/wp-content\/uploads\/2023\/11\/IMG-20231101-WA0020-1067x715.jpg",1067,715,true],"covernews-slider-center":["https:\/\/contextoanalisisperiodistico.com\/wp-content\/uploads\/2023\/11\/IMG-20231101-WA0020-800x500.jpg",800,500,true],"covernews-featured":["https:\/\/contextoanalisisperiodistico.com\/wp-content\/uploads\/2023\/11\/IMG-20231101-WA0020-1024x1536.jpg",1024,1536,true],"covernews-medium":["https:\/\/contextoanalisisperiodistico.com\/wp-content\/uploads\/2023\/11\/IMG-20231101-WA0020-540x340.jpg",540,340,true],"covernews-medium-square":["https:\/\/contextoanalisisperiodistico.com\/wp-content\/uploads\/2023\/11\/IMG-20231101-WA0020-400x250.jpg",400,250,true]},"author_info":{"display_name":"Mario Gir\u00f3n","author_link":"https:\/\/contextoanalisisperiodistico.com\/index.php\/author\/director\/"},"category_info":"<a href=\"https:\/\/contextoanalisisperiodistico.com\/index.php\/category\/cultura\/\" rel=\"category tag\">Cultura<\/a>","tag_info":"Cultura","comment_count":"0","jetpack_featured_media_url":"https:\/\/contextoanalisisperiodistico.com\/wp-content\/uploads\/2023\/11\/IMG-20231101-WA0020.jpg","_links":{"self":[{"href":"https:\/\/contextoanalisisperiodistico.com\/index.php\/wp-json\/wp\/v2\/posts\/20673"}],"collection":[{"href":"https:\/\/contextoanalisisperiodistico.com\/index.php\/wp-json\/wp\/v2\/posts"}],"about":[{"href":"https:\/\/contextoanalisisperiodistico.com\/index.php\/wp-json\/wp\/v2\/types\/post"}],"author":[{"embeddable":true,"href":"https:\/\/contextoanalisisperiodistico.com\/index.php\/wp-json\/wp\/v2\/users\/4"}],"replies":[{"embeddable":true,"href":"https:\/\/contextoanalisisperiodistico.com\/index.php\/wp-json\/wp\/v2\/comments?post=20673"}],"version-history":[{"count":0,"href":"https:\/\/contextoanalisisperiodistico.com\/index.php\/wp-json\/wp\/v2\/posts\/20673\/revisions"}],"wp:featuredmedia":[{"embeddable":true,"href":"https:\/\/contextoanalisisperiodistico.com\/index.php\/wp-json\/wp\/v2\/media\/20671"}],"wp:attachment":[{"href":"https:\/\/contextoanalisisperiodistico.com\/index.php\/wp-json\/wp\/v2\/media?parent=20673"}],"wp:term":[{"taxonomy":"category","embeddable":true,"href":"https:\/\/contextoanalisisperiodistico.com\/index.php\/wp-json\/wp\/v2\/categories?post=20673"},{"taxonomy":"post_tag","embeddable":true,"href":"https:\/\/contextoanalisisperiodistico.com\/index.php\/wp-json\/wp\/v2\/tags?post=20673"}],"curies":[{"name":"wp","href":"https:\/\/api.w.org\/{rel}","templated":true}]}}