{"id":20670,"date":"2023-11-01T11:16:22","date_gmt":"2023-11-01T17:16:22","guid":{"rendered":"https:\/\/contextoanalisisperiodistico.com\/index.php\/2023\/11\/01\/efrain-morales-sanchez-verdadero-y-unico-referente-de-la-primavera-cultural-en-oaxaca-fernando-cruz\/"},"modified":"2023-11-01T11:16:22","modified_gmt":"2023-11-01T17:16:22","slug":"efrain-morales-sanchez-verdadero-y-unico-referente-de-la-primavera-cultural-en-oaxaca-fernando-cruz","status":"publish","type":"post","link":"https:\/\/contextoanalisisperiodistico.com\/index.php\/2023\/11\/01\/efrain-morales-sanchez-verdadero-y-unico-referente-de-la-primavera-cultural-en-oaxaca-fernando-cruz\/","title":{"rendered":"\u00abEfra\u00edn Morales S\u00e1nchez verdadero y \u00fanico referente de la primavera cultural en Oaxaca\u00bb: Fernando Cruz"},"content":{"rendered":"<div id=\"fb-root\"><\/div>\n\n<p>El escritor y poeta, Fernando Cruz Mac\u00edas, opina: \u00abdesayunando con mi amigo Efra\u00edn Morales S\u00e1nchez a, quien personalmente, considero el verdadero y \u00fanico referente de la primavera cultural en Oaxaca\u00bb.<\/p>\n","protected":false},"excerpt":{"rendered":"<p>El escritor y poeta, Fernando Cruz Mac\u00edas, opina: \u00abdesayunando con mi amigo Efra\u00edn Morales S\u00e1nchez&#8230;<\/p>\n","protected":false},"author":4,"featured_media":20669,"comment_status":"","ping_status":"open","sticky":false,"template":"","format":"standard","meta":{"footnotes":""},"categories":[9],"tags":[151],"jetpack_sharing_enabled":true,"featured_image_urls":{"full":["https:\/\/contextoanalisisperiodistico.com\/wp-content\/uploads\/2023\/11\/FB_IMG_1698859033218.jpg",720,844,false],"thumbnail":["https:\/\/contextoanalisisperiodistico.com\/wp-content\/uploads\/2023\/11\/FB_IMG_1698859033218-150x150.jpg",150,150,true],"medium":["https:\/\/contextoanalisisperiodistico.com\/wp-content\/uploads\/2023\/11\/FB_IMG_1698859033218-256x300.jpg",256,300,true],"medium_large":["https:\/\/contextoanalisisperiodistico.com\/wp-content\/uploads\/2023\/11\/FB_IMG_1698859033218.jpg",640,750,false],"large":["https:\/\/contextoanalisisperiodistico.com\/wp-content\/uploads\/2023\/11\/FB_IMG_1698859033218.jpg",640,750,false],"1536x1536":["https:\/\/contextoanalisisperiodistico.com\/wp-content\/uploads\/2023\/11\/FB_IMG_1698859033218.jpg",720,844,false],"2048x2048":["https:\/\/contextoanalisisperiodistico.com\/wp-content\/uploads\/2023\/11\/FB_IMG_1698859033218.jpg",720,844,false],"covernews-slider-full":["https:\/\/contextoanalisisperiodistico.com\/wp-content\/uploads\/2023\/11\/FB_IMG_1698859033218-720x715.jpg",720,715,true],"covernews-slider-center":["https:\/\/contextoanalisisperiodistico.com\/wp-content\/uploads\/2023\/11\/FB_IMG_1698859033218-720x500.jpg",720,500,true],"covernews-featured":["https:\/\/contextoanalisisperiodistico.com\/wp-content\/uploads\/2023\/11\/FB_IMG_1698859033218.jpg",720,844,false],"covernews-medium":["https:\/\/contextoanalisisperiodistico.com\/wp-content\/uploads\/2023\/11\/FB_IMG_1698859033218-540x340.jpg",540,340,true],"covernews-medium-square":["https:\/\/contextoanalisisperiodistico.com\/wp-content\/uploads\/2023\/11\/FB_IMG_1698859033218-400x250.jpg",400,250,true]},"author_info":{"display_name":"Mario Gir\u00f3n","author_link":"https:\/\/contextoanalisisperiodistico.com\/index.php\/author\/director\/"},"category_info":"<a href=\"https:\/\/contextoanalisisperiodistico.com\/index.php\/category\/politica\/\" rel=\"category tag\">Pol\u00edtica<\/a>","tag_info":"Pol\u00edtica","comment_count":"0","jetpack_featured_media_url":"https:\/\/contextoanalisisperiodistico.com\/wp-content\/uploads\/2023\/11\/FB_IMG_1698859033218.jpg","_links":{"self":[{"href":"https:\/\/contextoanalisisperiodistico.com\/index.php\/wp-json\/wp\/v2\/posts\/20670"}],"collection":[{"href":"https:\/\/contextoanalisisperiodistico.com\/index.php\/wp-json\/wp\/v2\/posts"}],"about":[{"href":"https:\/\/contextoanalisisperiodistico.com\/index.php\/wp-json\/wp\/v2\/types\/post"}],"author":[{"embeddable":true,"href":"https:\/\/contextoanalisisperiodistico.com\/index.php\/wp-json\/wp\/v2\/users\/4"}],"replies":[{"embeddable":true,"href":"https:\/\/contextoanalisisperiodistico.com\/index.php\/wp-json\/wp\/v2\/comments?post=20670"}],"version-history":[{"count":0,"href":"https:\/\/contextoanalisisperiodistico.com\/index.php\/wp-json\/wp\/v2\/posts\/20670\/revisions"}],"wp:featuredmedia":[{"embeddable":true,"href":"https:\/\/contextoanalisisperiodistico.com\/index.php\/wp-json\/wp\/v2\/media\/20669"}],"wp:attachment":[{"href":"https:\/\/contextoanalisisperiodistico.com\/index.php\/wp-json\/wp\/v2\/media?parent=20670"}],"wp:term":[{"taxonomy":"category","embeddable":true,"href":"https:\/\/contextoanalisisperiodistico.com\/index.php\/wp-json\/wp\/v2\/categories?post=20670"},{"taxonomy":"post_tag","embeddable":true,"href":"https:\/\/contextoanalisisperiodistico.com\/index.php\/wp-json\/wp\/v2\/tags?post=20670"}],"curies":[{"name":"wp","href":"https:\/\/api.w.org\/{rel}","templated":true}]}}