{"id":20627,"date":"2023-10-30T19:43:31","date_gmt":"2023-10-31T01:43:31","guid":{"rendered":"https:\/\/contextoanalisisperiodistico.com\/index.php\/2023\/10\/30\/nombran-magistraturas-a-karina-reyes-avilacomo-titular-del-organo-interno-de-control\/"},"modified":"2023-10-30T19:43:31","modified_gmt":"2023-10-31T01:43:31","slug":"nombran-magistraturas-a-karina-reyes-avilacomo-titular-del-organo-interno-de-control","status":"publish","type":"post","link":"https:\/\/contextoanalisisperiodistico.com\/index.php\/2023\/10\/30\/nombran-magistraturas-a-karina-reyes-avilacomo-titular-del-organo-interno-de-control\/","title":{"rendered":"Nombran Magistraturas a Karina Reyes \u00c1vila<br>como titular del \u00d3rgano Interno de Control"},"content":{"rendered":"<div id=\"fb-root\"><\/div>\n\n<ul>\n<li>La designaci\u00f3n se dio con base en lo se\u00f1alado en la Convocatoria P\u00fablica.<\/li>\n<\/ul>\n\n\n\n<p>Oaxaca de Ju\u00e1rez.- En sesi\u00f3n solemne, el Pleno del Tribunal de Justicia Administrativa y Combate a la Corrupci\u00f3n del Estado de Oaxaca (TJACCO), nombr\u00f3 a Karina Reyes \u00c1vila como titular del \u00d3rgano Interno de Control de este \u00f3rgano jurisdiccional.<\/p>\n\n\n\n<p>Ello, con base en los resultados de la Convocatoria p\u00fablica aprobada por este colegiado, Reyes \u00c1vila, ocupar\u00e1 la titularidad del OIC de este Tribunal por un periodo de tres a\u00f1os.<\/p>\n\n\n\n<p>Karina Reyes \u00c1vila, es abogada afromexicana, con experiencia en procedimientos administrativos, medios de impugnaci\u00f3n, procesos jurisdiccionales y responsabilidades administrativas de los servidores, en el Tribunal Federal de Justicia Administrativa.<\/p>\n\n\n\n<p>En su mensaje, el Magistrado Presidente del TJACCO, Mateo Mart\u00ednez Mart\u00ednez, destac\u00f3 que la designaci\u00f3n es un compromiso del Pleno de este Tribunal para garantizar que el desempe\u00f1o de las personas servidoras p\u00fablicas se lleven a cabo de manera eficiente, \u00e9tica y de acuerdo con las leyes y regulaciones aplicables.<\/p>\n\n\n\n<p>A nombre de las Magistraturas integrantes de este Tribunal, dio la bienvenida a la abogada originaria de San Jos\u00e9 Estancia Grande, Karina Reyes \u00c1vila, a qui\u00e9n reiter\u00f3 que el \u00d3rgano Interno de Control, est\u00e1 dotado de autonom\u00eda t\u00e9cnica y de gesti\u00f3n para decidir sobre su funcionamiento y resoluciones.<\/p>\n\n\n\n<p>#Oaxaca #TJACCO #JusticiaAdministrativa<\/p>\n\n\n\n<p><\/p>\n\n\n\n<figure class=\"wp-block-image size-large\"><img fetchpriority=\"high\" decoding=\"async\" width=\"719\" height=\"480\" src=\"https:\/\/contextoanalisisperiodistico.com\/wp-content\/uploads\/2023\/10\/fb_img_16987163665063469627131591387887.jpg\" alt=\"\" class=\"wp-image-20625\" srcset=\"https:\/\/contextoanalisisperiodistico.com\/wp-content\/uploads\/2023\/10\/fb_img_16987163665063469627131591387887.jpg 719w, https:\/\/contextoanalisisperiodistico.com\/wp-content\/uploads\/2023\/10\/fb_img_16987163665063469627131591387887-300x200.jpg 300w\" sizes=\"(max-width: 719px) 100vw, 719px\" \/><\/figure>\n\n\n\n<figure class=\"wp-block-image\"><img decoding=\"async\" width=\"300\" height=\"200\" src=\"https:\/\/contextoanalisisperiodistico.com\/wp-content\/uploads\/2023\/10\/fb_img_16987163621196214411022189439196-300x200.jpg\" alt=\"\" class=\"wp-image-20626\" srcset=\"https:\/\/contextoanalisisperiodistico.com\/wp-content\/uploads\/2023\/10\/fb_img_16987163621196214411022189439196-300x200.jpg 300w, https:\/\/contextoanalisisperiodistico.com\/wp-content\/uploads\/2023\/10\/fb_img_16987163621196214411022189439196.jpg 719w\" sizes=\"(max-width: 300px) 100vw, 300px\" \/><\/figure>\n","protected":false},"excerpt":{"rendered":"<p>Oaxaca de Ju\u00e1rez.- En sesi\u00f3n solemne, el Pleno del Tribunal de Justicia Administrativa y Combate&#8230;<\/p>\n","protected":false},"author":4,"featured_media":20624,"comment_status":"","ping_status":"open","sticky":false,"template":"","format":"standard","meta":{"footnotes":""},"categories":[9],"tags":[150,22,149],"jetpack_sharing_enabled":true,"featured_image_urls":{"full":["https:\/\/contextoanalisisperiodistico.com\/wp-content\/uploads\/2023\/10\/FB_IMG_1698716356324.jpg",719,480,false],"thumbnail":["https:\/\/contextoanalisisperiodistico.com\/wp-content\/uploads\/2023\/10\/FB_IMG_1698716356324-150x150.jpg",150,150,true],"medium":["https:\/\/contextoanalisisperiodistico.com\/wp-content\/uploads\/2023\/10\/FB_IMG_1698716356324-300x200.jpg",300,200,true],"medium_large":["https:\/\/contextoanalisisperiodistico.com\/wp-content\/uploads\/2023\/10\/FB_IMG_1698716356324.jpg",640,427,false],"large":["https:\/\/contextoanalisisperiodistico.com\/wp-content\/uploads\/2023\/10\/FB_IMG_1698716356324.jpg",640,427,false],"1536x1536":["https:\/\/contextoanalisisperiodistico.com\/wp-content\/uploads\/2023\/10\/FB_IMG_1698716356324.jpg",719,480,false],"2048x2048":["https:\/\/contextoanalisisperiodistico.com\/wp-content\/uploads\/2023\/10\/FB_IMG_1698716356324.jpg",719,480,false],"covernews-slider-full":["https:\/\/contextoanalisisperiodistico.com\/wp-content\/uploads\/2023\/10\/FB_IMG_1698716356324.jpg",719,480,false],"covernews-slider-center":["https:\/\/contextoanalisisperiodistico.com\/wp-content\/uploads\/2023\/10\/FB_IMG_1698716356324.jpg",719,480,false],"covernews-featured":["https:\/\/contextoanalisisperiodistico.com\/wp-content\/uploads\/2023\/10\/FB_IMG_1698716356324.jpg",719,480,false],"covernews-medium":["https:\/\/contextoanalisisperiodistico.com\/wp-content\/uploads\/2023\/10\/FB_IMG_1698716356324-540x340.jpg",540,340,true],"covernews-medium-square":["https:\/\/contextoanalisisperiodistico.com\/wp-content\/uploads\/2023\/10\/FB_IMG_1698716356324-400x250.jpg",400,250,true]},"author_info":{"display_name":"Mario Gir\u00f3n","author_link":"https:\/\/contextoanalisisperiodistico.com\/index.php\/author\/director\/"},"category_info":"<a href=\"https:\/\/contextoanalisisperiodistico.com\/index.php\/category\/politica\/\" rel=\"category tag\">Pol\u00edtica<\/a>","tag_info":"Pol\u00edtica","comment_count":"0","jetpack_featured_media_url":"https:\/\/contextoanalisisperiodistico.com\/wp-content\/uploads\/2023\/10\/FB_IMG_1698716356324.jpg","_links":{"self":[{"href":"https:\/\/contextoanalisisperiodistico.com\/index.php\/wp-json\/wp\/v2\/posts\/20627"}],"collection":[{"href":"https:\/\/contextoanalisisperiodistico.com\/index.php\/wp-json\/wp\/v2\/posts"}],"about":[{"href":"https:\/\/contextoanalisisperiodistico.com\/index.php\/wp-json\/wp\/v2\/types\/post"}],"author":[{"embeddable":true,"href":"https:\/\/contextoanalisisperiodistico.com\/index.php\/wp-json\/wp\/v2\/users\/4"}],"replies":[{"embeddable":true,"href":"https:\/\/contextoanalisisperiodistico.com\/index.php\/wp-json\/wp\/v2\/comments?post=20627"}],"version-history":[{"count":0,"href":"https:\/\/contextoanalisisperiodistico.com\/index.php\/wp-json\/wp\/v2\/posts\/20627\/revisions"}],"wp:featuredmedia":[{"embeddable":true,"href":"https:\/\/contextoanalisisperiodistico.com\/index.php\/wp-json\/wp\/v2\/media\/20624"}],"wp:attachment":[{"href":"https:\/\/contextoanalisisperiodistico.com\/index.php\/wp-json\/wp\/v2\/media?parent=20627"}],"wp:term":[{"taxonomy":"category","embeddable":true,"href":"https:\/\/contextoanalisisperiodistico.com\/index.php\/wp-json\/wp\/v2\/categories?post=20627"},{"taxonomy":"post_tag","embeddable":true,"href":"https:\/\/contextoanalisisperiodistico.com\/index.php\/wp-json\/wp\/v2\/tags?post=20627"}],"curies":[{"name":"wp","href":"https:\/\/api.w.org\/{rel}","templated":true}]}}