{"id":20623,"date":"2023-10-30T19:10:08","date_gmt":"2023-10-31T01:10:08","guid":{"rendered":"https:\/\/contextoanalisisperiodistico.com\/index.php\/2023\/10\/30\/envia-dif-oaxaca-primer-bloque-de-apoyo-para-pueblo-guerrerense-afectado-por-huracan-otis\/"},"modified":"2023-10-30T19:10:08","modified_gmt":"2023-10-31T01:10:08","slug":"envia-dif-oaxaca-primer-bloque-de-apoyo-para-pueblo-guerrerense-afectado-por-huracan-otis","status":"publish","type":"post","link":"https:\/\/contextoanalisisperiodistico.com\/index.php\/2023\/10\/30\/envia-dif-oaxaca-primer-bloque-de-apoyo-para-pueblo-guerrerense-afectado-por-huracan-otis\/","title":{"rendered":"<em>Env\u00eda DIF Oaxaca primer bloque de apoyo para pueblo guerrerense afectado por <\/em><em>hurac\u00e1n Otis<\/em>"},"content":{"rendered":"<div id=\"fb-root\"><\/div>\n\n<p>\u2022 Contin\u00faa la convocatoria para hacer donativos en los centros de acopio habilitados en Palacio de Gobierno, oficinas centrales del DIF, la gasolinera Fonapas y los CAIC de la ciudad<\/p>\n\n\n\n<p>Oaxaca de Ju\u00e1rez, Oax. 30 de octubre de 2023.- En solidaridad con el pueblo de Guerrero que result\u00f3 severamente afectado en sus costas por el paso del hurac\u00e1n Otis, el Gobierno de Oaxaca a trav\u00e9s del Sistema Estatal para el Desarrollo Integral de la Familia (DIF) envi\u00f3 colchonetas y camastros en apoyo a las familias del estado vecino.<\/p>\n\n\n\n<p>Con el uso de seis veh\u00edculos, el organismo estatal se suma para ayudar en la recuperaci\u00f3n de las y los guerrerenses, al tiempo que contin\u00faa exhortando al p\u00fablico en general para que realice donativos de alimentos no perecederos, art\u00edculos de limpieza y aseo personal, agua purificada, medicamentos sin caducar y ropa nueva o usada en buen estado y limpia, en los centros de acopio instalados en distintos puntos de la ciudad.<\/p>\n\n\n\n<p>En este sentido, Irma Bola\u00f1os Quijano Presidenta Honoraria del organismo envi\u00f3 un mensaje de solidaridad a las personas afectadas en su patrimonio, al tiempo de invitar a las oaxaque\u00f1as y oaxaque\u00f1os a aportar su granito de arena con las y los paisanos de Guerrero.<\/p>\n\n\n\n<p>\u201cInvito a la familia oaxaque\u00f1a para que acuda a nuestros centros de acopio para donar lo m\u00e1s que podamos y juntos enfrentar los estragos de la naturaleza. Hoy m\u00e1s que nunca debemos unir fuerzas para quienes m\u00e1s lo necesitan\u201d, sostuvo.<\/p>\n\n\n\n<p><em>Realiza tu donaci\u00f3n en el centro de acopio m\u00e1s cercano<\/em><\/p>\n\n\n\n<p>Las donaciones se recibir\u00e1n en un horario de 08:00 a 19:00 horas en los centros de acopio localizados en el acceso al Palacio de Gobierno, ubicado en la calle Valerio Trujano; en las oficinas centrales del DIF Oaxaca en la calle Vicente Guerrero n\u00famero 114 de la colonia Miguel Alem\u00e1n, y en la gasolinera Fonapas, ubicada sobre la calzada H\u00e9roes de Chapultepec n\u00famero 812, en la capital oaxaque\u00f1a.<\/p>\n\n\n\n<p>Adem\u00e1s, en los centros de Asistencia Infantil Comunitario (CAIC) n\u00famero 3, ubicado en la calle Divisi\u00f3n Oriente n\u00famero 225 del barrio Exmarquesado; en el n\u00famero 5, en la avenida Cuauht\u00e9moc y Gonz\u00e1lez Ortega sin n\u00famero de la colonia Centro; el CAIC 6 en Prolongaci\u00f3n de Refugio esquina con 5 de febrero, en la Unidad Modelo, y el CAIC 7, en la calle Palmeras esquina Amapolas sin n\u00famero de la colonia Reforma.<\/p>\n\n\n\n<p>Asimismo, en el CAIC 9 ubicado en la avenida Itandehui n\u00famero 310, colonia Miguel Hidalgo en San Mart\u00edn Mexicapam.<br \/>-0-<\/p>\n\n\n\n<p><\/p>\n\n\n\n<figure class=\"wp-block-image size-large\"><img fetchpriority=\"high\" decoding=\"async\" width=\"1024\" height=\"682\" src=\"https:\/\/contextoanalisisperiodistico.com\/wp-content\/uploads\/2023\/10\/img-20231030-wa00914596074941622535791-1024x682.jpg\" alt=\"\" class=\"wp-image-20621\" srcset=\"https:\/\/contextoanalisisperiodistico.com\/wp-content\/uploads\/2023\/10\/img-20231030-wa00914596074941622535791-1024x682.jpg 1024w, https:\/\/contextoanalisisperiodistico.com\/wp-content\/uploads\/2023\/10\/img-20231030-wa00914596074941622535791-300x200.jpg 300w, https:\/\/contextoanalisisperiodistico.com\/wp-content\/uploads\/2023\/10\/img-20231030-wa00914596074941622535791-768x512.jpg 768w, https:\/\/contextoanalisisperiodistico.com\/wp-content\/uploads\/2023\/10\/img-20231030-wa00914596074941622535791.jpg 1280w\" sizes=\"(max-width: 1024px) 100vw, 1024px\" \/><\/figure>\n\n\n\n<figure class=\"wp-block-image\"><img decoding=\"async\" width=\"1024\" height=\"625\" src=\"https:\/\/contextoanalisisperiodistico.com\/wp-content\/uploads\/2023\/10\/img-20231030-wa00947739753622424880741-1024x625.jpg\" alt=\"\" class=\"wp-image-20622\" srcset=\"https:\/\/contextoanalisisperiodistico.com\/wp-content\/uploads\/2023\/10\/img-20231030-wa00947739753622424880741-1024x625.jpg 1024w, https:\/\/contextoanalisisperiodistico.com\/wp-content\/uploads\/2023\/10\/img-20231030-wa00947739753622424880741-300x183.jpg 300w, https:\/\/contextoanalisisperiodistico.com\/wp-content\/uploads\/2023\/10\/img-20231030-wa00947739753622424880741-768x469.jpg 768w, https:\/\/contextoanalisisperiodistico.com\/wp-content\/uploads\/2023\/10\/img-20231030-wa00947739753622424880741.jpg 1280w\" sizes=\"(max-width: 1024px) 100vw, 1024px\" \/><\/figure>\n\n\n\n<figure class=\"wp-block-image\"><img decoding=\"async\" width=\"1024\" height=\"682\" src=\"https:\/\/contextoanalisisperiodistico.com\/wp-content\/uploads\/2023\/10\/img-20231030-wa00896693135364459363609-1024x682.jpg\" alt=\"\" class=\"wp-image-20619\" srcset=\"https:\/\/contextoanalisisperiodistico.com\/wp-content\/uploads\/2023\/10\/img-20231030-wa00896693135364459363609-1024x682.jpg 1024w, https:\/\/contextoanalisisperiodistico.com\/wp-content\/uploads\/2023\/10\/img-20231030-wa00896693135364459363609-300x200.jpg 300w, https:\/\/contextoanalisisperiodistico.com\/wp-content\/uploads\/2023\/10\/img-20231030-wa00896693135364459363609-768x512.jpg 768w, https:\/\/contextoanalisisperiodistico.com\/wp-content\/uploads\/2023\/10\/img-20231030-wa00896693135364459363609.jpg 1280w\" sizes=\"(max-width: 1024px) 100vw, 1024px\" \/><\/figure>\n\n\n\n<figure class=\"wp-block-image\"><img loading=\"lazy\" decoding=\"async\" width=\"1024\" height=\"682\" src=\"https:\/\/contextoanalisisperiodistico.com\/wp-content\/uploads\/2023\/10\/img-20231030-wa00931496849943308318358-1024x682.jpg\" alt=\"\" class=\"wp-image-20618\" srcset=\"https:\/\/contextoanalisisperiodistico.com\/wp-content\/uploads\/2023\/10\/img-20231030-wa00931496849943308318358-1024x682.jpg 1024w, https:\/\/contextoanalisisperiodistico.com\/wp-content\/uploads\/2023\/10\/img-20231030-wa00931496849943308318358-300x200.jpg 300w, https:\/\/contextoanalisisperiodistico.com\/wp-content\/uploads\/2023\/10\/img-20231030-wa00931496849943308318358-768x512.jpg 768w, https:\/\/contextoanalisisperiodistico.com\/wp-content\/uploads\/2023\/10\/img-20231030-wa00931496849943308318358.jpg 1280w\" sizes=\"(max-width: 1024px) 100vw, 1024px\" \/><\/figure>\n\n\n\n<figure class=\"wp-block-image\"><img loading=\"lazy\" decoding=\"async\" width=\"1024\" height=\"576\" src=\"https:\/\/contextoanalisisperiodistico.com\/wp-content\/uploads\/2023\/10\/img-20231030-wa00929020458388300398663-1024x576.jpg\" alt=\"\" class=\"wp-image-20620\" srcset=\"https:\/\/contextoanalisisperiodistico.com\/wp-content\/uploads\/2023\/10\/img-20231030-wa00929020458388300398663-1024x576.jpg 1024w, https:\/\/contextoanalisisperiodistico.com\/wp-content\/uploads\/2023\/10\/img-20231030-wa00929020458388300398663-300x169.jpg 300w, https:\/\/contextoanalisisperiodistico.com\/wp-content\/uploads\/2023\/10\/img-20231030-wa00929020458388300398663-768x432.jpg 768w, https:\/\/contextoanalisisperiodistico.com\/wp-content\/uploads\/2023\/10\/img-20231030-wa00929020458388300398663.jpg 1280w\" sizes=\"(max-width: 1024px) 100vw, 1024px\" \/><\/figure>\n","protected":false},"excerpt":{"rendered":"<p>\u2022 Contin\u00faa la convocatoria para hacer donativos en los centros de acopio habilitados en Palacio&#8230;<\/p>\n","protected":false},"author":4,"featured_media":20617,"comment_status":"","ping_status":"open","sticky":false,"template":"","format":"standard","meta":{"footnotes":""},"categories":[9],"tags":[],"jetpack_sharing_enabled":true,"featured_image_urls":{"full":["https:\/\/contextoanalisisperiodistico.com\/wp-content\/uploads\/2023\/10\/IMG-20231030-WA0090.jpg",1280,853,false],"thumbnail":["https:\/\/contextoanalisisperiodistico.com\/wp-content\/uploads\/2023\/10\/IMG-20231030-WA0090-150x150.jpg",150,150,true],"medium":["https:\/\/contextoanalisisperiodistico.com\/wp-content\/uploads\/2023\/10\/IMG-20231030-WA0090-300x200.jpg",300,200,true],"medium_large":["https:\/\/contextoanalisisperiodistico.com\/wp-content\/uploads\/2023\/10\/IMG-20231030-WA0090-768x512.jpg",640,427,true],"large":["https:\/\/contextoanalisisperiodistico.com\/wp-content\/uploads\/2023\/10\/IMG-20231030-WA0090-1024x682.jpg",640,426,true],"1536x1536":["https:\/\/contextoanalisisperiodistico.com\/wp-content\/uploads\/2023\/10\/IMG-20231030-WA0090.jpg",1280,853,false],"2048x2048":["https:\/\/contextoanalisisperiodistico.com\/wp-content\/uploads\/2023\/10\/IMG-20231030-WA0090.jpg",1280,853,false],"covernews-slider-full":["https:\/\/contextoanalisisperiodistico.com\/wp-content\/uploads\/2023\/10\/IMG-20231030-WA0090-1115x715.jpg",1115,715,true],"covernews-slider-center":["https:\/\/contextoanalisisperiodistico.com\/wp-content\/uploads\/2023\/10\/IMG-20231030-WA0090-800x500.jpg",800,500,true],"covernews-featured":["https:\/\/contextoanalisisperiodistico.com\/wp-content\/uploads\/2023\/10\/IMG-20231030-WA0090-1024x682.jpg",1024,682,true],"covernews-medium":["https:\/\/contextoanalisisperiodistico.com\/wp-content\/uploads\/2023\/10\/IMG-20231030-WA0090-540x340.jpg",540,340,true],"covernews-medium-square":["https:\/\/contextoanalisisperiodistico.com\/wp-content\/uploads\/2023\/10\/IMG-20231030-WA0090-400x250.jpg",400,250,true]},"author_info":{"display_name":"Mario Gir\u00f3n","author_link":"https:\/\/contextoanalisisperiodistico.com\/index.php\/author\/director\/"},"category_info":"<a href=\"https:\/\/contextoanalisisperiodistico.com\/index.php\/category\/politica\/\" rel=\"category tag\">Pol\u00edtica<\/a>","tag_info":"Pol\u00edtica","comment_count":"0","jetpack_featured_media_url":"https:\/\/contextoanalisisperiodistico.com\/wp-content\/uploads\/2023\/10\/IMG-20231030-WA0090.jpg","_links":{"self":[{"href":"https:\/\/contextoanalisisperiodistico.com\/index.php\/wp-json\/wp\/v2\/posts\/20623"}],"collection":[{"href":"https:\/\/contextoanalisisperiodistico.com\/index.php\/wp-json\/wp\/v2\/posts"}],"about":[{"href":"https:\/\/contextoanalisisperiodistico.com\/index.php\/wp-json\/wp\/v2\/types\/post"}],"author":[{"embeddable":true,"href":"https:\/\/contextoanalisisperiodistico.com\/index.php\/wp-json\/wp\/v2\/users\/4"}],"replies":[{"embeddable":true,"href":"https:\/\/contextoanalisisperiodistico.com\/index.php\/wp-json\/wp\/v2\/comments?post=20623"}],"version-history":[{"count":0,"href":"https:\/\/contextoanalisisperiodistico.com\/index.php\/wp-json\/wp\/v2\/posts\/20623\/revisions"}],"wp:featuredmedia":[{"embeddable":true,"href":"https:\/\/contextoanalisisperiodistico.com\/index.php\/wp-json\/wp\/v2\/media\/20617"}],"wp:attachment":[{"href":"https:\/\/contextoanalisisperiodistico.com\/index.php\/wp-json\/wp\/v2\/media?parent=20623"}],"wp:term":[{"taxonomy":"category","embeddable":true,"href":"https:\/\/contextoanalisisperiodistico.com\/index.php\/wp-json\/wp\/v2\/categories?post=20623"},{"taxonomy":"post_tag","embeddable":true,"href":"https:\/\/contextoanalisisperiodistico.com\/index.php\/wp-json\/wp\/v2\/tags?post=20623"}],"curies":[{"name":"wp","href":"https:\/\/api.w.org\/{rel}","templated":true}]}}