{"id":20609,"date":"2023-10-30T17:37:05","date_gmt":"2023-10-30T23:37:05","guid":{"rendered":"https:\/\/contextoanalisisperiodistico.com\/index.php\/2023\/10\/30\/con-apoyos-a-la-cultura-se-consolida-el-estado-de-bienestar-para-los-pueblos-salomon-jara\/"},"modified":"2023-10-30T17:37:05","modified_gmt":"2023-10-30T23:37:05","slug":"con-apoyos-a-la-cultura-se-consolida-el-estado-de-bienestar-para-los-pueblos-salomon-jara","status":"publish","type":"post","link":"https:\/\/contextoanalisisperiodistico.com\/index.php\/2023\/10\/30\/con-apoyos-a-la-cultura-se-consolida-el-estado-de-bienestar-para-los-pueblos-salomon-jara\/","title":{"rendered":"<em>Con apoyos a la cultura se consolida el estado de bienestar para los pueblos: Salom\u00f3n Jara<\/em>"},"content":{"rendered":"<div id=\"fb-root\"><\/div>\n\n<p>\u2022 El Gobernador entreg\u00f3 de manera simb\u00f3lica recursos por un mill\u00f3n 452 mil pesos en beneficio de 20 casas de la cultura y 20 casas del pueblo; de las cuales 31 se ubican dentro de los 100 Municipios Territorios Bienestar<\/p>\n\n\n\n<figure class=\"wp-block-image size-large\"><img fetchpriority=\"high\" decoding=\"async\" width=\"1024\" height=\"682\" src=\"https:\/\/contextoanalisisperiodistico.com\/wp-content\/uploads\/2023\/10\/img-20231030-wa00713819784216109895317-1024x682.jpg\" alt=\"\" class=\"wp-image-20604\" srcset=\"https:\/\/contextoanalisisperiodistico.com\/wp-content\/uploads\/2023\/10\/img-20231030-wa00713819784216109895317-1024x682.jpg 1024w, https:\/\/contextoanalisisperiodistico.com\/wp-content\/uploads\/2023\/10\/img-20231030-wa00713819784216109895317-300x200.jpg 300w, https:\/\/contextoanalisisperiodistico.com\/wp-content\/uploads\/2023\/10\/img-20231030-wa00713819784216109895317-768x512.jpg 768w, https:\/\/contextoanalisisperiodistico.com\/wp-content\/uploads\/2023\/10\/img-20231030-wa00713819784216109895317-1536x1023.jpg 1536w, https:\/\/contextoanalisisperiodistico.com\/wp-content\/uploads\/2023\/10\/img-20231030-wa00713819784216109895317.jpg 1600w\" sizes=\"(max-width: 1024px) 100vw, 1024px\" \/><\/figure>\n\n\n\n<figure class=\"wp-block-image\"><img decoding=\"async\" width=\"1024\" height=\"682\" src=\"https:\/\/contextoanalisisperiodistico.com\/wp-content\/uploads\/2023\/10\/img-20231030-wa00661571003052896194849-1024x682.jpg\" alt=\"\" class=\"wp-image-20605\" srcset=\"https:\/\/contextoanalisisperiodistico.com\/wp-content\/uploads\/2023\/10\/img-20231030-wa00661571003052896194849-1024x682.jpg 1024w, https:\/\/contextoanalisisperiodistico.com\/wp-content\/uploads\/2023\/10\/img-20231030-wa00661571003052896194849-300x200.jpg 300w, https:\/\/contextoanalisisperiodistico.com\/wp-content\/uploads\/2023\/10\/img-20231030-wa00661571003052896194849-768x512.jpg 768w, https:\/\/contextoanalisisperiodistico.com\/wp-content\/uploads\/2023\/10\/img-20231030-wa00661571003052896194849-1536x1023.jpg 1536w, https:\/\/contextoanalisisperiodistico.com\/wp-content\/uploads\/2023\/10\/img-20231030-wa00661571003052896194849.jpg 1600w\" sizes=\"(max-width: 1024px) 100vw, 1024px\" \/><\/figure>\n\n\n\n<figure class=\"wp-block-image\"><img decoding=\"async\" width=\"1024\" height=\"682\" src=\"https:\/\/contextoanalisisperiodistico.com\/wp-content\/uploads\/2023\/10\/img-20231030-wa0069841148522780474578-1024x682.jpg\" alt=\"\" class=\"wp-image-20606\" srcset=\"https:\/\/contextoanalisisperiodistico.com\/wp-content\/uploads\/2023\/10\/img-20231030-wa0069841148522780474578-1024x682.jpg 1024w, https:\/\/contextoanalisisperiodistico.com\/wp-content\/uploads\/2023\/10\/img-20231030-wa0069841148522780474578-300x200.jpg 300w, https:\/\/contextoanalisisperiodistico.com\/wp-content\/uploads\/2023\/10\/img-20231030-wa0069841148522780474578-768x512.jpg 768w, https:\/\/contextoanalisisperiodistico.com\/wp-content\/uploads\/2023\/10\/img-20231030-wa0069841148522780474578-1536x1023.jpg 1536w, https:\/\/contextoanalisisperiodistico.com\/wp-content\/uploads\/2023\/10\/img-20231030-wa0069841148522780474578.jpg 1600w\" sizes=\"(max-width: 1024px) 100vw, 1024px\" \/><\/figure>\n\n\n\n<figure class=\"wp-block-image\"><img loading=\"lazy\" decoding=\"async\" width=\"1024\" height=\"682\" src=\"https:\/\/contextoanalisisperiodistico.com\/wp-content\/uploads\/2023\/10\/img-20231030-wa00704553796978424112101-1024x682.jpg\" alt=\"\" class=\"wp-image-20608\" srcset=\"https:\/\/contextoanalisisperiodistico.com\/wp-content\/uploads\/2023\/10\/img-20231030-wa00704553796978424112101-1024x682.jpg 1024w, https:\/\/contextoanalisisperiodistico.com\/wp-content\/uploads\/2023\/10\/img-20231030-wa00704553796978424112101-300x200.jpg 300w, https:\/\/contextoanalisisperiodistico.com\/wp-content\/uploads\/2023\/10\/img-20231030-wa00704553796978424112101-768x512.jpg 768w, https:\/\/contextoanalisisperiodistico.com\/wp-content\/uploads\/2023\/10\/img-20231030-wa00704553796978424112101-1536x1023.jpg 1536w, https:\/\/contextoanalisisperiodistico.com\/wp-content\/uploads\/2023\/10\/img-20231030-wa00704553796978424112101.jpg 1600w\" sizes=\"(max-width: 1024px) 100vw, 1024px\" \/><\/figure>\n\n\n\n<figure class=\"wp-block-image\"><img loading=\"lazy\" decoding=\"async\" width=\"1024\" height=\"682\" src=\"https:\/\/contextoanalisisperiodistico.com\/wp-content\/uploads\/2023\/10\/img-20231030-wa00676061713081136296724-1024x682.jpg\" alt=\"\" class=\"wp-image-20607\" srcset=\"https:\/\/contextoanalisisperiodistico.com\/wp-content\/uploads\/2023\/10\/img-20231030-wa00676061713081136296724-1024x682.jpg 1024w, https:\/\/contextoanalisisperiodistico.com\/wp-content\/uploads\/2023\/10\/img-20231030-wa00676061713081136296724-300x200.jpg 300w, https:\/\/contextoanalisisperiodistico.com\/wp-content\/uploads\/2023\/10\/img-20231030-wa00676061713081136296724-768x512.jpg 768w, https:\/\/contextoanalisisperiodistico.com\/wp-content\/uploads\/2023\/10\/img-20231030-wa00676061713081136296724-1536x1023.jpg 1536w, https:\/\/contextoanalisisperiodistico.com\/wp-content\/uploads\/2023\/10\/img-20231030-wa00676061713081136296724.jpg 1600w\" sizes=\"(max-width: 1024px) 100vw, 1024px\" \/><\/figure>\n\n\n\n<p>Oaxaca de Ju\u00e1rez, Oax. 30 de octubre de 2023.- El Gobernador del Estado Salom\u00f3n Jara Cruz entreg\u00f3 a autoridades municipales, de manera simb\u00f3lica, recursos por un mill\u00f3n 452 mil pesos para 20 casas de la cultura y 20 casas del pueblo para fortalecer la identidad y expresiones art\u00edsticas de las comunidades oaxaque\u00f1as.<\/p>\n\n\n\n<p>Explic\u00f3 que 17 casas de la cultura y 14 casas del pueblo beneficiadas forman parte de los 100 Municipios Territorios Bienestar en los que se realiza un trabajo intensivo de reducci\u00f3n de carencias sociales.<\/p>\n\n\n\n<p>El Mandatario estatal dijo que el monto de los recursos se increment\u00f3 este a\u00f1o con 200 mil pesos m\u00e1s para las casas de la cultura y 300 mil para las casas del pueblo.<\/p>\n\n\n\n<p>Acompa\u00f1ado por el secretario de las Culturas y Artes (Seculta), V\u00edctor Cata, dijo que se forja la gran transformaci\u00f3n del estado en un nuevo pacto social con paz y justicia y la Primavera Oaxaque\u00f1a florece con la cultura, que es el espejo donde se refleja la grandeza de la entidad.<\/p>\n\n\n\n<p>El titular del Poder Ejecutivo entreg\u00f3 los recursos a autoridades municipales de San Agust\u00edn Tlacotepec, Martha Bautista Z\u00e1mano; San Mateo del Mar, Ra\u00fal Rangel Gonz\u00e1lez; San Pedro Huilotepec, Yesenia Ortiz M\u00e9ndez; Santo Domingo Petapa, Jos\u00e9 Manuel Guzm\u00e1n Garc\u00eda; Zimatl\u00e1n de \u00c1lvarez, Jos\u00e9 Luis Salvador Mart\u00ednez; San Vicente Coatl\u00e1n, Luciano Osorio Ruiz y a representantes de Santo Domingo Ixcatl\u00e1n y Putla Villa de Guerrero.<\/p>\n\n\n\n<p>El Gobierno de Oaxaca fortalece las pol\u00edticas p\u00fablicas en la materia y brinda los recursos necesarios para apuntalar la tarea que realizan diariamente estos espacios de promoci\u00f3n de la cultura en el estado, indic\u00f3.<\/p>\n\n\n\n<p>Este sistema se cre\u00f3 entre 1986 y 1992. En 2023 los recursos se entregaron con base en el an\u00e1lisis de un jurado, para proyectos que fortalezcan el tejido social, la conservaci\u00f3n, el fomento del patrimonio cultural y la salvaguarda de los saberes y pr\u00e1cticas tradicionales.<\/p>\n\n\n\n<p>Jara Cruz indic\u00f3 que estas instituciones dan dinamismo a la vida cultural de los pueblos de Oaxaca y han aportado por d\u00e9cadas al desarrollo de las artes, son promotoras y divulgadoras del trabajo de personas creadoras y artistas.<\/p>\n\n\n\n<p>\u201cSon espacios donde el arte y la cultura abren caminos de di\u00e1logo, sensibilidad, solidaridad y humanismo. Oaxaca es el coraz\u00f3n cultural de M\u00e9xico, y eso, en mucho, se lo debemos a la tarea incansable de las casas de la cultura y de las casas del pueblo, cuyo trabajo ha transformado el rostro de nuestra tierra\u201d, explic\u00f3.<\/p>\n\n\n\n<p>Recalc\u00f3 que \u201cnuestra cultura es coraz\u00f3n y esencia de nuestra identidad, y con ella mi gobierno seguir\u00e1 construyendo un mejor destino para Oaxaca, con bienestar, humanismo, paz, educaci\u00f3n y justicia\u201d.<\/p>\n\n\n\n<p>A su vez, el secretario V\u00edctor Cata detall\u00f3 que cada a\u00f1o la Seculta recibe solicitudes para apoyos econ\u00f3micos de autoridades municipales destinados a las casas de la cultura y casas del pueblo y de esta manera impulsar proyectos que beneficien e impacten a las comunidades.<\/p>\n\n\n\n<p>Entre los proyectos que se apoyan se encuentran el Grupo Folcl\u00f3rico de Santiago Yaitepec, taller de tejido en telar de cintura en Santo Tom\u00e1s Ocotepec, instrumentos musicales y trajes regionales en varios municipios, Cineteco, Sala de Cine Comunitario en la Villa de Etla, fortalecimiento de la t\u00e9cnica alfarera en Santo Domingo Tomaltepec, taller de danza municipal en San Jos\u00e9 Tenango y rescate de lenguas y preservaci\u00f3n de m\u00fasica tradicional en diversas comunidades, entre otros.<\/p>\n\n\n\n<p>Las autoridades municipales agradecieron la entrega de los apoyos y destacaron la importancia de fortalecer la cultura de los pueblos, que han luchado a lo largo de los a\u00f1os por mantener su identidad y sus expresiones art\u00edsticas, preservando la diversidad y ra\u00edces ind\u00edgenas, sus fiestas, m\u00fasica, danzas, vestimentas, artesan\u00edas, comida tradicional y sus lenguas maternas.<\/p>\n\n\n\n<p>-0-<\/p>\n","protected":false},"excerpt":{"rendered":"<p>\u2022 El Gobernador entreg\u00f3 de manera simb\u00f3lica recursos por un mill\u00f3n 452 mil pesos en&#8230;<\/p>\n","protected":false},"author":4,"featured_media":20603,"comment_status":"","ping_status":"open","sticky":false,"template":"","format":"standard","meta":{"footnotes":""},"categories":[9],"tags":[],"jetpack_sharing_enabled":true,"featured_image_urls":{"full":["https:\/\/contextoanalisisperiodistico.com\/wp-content\/uploads\/2023\/10\/IMG-20231030-WA0068.jpg",1600,1066,false],"thumbnail":["https:\/\/contextoanalisisperiodistico.com\/wp-content\/uploads\/2023\/10\/IMG-20231030-WA0068-150x150.jpg",150,150,true],"medium":["https:\/\/contextoanalisisperiodistico.com\/wp-content\/uploads\/2023\/10\/IMG-20231030-WA0068-300x200.jpg",300,200,true],"medium_large":["https:\/\/contextoanalisisperiodistico.com\/wp-content\/uploads\/2023\/10\/IMG-20231030-WA0068-768x512.jpg",640,427,true],"large":["https:\/\/contextoanalisisperiodistico.com\/wp-content\/uploads\/2023\/10\/IMG-20231030-WA0068-1024x682.jpg",640,426,true],"1536x1536":["https:\/\/contextoanalisisperiodistico.com\/wp-content\/uploads\/2023\/10\/IMG-20231030-WA0068-1536x1023.jpg",1536,1023,true],"2048x2048":["https:\/\/contextoanalisisperiodistico.com\/wp-content\/uploads\/2023\/10\/IMG-20231030-WA0068.jpg",1600,1066,false],"covernews-slider-full":["https:\/\/contextoanalisisperiodistico.com\/wp-content\/uploads\/2023\/10\/IMG-20231030-WA0068-1115x715.jpg",1115,715,true],"covernews-slider-center":["https:\/\/contextoanalisisperiodistico.com\/wp-content\/uploads\/2023\/10\/IMG-20231030-WA0068-800x500.jpg",800,500,true],"covernews-featured":["https:\/\/contextoanalisisperiodistico.com\/wp-content\/uploads\/2023\/10\/IMG-20231030-WA0068-1024x682.jpg",1024,682,true],"covernews-medium":["https:\/\/contextoanalisisperiodistico.com\/wp-content\/uploads\/2023\/10\/IMG-20231030-WA0068-540x340.jpg",540,340,true],"covernews-medium-square":["https:\/\/contextoanalisisperiodistico.com\/wp-content\/uploads\/2023\/10\/IMG-20231030-WA0068-400x250.jpg",400,250,true]},"author_info":{"display_name":"Mario Gir\u00f3n","author_link":"https:\/\/contextoanalisisperiodistico.com\/index.php\/author\/director\/"},"category_info":"<a href=\"https:\/\/contextoanalisisperiodistico.com\/index.php\/category\/politica\/\" rel=\"category tag\">Pol\u00edtica<\/a>","tag_info":"Pol\u00edtica","comment_count":"0","jetpack_featured_media_url":"https:\/\/contextoanalisisperiodistico.com\/wp-content\/uploads\/2023\/10\/IMG-20231030-WA0068.jpg","_links":{"self":[{"href":"https:\/\/contextoanalisisperiodistico.com\/index.php\/wp-json\/wp\/v2\/posts\/20609"}],"collection":[{"href":"https:\/\/contextoanalisisperiodistico.com\/index.php\/wp-json\/wp\/v2\/posts"}],"about":[{"href":"https:\/\/contextoanalisisperiodistico.com\/index.php\/wp-json\/wp\/v2\/types\/post"}],"author":[{"embeddable":true,"href":"https:\/\/contextoanalisisperiodistico.com\/index.php\/wp-json\/wp\/v2\/users\/4"}],"replies":[{"embeddable":true,"href":"https:\/\/contextoanalisisperiodistico.com\/index.php\/wp-json\/wp\/v2\/comments?post=20609"}],"version-history":[{"count":0,"href":"https:\/\/contextoanalisisperiodistico.com\/index.php\/wp-json\/wp\/v2\/posts\/20609\/revisions"}],"wp:featuredmedia":[{"embeddable":true,"href":"https:\/\/contextoanalisisperiodistico.com\/index.php\/wp-json\/wp\/v2\/media\/20603"}],"wp:attachment":[{"href":"https:\/\/contextoanalisisperiodistico.com\/index.php\/wp-json\/wp\/v2\/media?parent=20609"}],"wp:term":[{"taxonomy":"category","embeddable":true,"href":"https:\/\/contextoanalisisperiodistico.com\/index.php\/wp-json\/wp\/v2\/categories?post=20609"},{"taxonomy":"post_tag","embeddable":true,"href":"https:\/\/contextoanalisisperiodistico.com\/index.php\/wp-json\/wp\/v2\/tags?post=20609"}],"curies":[{"name":"wp","href":"https:\/\/api.w.org\/{rel}","templated":true}]}}