{"id":20602,"date":"2023-10-30T14:09:36","date_gmt":"2023-10-30T20:09:36","guid":{"rendered":"https:\/\/contextoanalisisperiodistico.com\/index.php\/2023\/10\/30\/reconoce-gobernador-salomon-jara-a-personas-ganadoras-del-estimulo-pecda-2023\/"},"modified":"2023-10-30T14:09:36","modified_gmt":"2023-10-30T20:09:36","slug":"reconoce-gobernador-salomon-jara-a-personas-ganadoras-del-estimulo-pecda-2023","status":"publish","type":"post","link":"https:\/\/contextoanalisisperiodistico.com\/index.php\/2023\/10\/30\/reconoce-gobernador-salomon-jara-a-personas-ganadoras-del-estimulo-pecda-2023\/","title":{"rendered":"Reconoce Gobernador Salom\u00f3n Jara a personas ganadoras del est\u00edmulo PECDA 2023"},"content":{"rendered":"<div id=\"fb-root\"><\/div>\n\n<p>\u25cf Estos respaldos fueron reactivados por la Secretar\u00eda de las Culturas y Artes del Gobierno de Oaxaca tras dos a\u00f1os de estar suspendidos<\/p>\n\n\n\n<figure class=\"wp-block-image size-large\"><img fetchpriority=\"high\" decoding=\"async\" width=\"1024\" height=\"682\" src=\"https:\/\/contextoanalisisperiodistico.com\/wp-content\/uploads\/2023\/10\/img-20231030-wa00537250608279381279930-1024x682.jpg\" alt=\"\" class=\"wp-image-20601\" srcset=\"https:\/\/contextoanalisisperiodistico.com\/wp-content\/uploads\/2023\/10\/img-20231030-wa00537250608279381279930-1024x682.jpg 1024w, https:\/\/contextoanalisisperiodistico.com\/wp-content\/uploads\/2023\/10\/img-20231030-wa00537250608279381279930-300x200.jpg 300w, https:\/\/contextoanalisisperiodistico.com\/wp-content\/uploads\/2023\/10\/img-20231030-wa00537250608279381279930-768x512.jpg 768w, https:\/\/contextoanalisisperiodistico.com\/wp-content\/uploads\/2023\/10\/img-20231030-wa00537250608279381279930-1536x1023.jpg 1536w, https:\/\/contextoanalisisperiodistico.com\/wp-content\/uploads\/2023\/10\/img-20231030-wa00537250608279381279930.jpg 1600w\" sizes=\"(max-width: 1024px) 100vw, 1024px\" \/><\/figure>\n\n\n\n<p>Oaxaca de Ju\u00e1rez, Oax. 30 de octubre de 2023.- El Gobernador Salom\u00f3n Jara Cruz felicit\u00f3 y reconoci\u00f3 a 49 personas creadoras y ganadoras de los apoyos correspondientes al Programa de Est\u00edmulo a la Creaci\u00f3n y Desarrollo Art\u00edstico (PECDA) 2023, programa que despu\u00e9s de dos a\u00f1os de abandono se retom\u00f3.<\/p>\n\n\n\n<p>Durante la conferencia de prensa semanal encabezada por el Mandatario Estatal, el secretario de las Culturas y Artes V\u00edctor Cata explic\u00f3 que en este a\u00f1o la convocatoria se lanz\u00f3 en abril pasado para invitar a las y los creadores, as\u00ed como a artistas a participar. Dijo que no s\u00f3lo se recuperaron las becas, sino que se aument\u00f3 el monto y el n\u00famero de personas beneficiarias.<\/p>\n\n\n\n<p>Hizo hincapi\u00e9 en que la convocatoria de este a\u00f1o es el resultado de la suma de esfuerzos del Gobierno de Oaxaca, a trav\u00e9s de la Secretar\u00eda de las Culturas y Artes, y del Gobierno de M\u00e9xico. Este 2023, la coinversi\u00f3n fue de un mill\u00f3n 400 mil pesos, aportados por la federaci\u00f3n y la misma cantidad por el estatal, siendo un total de 2 millones 800 mil pesos.<\/p>\n\n\n\n<p>Con ello, 49 proyectos son apoyados en 10 disciplinas y cinco categor\u00edas, incluyendo dos nuevas: Adolescentes Creadores Nuevos Talentos y Difusi\u00f3n e Investigaci\u00f3n del Patrimonio Cultural y Ling\u00fc\u00edstico. Se record\u00f3 que la \u00faltima emisi\u00f3n del PECDA fue en 2021, con una coinversi\u00f3n federal y estatal de un mill\u00f3n 200 mil pesos por cada orden gubernamental; en ese a\u00f1o, se apoyaron 37 trabajos.<\/p>\n\n\n\n<p>Precis\u00f3 que desde 1993 este programa posibilita que la comunidad art\u00edstica pueda acceder a apoyos econ\u00f3micos para desarrollar proyectos enfocados a la producci\u00f3n, edici\u00f3n y difusi\u00f3n de obras a nivel individual o colectivo, as\u00ed como para apoyar la formaci\u00f3n art\u00edstica.<\/p>\n\n\n\n<p>Desde 2019, el Fondo Nacional para la Cultura y las Artes (Fonca) incorpora el PECDA a sus programas sustantivos, el cual est\u00e1 basado en un ejercicio de corresponsabilidad entre el gobierno federal y los estatales a trav\u00e9s de la conjunci\u00f3n de esfuerzos y recursos que permita el desarrollo de proyectos culturales y art\u00edsticos, con lo que se aseguran apoyos econ\u00f3micos para esta comunidad cuyo trabajo creativo contribuye a la consolidaci\u00f3n de la identidad y dignidad de los pueblos de Oaxaca y del pa\u00eds.<\/p>\n\n\n\n<p>Con la representaci\u00f3n de las personas creadoras beneficiadas asistieron: \u00c1ngel Emiliano Mart\u00ednez Reyes, con el proyecto Oaxaca entre chilenas, jarabes y sones en la categor\u00eda Adolescentes Creadores Nuevos Talentos; Siledy J. Garc\u00eda de la disciplina Arte Urbano con el proyecto Todas al muro, y Gerardo Robles Ju\u00e1rez de la categor\u00eda Creadores con Trayectoria con el trabajo El camino de las hojas.<\/p>\n\n\n\n<p>As\u00ed como Marisol Garc\u00eda Acevedo, Miriam Flores y Marbella Hern\u00e1ndez del Colectivo Hacer Tequio, de la disciplina Artes y Tradiciones Populares con el proyecto Memorias de un r\u00edo que no perece, Atoyac; y Salvador Sig\u00fcenza de la disciplina Investigaci\u00f3n del Patrimonio Cultural y Ling\u00fc\u00edstico, con el proyecto Lenguas, monumentos y alegor\u00edas de los pueblos originarios.<\/p>\n\n\n\n<p>-0-<\/p>\n","protected":false},"excerpt":{"rendered":"<p>\u25cf Estos respaldos fueron reactivados por la Secretar\u00eda de las Culturas y Artes del Gobierno&#8230;<\/p>\n","protected":false},"author":4,"featured_media":20600,"comment_status":"","ping_status":"open","sticky":false,"template":"","format":"standard","meta":{"footnotes":""},"categories":[9],"tags":[],"jetpack_sharing_enabled":true,"featured_image_urls":{"full":["https:\/\/contextoanalisisperiodistico.com\/wp-content\/uploads\/2023\/10\/IMG-20231030-WA0054.jpg",1600,1066,false],"thumbnail":["https:\/\/contextoanalisisperiodistico.com\/wp-content\/uploads\/2023\/10\/IMG-20231030-WA0054-150x150.jpg",150,150,true],"medium":["https:\/\/contextoanalisisperiodistico.com\/wp-content\/uploads\/2023\/10\/IMG-20231030-WA0054-300x200.jpg",300,200,true],"medium_large":["https:\/\/contextoanalisisperiodistico.com\/wp-content\/uploads\/2023\/10\/IMG-20231030-WA0054-768x512.jpg",640,427,true],"large":["https:\/\/contextoanalisisperiodistico.com\/wp-content\/uploads\/2023\/10\/IMG-20231030-WA0054-1024x682.jpg",640,426,true],"1536x1536":["https:\/\/contextoanalisisperiodistico.com\/wp-content\/uploads\/2023\/10\/IMG-20231030-WA0054-1536x1023.jpg",1536,1023,true],"2048x2048":["https:\/\/contextoanalisisperiodistico.com\/wp-content\/uploads\/2023\/10\/IMG-20231030-WA0054.jpg",1600,1066,false],"covernews-slider-full":["https:\/\/contextoanalisisperiodistico.com\/wp-content\/uploads\/2023\/10\/IMG-20231030-WA0054-1115x715.jpg",1115,715,true],"covernews-slider-center":["https:\/\/contextoanalisisperiodistico.com\/wp-content\/uploads\/2023\/10\/IMG-20231030-WA0054-800x500.jpg",800,500,true],"covernews-featured":["https:\/\/contextoanalisisperiodistico.com\/wp-content\/uploads\/2023\/10\/IMG-20231030-WA0054-1024x682.jpg",1024,682,true],"covernews-medium":["https:\/\/contextoanalisisperiodistico.com\/wp-content\/uploads\/2023\/10\/IMG-20231030-WA0054-540x340.jpg",540,340,true],"covernews-medium-square":["https:\/\/contextoanalisisperiodistico.com\/wp-content\/uploads\/2023\/10\/IMG-20231030-WA0054-400x250.jpg",400,250,true]},"author_info":{"display_name":"Mario Gir\u00f3n","author_link":"https:\/\/contextoanalisisperiodistico.com\/index.php\/author\/director\/"},"category_info":"<a href=\"https:\/\/contextoanalisisperiodistico.com\/index.php\/category\/politica\/\" rel=\"category tag\">Pol\u00edtica<\/a>","tag_info":"Pol\u00edtica","comment_count":"0","jetpack_featured_media_url":"https:\/\/contextoanalisisperiodistico.com\/wp-content\/uploads\/2023\/10\/IMG-20231030-WA0054.jpg","_links":{"self":[{"href":"https:\/\/contextoanalisisperiodistico.com\/index.php\/wp-json\/wp\/v2\/posts\/20602"}],"collection":[{"href":"https:\/\/contextoanalisisperiodistico.com\/index.php\/wp-json\/wp\/v2\/posts"}],"about":[{"href":"https:\/\/contextoanalisisperiodistico.com\/index.php\/wp-json\/wp\/v2\/types\/post"}],"author":[{"embeddable":true,"href":"https:\/\/contextoanalisisperiodistico.com\/index.php\/wp-json\/wp\/v2\/users\/4"}],"replies":[{"embeddable":true,"href":"https:\/\/contextoanalisisperiodistico.com\/index.php\/wp-json\/wp\/v2\/comments?post=20602"}],"version-history":[{"count":0,"href":"https:\/\/contextoanalisisperiodistico.com\/index.php\/wp-json\/wp\/v2\/posts\/20602\/revisions"}],"wp:featuredmedia":[{"embeddable":true,"href":"https:\/\/contextoanalisisperiodistico.com\/index.php\/wp-json\/wp\/v2\/media\/20600"}],"wp:attachment":[{"href":"https:\/\/contextoanalisisperiodistico.com\/index.php\/wp-json\/wp\/v2\/media?parent=20602"}],"wp:term":[{"taxonomy":"category","embeddable":true,"href":"https:\/\/contextoanalisisperiodistico.com\/index.php\/wp-json\/wp\/v2\/categories?post=20602"},{"taxonomy":"post_tag","embeddable":true,"href":"https:\/\/contextoanalisisperiodistico.com\/index.php\/wp-json\/wp\/v2\/tags?post=20602"}],"curies":[{"name":"wp","href":"https:\/\/api.w.org\/{rel}","templated":true}]}}