{"id":20283,"date":"2023-10-24T11:57:24","date_gmt":"2023-10-24T17:57:24","guid":{"rendered":"https:\/\/contextoanalisisperiodistico.com\/index.php\/2023\/10\/24\/reactivan-bloqueo-carretero-suspendidopaso-de-oaxaca-a-huajuapan-y-viceversa\/"},"modified":"2023-10-24T12:03:12","modified_gmt":"2023-10-24T18:03:12","slug":"reactivan-bloqueo-carretero-suspendidopaso-de-oaxaca-a-huajuapan-y-viceversa","status":"publish","type":"post","link":"https:\/\/contextoanalisisperiodistico.com\/index.php\/2023\/10\/24\/reactivan-bloqueo-carretero-suspendidopaso-de-oaxaca-a-huajuapan-y-viceversa\/","title":{"rendered":"Reactivan\u00a0 bloqueo carretero; suspendido <br>paso de Oaxaca a Huajuapan y viceversa"},"content":{"rendered":"<div id=\"fb-root\"><\/div>\n\n<p>* El cierre carretero, a la altura de la Y, desviaci\u00f3n a Tezoatl\u00e1n de Segura y Luna, encabezado por pobladores y autoridades auxiliares de tres agencias de San Andr\u00e9s Dinicuiti, acusan a la autoridad de la cabecera municipal por negarse a cumplir ocho acuerdos pactados y firmados en la secretar\u00eda de Gobierno, en donde se comprometen entregar a las agencias recursos para ejecuci\u00f3n de obras p\u00fablicas.<\/p>\n\n\n\n<p>Los responsables de este segundo episodio consecutivo de bloqueo carretero se\u00f1alan que los responsables que originaron el cierre del camino son: la presidenta municipal de San Andr\u00e9s Dinicuiti, Magali Santiago Lara; el S\u00edndico municipal, Villevaldo Herminio Ortiz, acusados por tres agencias de no cumplir acuerdos en materia de obras p\u00fablicas firmados en la secretar\u00eda de Gobierno.<\/p>\n\n\n\n<p>Contexto:<\/p>\n\n\n\n<p>El asesor de San Andr\u00e9s Dinicuiti, Ulises Toledo,&nbsp; adjudic\u00f3 de manera directa y sin expediente tecnico dos obras a sus constructores.<\/p>\n\n\n\n<p>Una de pavimentaci\u00f3n en la calle 16 de Septiembre de $965 000.00 y otra de drenaje pluvial&nbsp; de $725 000.00.<\/p>\n\n\n\n<p>Hoy, que las tres agencias demandantes de obras, por las cuales ya presentaron&nbsp; proyectos t\u00e9cnicos, presupuesto y&nbsp; actas de asambleas generales, no quieren&nbsp; hacer el tr\u00e1mite correspondiente, ya que mediante argucias, a toda costa, quieren imponer a sus constructores para segu\u00edr lucrando a costa de la necesidad de las comunidades pobres de esta cabecera municipal<\/p>\n\n\n\n<figure class=\"wp-block-video\"><video controls src=\"https:\/\/contextoanalisisperiodistico.com\/wp-content\/uploads\/2023\/10\/VID-20231024-WA0025.mp4\"><\/video><\/figure>\n","protected":false},"excerpt":{"rendered":"<p>* El cierre carretero, a la altura de la Y, desviaci\u00f3n a Tezoatl\u00e1n de Segura&#8230;<\/p>\n","protected":false},"author":4,"featured_media":20281,"comment_status":"closed","ping_status":"open","sticky":false,"template":"","format":"standard","meta":{"footnotes":""},"categories":[9],"tags":[],"jetpack_sharing_enabled":true,"featured_image_urls":{"full":["https:\/\/contextoanalisisperiodistico.com\/wp-content\/uploads\/2023\/10\/Screenshot_20231024_115334_Facebook.jpg",720,602,false],"thumbnail":["https:\/\/contextoanalisisperiodistico.com\/wp-content\/uploads\/2023\/10\/Screenshot_20231024_115334_Facebook-150x150.jpg",150,150,true],"medium":["https:\/\/contextoanalisisperiodistico.com\/wp-content\/uploads\/2023\/10\/Screenshot_20231024_115334_Facebook-300x251.jpg",300,251,true],"medium_large":["https:\/\/contextoanalisisperiodistico.com\/wp-content\/uploads\/2023\/10\/Screenshot_20231024_115334_Facebook.jpg",640,535,false],"large":["https:\/\/contextoanalisisperiodistico.com\/wp-content\/uploads\/2023\/10\/Screenshot_20231024_115334_Facebook.jpg",640,535,false],"1536x1536":["https:\/\/contextoanalisisperiodistico.com\/wp-content\/uploads\/2023\/10\/Screenshot_20231024_115334_Facebook.jpg",720,602,false],"2048x2048":["https:\/\/contextoanalisisperiodistico.com\/wp-content\/uploads\/2023\/10\/Screenshot_20231024_115334_Facebook.jpg",720,602,false],"covernews-slider-full":["https:\/\/contextoanalisisperiodistico.com\/wp-content\/uploads\/2023\/10\/Screenshot_20231024_115334_Facebook.jpg",720,602,false],"covernews-slider-center":["https:\/\/contextoanalisisperiodistico.com\/wp-content\/uploads\/2023\/10\/Screenshot_20231024_115334_Facebook-720x500.jpg",720,500,true],"covernews-featured":["https:\/\/contextoanalisisperiodistico.com\/wp-content\/uploads\/2023\/10\/Screenshot_20231024_115334_Facebook.jpg",720,602,false],"covernews-medium":["https:\/\/contextoanalisisperiodistico.com\/wp-content\/uploads\/2023\/10\/Screenshot_20231024_115334_Facebook-540x340.jpg",540,340,true],"covernews-medium-square":["https:\/\/contextoanalisisperiodistico.com\/wp-content\/uploads\/2023\/10\/Screenshot_20231024_115334_Facebook-400x250.jpg",400,250,true]},"author_info":{"display_name":"Mario Gir\u00f3n","author_link":"https:\/\/contextoanalisisperiodistico.com\/index.php\/author\/director\/"},"category_info":"<a href=\"https:\/\/contextoanalisisperiodistico.com\/index.php\/category\/politica\/\" rel=\"category tag\">Pol\u00edtica<\/a>","tag_info":"Pol\u00edtica","comment_count":"0","jetpack_featured_media_url":"https:\/\/contextoanalisisperiodistico.com\/wp-content\/uploads\/2023\/10\/Screenshot_20231024_115334_Facebook.jpg","_links":{"self":[{"href":"https:\/\/contextoanalisisperiodistico.com\/index.php\/wp-json\/wp\/v2\/posts\/20283"}],"collection":[{"href":"https:\/\/contextoanalisisperiodistico.com\/index.php\/wp-json\/wp\/v2\/posts"}],"about":[{"href":"https:\/\/contextoanalisisperiodistico.com\/index.php\/wp-json\/wp\/v2\/types\/post"}],"author":[{"embeddable":true,"href":"https:\/\/contextoanalisisperiodistico.com\/index.php\/wp-json\/wp\/v2\/users\/4"}],"replies":[{"embeddable":true,"href":"https:\/\/contextoanalisisperiodistico.com\/index.php\/wp-json\/wp\/v2\/comments?post=20283"}],"version-history":[{"count":1,"href":"https:\/\/contextoanalisisperiodistico.com\/index.php\/wp-json\/wp\/v2\/posts\/20283\/revisions"}],"predecessor-version":[{"id":20284,"href":"https:\/\/contextoanalisisperiodistico.com\/index.php\/wp-json\/wp\/v2\/posts\/20283\/revisions\/20284"}],"wp:featuredmedia":[{"embeddable":true,"href":"https:\/\/contextoanalisisperiodistico.com\/index.php\/wp-json\/wp\/v2\/media\/20281"}],"wp:attachment":[{"href":"https:\/\/contextoanalisisperiodistico.com\/index.php\/wp-json\/wp\/v2\/media?parent=20283"}],"wp:term":[{"taxonomy":"category","embeddable":true,"href":"https:\/\/contextoanalisisperiodistico.com\/index.php\/wp-json\/wp\/v2\/categories?post=20283"},{"taxonomy":"post_tag","embeddable":true,"href":"https:\/\/contextoanalisisperiodistico.com\/index.php\/wp-json\/wp\/v2\/tags?post=20283"}],"curies":[{"name":"wp","href":"https:\/\/api.w.org\/{rel}","templated":true}]}}